{"id":265593,"date":"2025-07-22T12:48:10","date_gmt":"2025-07-22T12:48:10","guid":{"rendered":"https:\/\/www.europesays.com\/fr\/265593\/"},"modified":"2025-07-22T12:48:10","modified_gmt":"2025-07-22T12:48:10","slug":"a-beziers-la-colere-des-habitants-apres-une-nuit-de-violences-cest-des-gamins-de-15-ans-qui-en-ont-marre-detre-controles-et-frappes-par-les-policiers-liberation","status":"publish","type":"post","link":"https:\/\/www.europesays.com\/fr\/265593\/","title":{"rendered":"A B\u00e9ziers, la col\u00e8re des habitants apr\u00e8s une nuit de violences : \u00abC\u2019est des gamins de 15 ans qui en ont marre d\u2019\u00eatre contr\u00f4l\u00e9s et frapp\u00e9s par les policiers &#8211; Lib\u00e9ration"},"content":{"rendered":"<ol>\n<li><a href=\"https:\/\/news.google.com\/rss\/articles\/CBMi1gJBVV95cUxNT3ZSYnpYUGZ6ZkNkNUJDU0RkUXZPTGdmeEF6M3BqajNFckZ1RmcwZUs0WWNkOVZFMnNBVGZ5RHc2Njdsak9UVUU3ejN2WDBQYXhkSnlEUXNUWnNia080TkxGNHNfM0R2QndkY1lMYUpFemtTTV9qRXFUalp6VTR1LWlBckp2Y1lwVTBtNi1xd0hoVUFTbmpET1ZxYWRaSzFyd2pVaVhUMlplVE5FLVRGTDNGNkMyZzJNVEFUYkYzNnBuN0NLcWJvVWxEaXdNVWRIalF6Nm1rSERlWEZZUllTUmZzZkFOZ1hFRUpFOFpYZndGRUNvR2RtQkpqZFJIc1FLVUl4eXJydjVhMWI0NkI2bS00QV8tYlZHdFVLM0txQURVYXJUdm5FOUFsLXJITmtNeTRRQVcyR1A5d0ZGNzlZVjgwY1NqUmFuRk41R0hfdFByMGVYeUE?oc=5\" target=\"_blank\" rel=\"noopener\">A B\u00e9ziers, la col\u00e8re des habitants apr\u00e8s une nuit de violences : \u00abC\u2019est des gamins de 15 ans qui en ont marre d\u2019\u00eatre contr\u00f4l\u00e9s et frapp\u00e9s par les policiers<\/a>&nbsp;&nbsp;Lib\u00e9ration<\/li>\n<li><a href=\"https:\/\/news.google.com\/rss\/articles\/CBMi7wFBVV95cUxQUzJIUlZmQmFtVmd1NUdVOU9oRDlCaGV4SWpLcG9JU3JRMXltSjh5akFEY2xWS2hQYjZDVXZYcTJ6NEhZb1VvTy0tSlJUSTZsMjZ5VXI0Y2pMTHhnemNMWjc2cFl3ai1Yd3VCdXJIcnVSb2NjMGYtRVczM1FJclI0djJud0ltQk9CRW5vSzFKY1JReW95MDB3eHc2VDNpOGw5SEkzbW9QSGN0aEJyTlNuR0l4aW14YXJRQmlGbjdpTFhtVy1aaWE3V3c1RUtrRHdEWHlGeDcxNEJCakxGaFRxNmhXNHJnRkxidmdBUjFzSQ?oc=5\" target=\"_blank\" rel=\"noopener\">\u00ab Samedi soir, il aurait pu y avoir des morts \u00bb : r\u00e9cit d\u2019une nuit de chaos \u00e0 B\u00e9ziers<\/a>&nbsp;&nbsp;Le Parisien<\/li>\n<li><a href=\"https:\/\/news.google.com\/rss\/articles\/CBMiiAJBVV95cUxNSFpjWXgyMFp3Y2xLYXp1aldnbTVTck9jUE41Wk5yNU02aGJJZDFtejZxLXFsMXhxTHkwMER6U3BhSUttZU9rcWgyZEo0QTUwQTBsc1YtVnhxQzlwN0VGOURDMk5WVmFXenVLcEIyd3FmcHRleXota3ZkT1AwRkRieHBsUDN1c0tFaVpKbzRCZDZjdlo1aVJId3l0Vl9CdDQzb0FPQ2lxaHhGV3FOSFQ1MC1HVmJZcW5hZE5Lbno5dGtyN1BIY0NWVzVzWGJGSTU1aDdxSUxjYlBJSGdUS1FHQ24wZ2hHaXZjcTRfQVUxZ3VYOFVSbGE5Yjk1ek9ibE9zVEw2Q3U4bm4?oc=5\" target=\"_blank\" rel=\"noopener\">Les infos de 6h &#8211; B\u00e9ziers : \u00ab\u00a0Je ne peux pas sortir avec mes enfants\u00a0\u00bb, les habitants perplexes malgr\u00e9 le d\u00e9ploiement de la CRS 81<\/a>&nbsp;&nbsp;RTL.fr<\/li>\n<li><a href=\"https:\/\/news.google.com\/rss\/articles\/CBMi6wFBVV95cUxOOW9fTmhtRDg2R1FGdEVHa1hLZWtLRlFuUno5VmlsdUNybWgwdzdKNGdpdVNiNjk2XzJ2ZDR4d2tZR21DSlZVX1VGOEhjOEpoNXdMalJ1UDFNdXk1UVo4bHZoODhibElYZ3VKYjNCTVBfRk9LbUJickI0Z3A5cS1UaFdEREtzV0lUQ2J2UWNfOGRfd1dwbkxGcHJfR19vbWdrNGttcmpNNDBSbVhWS19rbFBka09NVGZoM0plM1R6N2FnNFR3Z1ZLZGFmQU9lbDBBX3cxc2MySkc3c1lJb3J5bHN1RTFyZk0xcENZ?oc=5\" target=\"_blank\" rel=\"noopener\">Violences \u00e0 B\u00e9ziers: le maire Robert M\u00e9nard affirme qu'\u00a0\u00bbil est hors de question de baisser les bras\u00a0\u00bb<\/a>&nbsp;&nbsp;BFMTV<\/li>\n<li><a href=\"https:\/\/news.google.com\/rss\/articles\/CBMi6gFBVV95cUxOR0p3b01UMWhDbnUwYzVYdEQwbWh4U1BtbkNTbFI1UXlBTXRRcWVMYmx1ckNRQTVRajc5M3RqSkFKcVJNbkczY2s4MDREYmh2RmZWUWZ2Vk8tUW0wNUJLa0dSb1JuaDVqV29jZUZPT3R0ZzBMZVpRMFduajBMQXp4UUxiVUwtc3ZrWkJSOENEeVBkWHprSUVLMkh2ZlZHWkpjdW03dnlLY0t2Tl8wenR4V0l6cW5fYnlMMVB0Znd1YWl5aWxqeGNBR0dNdVdGNmFzNXlUa0xIR3p4azNORHVGNTduM0VLUHIwUHc?oc=5\" target=\"_blank\" rel=\"noopener\">Violences \u00e0 La Dev\u00e8ze \u00e0 B\u00e9ziers, les d\u00e9clarations du procureur : \u00ab\u00a0S\u2019il n\u2019y avait plus de consommation d\u2019alcool et de drogue, je serais quasiment au ch\u00f4mage\u00a0\u00bb<\/a>&nbsp;&nbsp;Midi Libre<\/li>\n<\/ol>\n","protected":false},"excerpt":{"rendered":"A B\u00e9ziers, la col\u00e8re des habitants apr\u00e8s une nuit de violences : \u00abC\u2019est des gamins de 15 ans&hellip;\n","protected":false},"author":2,"featured_media":265594,"comment_status":"","ping_status":"","sticky":false,"template":"","format":"standard","meta":{"footnotes":""},"categories":[2],"tags":[11,37552,1011,27,8721,12,25,19838],"class_list":{"0":"post-265593","1":"post","2":"type-post","3":"status-publish","4":"format-standard","5":"has-post-thumbnail","7":"category-actualites","8":"tag-actualites","9":"tag-beziers","10":"tag-fr","11":"tag-france","12":"tag-narcotrafic","13":"tag-news","14":"tag-republique-francaise","15":"tag-robert-menard"},"share_on_mastodon":{"url":"https:\/\/pubeurope.com\/@fr\/114896968363787137","error":""},"_links":{"self":[{"href":"https:\/\/www.europesays.com\/fr\/wp-json\/wp\/v2\/posts\/265593","targetHints":{"allow":["GET"]}}],"collection":[{"href":"https:\/\/www.europesays.com\/fr\/wp-json\/wp\/v2\/posts"}],"about":[{"href":"https:\/\/www.europesays.com\/fr\/wp-json\/wp\/v2\/types\/post"}],"author":[{"embeddable":true,"href":"https:\/\/www.europesays.com\/fr\/wp-json\/wp\/v2\/users\/2"}],"replies":[{"embeddable":true,"href":"https:\/\/www.europesays.com\/fr\/wp-json\/wp\/v2\/comments?post=265593"}],"version-history":[{"count":0,"href":"https:\/\/www.europesays.com\/fr\/wp-json\/wp\/v2\/posts\/265593\/revisions"}],"wp:featuredmedia":[{"embeddable":true,"href":"https:\/\/www.europesays.com\/fr\/wp-json\/wp\/v2\/media\/265594"}],"wp:attachment":[{"href":"https:\/\/www.europesays.com\/fr\/wp-json\/wp\/v2\/media?parent=265593"}],"wp:term":[{"taxonomy":"category","embeddable":true,"href":"https:\/\/www.europesays.com\/fr\/wp-json\/wp\/v2\/categories?post=265593"},{"taxonomy":"post_tag","embeddable":true,"href":"https:\/\/www.europesays.com\/fr\/wp-json\/wp\/v2\/tags?post=265593"}],"curies":[{"name":"wp","href":"https:\/\/api.w.org\/{rel}","templated":true}]}}