{"id":265597,"date":"2025-07-22T12:50:09","date_gmt":"2025-07-22T12:50:09","guid":{"rendered":"https:\/\/www.europesays.com\/fr\/265597\/"},"modified":"2025-07-22T12:50:09","modified_gmt":"2025-07-22T12:50:09","slug":"un-nouveau-format-et-un-grand-nom-au-programme-de-la-biarritz-cup","status":"publish","type":"post","link":"https:\/\/www.europesays.com\/fr\/265597\/","title":{"rendered":"un nouveau format et un grand nom au programme de la Biarritz Cup"},"content":{"rendered":"<p>Si la Biarritz Cup by C &amp; S Partners a d\u00e9marr\u00e9 samedi, le gratin n\u2019est attendu qu\u2019\u00e0 partir de ce vendredi au golf de Biarritz pour la premi\u00e8re s\u00e9rie. Pour la toute premi\u00e8re fois de son Histoire, la plus ancienne comp\u00e9tition d\u2019Europe continentale va accueillir des professionnels.<\/p>\n<p>En effet, pour attirer de meilleurs amateurs, l\u2019Association Sportive des Golfs de Biarritz, organisatrice de l\u2019\u00e9v\u00e9nement, a d\u00e9cid\u00e9 d\u2019innover en cr\u00e9ant une comp\u00e9tition unique m\u00ealant 60 amateurs de tr\u00e8s haut niveau et autant de joueurs de l\u2019Alps Tour, la troisi\u00e8me division professionnelle europ\u00e9enne.<\/p>\n<blockquote><p>\u00ab\u00a0On retrouve un niveau que l\u2019on avait dans les ann\u00e9es 2000-2010\u00a0\u00bb<\/p><\/blockquote>\n<p>\u00ab\u00a0\u00c7a se pr\u00e9sente bien car on a un tr\u00e8s beau plateau en premi\u00e8re s\u00e9rie, se r\u00e9jouit Philippe Sabarros, pr\u00e9sident de l\u2019association. L\u2019objectif, c\u2019\u00e9tait de relever le niveau amateur. L\u2019an dernier, on avait deux joueurs parmi les 50 premiers fran\u00e7ais, maintenant on en a\u00a020. On a trois jeunes de l\u2019\u00e9quipe de France aussi. On a un spectacle \u00e0 pr\u00e9senter qui est digne de ce qu\u2019est la Biarritz Cup. On retrouve un niveau que l\u2019on avait dans les ann\u00e9es 2000-2010.\u00a0\u00bb<\/p>\n<p>Il sort de sa retraite<\/p>\n<p>En plus de cette nouveaut\u00e9, qui va permettre de suivre de nombreux Biarrots pros et amateurs, les spectateurs auront la grande chance de voir jouer Victor Dubuisson. Meilleur fran\u00e7ais de l\u2019histoire au classement mondial, le Cannois de 35\u00a0ans avait d\u00e9cid\u00e9 de prendre sa retraite en 2023.<\/p>\n<p>Il n\u2019a plus jou\u00e9 en comp\u00e9tition depuis mais a accept\u00e9 une invitation de son ami et sponsor titre, G\u00e9rald Bouhourd. \u00ab\u00a0C\u2019est mieux que la cerise sur le g\u00e2teau, sourit Philippe Sabarros. Pour les amateurs comme les n\u00e9opros, Victor Dubuisson est une source de motivation incroyable. On est \u00e9videmment tr\u00e8s honor\u00e9 de sa pr\u00e9sence, et heureux de le revoir jouer.\u00a0\u00bb<\/p>\n<p>\u00ab\u00a0Un champ s\u00e9lectif\u00a0\u00bb<\/p>\n<p>D\u2019un point de vue technique, les 120 joueurs ont rendez-vous \u00e0 partir de vendredi matin pour le premier tour. Ils encha\u00eeneront le lendemain avec le deuxi\u00e8me. Les 30 meilleurs professionnels ainsi que tous les amateurs, \u00e0 \u00e9galit\u00e9 avec les pros, seront qualifi\u00e9s pour la troisi\u00e8me et derni\u00e8re journ\u00e9e, dimanche.<\/p>\n<p>\u00ab\u00a0C\u2019est un \u00e9change de gagnant-gagnant, il y a plein de professionnels qui sont tellement contents de revenir jouer ici \u00e0 Biarritz. Ce champ est s\u00e9lectif pour les amateurs et pour les pros. Tout le monde va se tirer vers le haut, les pros ne voudront pas se faire battre par les amateurs, le spectacle sera de tr\u00e8s grande qualit\u00e9\u00a0\u00bb. Dans le m\u00eame temps, 36 golfeuses d\u2019\u00e9lite, toutes amateures, se disputeront dans le m\u00eame format la comp\u00e9tition f\u00e9minine.<\/p>\n<p>Outre l\u2019aspect sportif, l\u2019association a voulu donner un caract\u00e8re caritatif \u00e0 l\u2019\u00e9v\u00e9nement. Une tombola et une vente aux ench\u00e8res seront organis\u00e9es ce samedi (18\u00a0heures) au profit de France Alzheimer 64.<\/p>\n<p>    Un nouveau directeur nomm\u00e9<br \/>\nAvec le d\u00e9part de son directeur St\u00e9phane Turin, la Soci\u00e9t\u00e9 des Golfs de Biarritz s\u2019\u00e9tait mise en qu\u00eate d\u2019un nouvel homme fort. Elle a trouv\u00e9 son bonheur, non loin de l\u00e0, en la personne de St\u00e9phane Flamand, actuel directeur du golf du Makila de Bassussarry. Ce Lyonnais de 55\u00a0ans a notamment dirig\u00e9 par le pass\u00e9 le golf du Gouverneur et du golf de La Bresse.<\/p>\n","protected":false},"excerpt":{"rendered":"Si la Biarritz Cup by C &amp; S Partners a d\u00e9marr\u00e9 samedi, le gratin n\u2019est attendu qu\u2019\u00e0 partir&hellip;\n","protected":false},"author":2,"featured_media":265598,"comment_status":"","ping_status":"","sticky":false,"template":"","format":"standard","meta":{"footnotes":""},"categories":[1418],"tags":[1011,27,1472,60],"class_list":{"0":"post-265597","1":"post","2":"type-post","3":"status-publish","4":"format-standard","5":"has-post-thumbnail","7":"category-golf","8":"tag-fr","9":"tag-france","10":"tag-golf","11":"tag-sports"},"share_on_mastodon":{"url":"https:\/\/pubeurope.com\/@fr\/114896976171774134","error":""},"_links":{"self":[{"href":"https:\/\/www.europesays.com\/fr\/wp-json\/wp\/v2\/posts\/265597","targetHints":{"allow":["GET"]}}],"collection":[{"href":"https:\/\/www.europesays.com\/fr\/wp-json\/wp\/v2\/posts"}],"about":[{"href":"https:\/\/www.europesays.com\/fr\/wp-json\/wp\/v2\/types\/post"}],"author":[{"embeddable":true,"href":"https:\/\/www.europesays.com\/fr\/wp-json\/wp\/v2\/users\/2"}],"replies":[{"embeddable":true,"href":"https:\/\/www.europesays.com\/fr\/wp-json\/wp\/v2\/comments?post=265597"}],"version-history":[{"count":0,"href":"https:\/\/www.europesays.com\/fr\/wp-json\/wp\/v2\/posts\/265597\/revisions"}],"wp:featuredmedia":[{"embeddable":true,"href":"https:\/\/www.europesays.com\/fr\/wp-json\/wp\/v2\/media\/265598"}],"wp:attachment":[{"href":"https:\/\/www.europesays.com\/fr\/wp-json\/wp\/v2\/media?parent=265597"}],"wp:term":[{"taxonomy":"category","embeddable":true,"href":"https:\/\/www.europesays.com\/fr\/wp-json\/wp\/v2\/categories?post=265597"},{"taxonomy":"post_tag","embeddable":true,"href":"https:\/\/www.europesays.com\/fr\/wp-json\/wp\/v2\/tags?post=265597"}],"curies":[{"name":"wp","href":"https:\/\/api.w.org\/{rel}","templated":true}]}}