{"id":265608,"date":"2025-07-22T12:58:11","date_gmt":"2025-07-22T12:58:11","guid":{"rendered":"https:\/\/www.europesays.com\/fr\/265608\/"},"modified":"2025-07-22T12:58:11","modified_gmt":"2025-07-22T12:58:11","slug":"girondins-jan-hoekstra-present-au-haillan","status":"publish","type":"post","link":"https:\/\/www.europesays.com\/fr\/265608\/","title":{"rendered":"Girondins : Jan Hoekstra pr\u00e9sent au Haillan"},"content":{"rendered":"<p><img decoding=\"async\" src=\"https:\/\/www.europesays.com\/fr\/wp-content\/uploads\/2025\/07\/671_a459e8e00dd3b3aa12a8f1c229a6aa2b.jpg\" alt=\"Girondins : Jan Hoekstra pr\u00e9sent au Haillan\" class=\"img-responsive mt-3\"\/><\/p>\n<p class=\"text-center mb-3\" style=\"font-size: 14px\">\u00a9 Iconsport<\/p>\n<p style=\"text-align: justify;\">Jan Hoekstra est un joueur des Girondins de Bordeaux m\u00eame si le club ne l&rsquo;a pas officialis\u00e9.<\/p>\n<p style=\"text-align: justify;\">Le gardien n\u00e9erlandais de 26 ans (2,00m) a assist\u00e9 du bord du terrain \u00e0 la s\u00e9ance d&rsquo;entra\u00eenement de ses co\u00e9quipiers. En tenue, il n\u2019a pas particip\u00e9. Il arrive de deuxi\u00e8me division aux Pays-Bas. Il \u00e9voluait dans le club du FC Emmen.<\/p>\n<p style=\"text-align: justify;\">De son c\u00f4t\u00e9 Lassana Diabat\u00e9 n&rsquo;est pas sorti sur le terrain. Avec l&rsquo;arriv\u00e9e d&rsquo;Agossa et d&rsquo;Hoekstra, on se dirige vers un d\u00e9part dans les prochains jours ou semaines du gardien titulaire la saison derni\u00e8re.<\/p>\n<p>\u00a0<\/p>\n<p>\u00a0<\/p>\n<p style=\"text-align: justify;\">\u00c9coutez la r\u00e9action de <a href=\"https:\/\/www.webgirondins.com\/actualite-girondins-girondins-luderic-etonde-l-atmosphere-est-incroyable-129791\" target=\"_blank\" rel=\"noopener\">Lud\u00e9ric \u00c9tonde<\/a> (buteur bordelais) apr\u00e8s la rencontre face \u00e0 Cannes :<\/p>\n<p>N.P<\/p>\n","protected":false},"excerpt":{"rendered":"\u00a9 Iconsport Jan Hoekstra est un joueur des Girondins de Bordeaux m\u00eame si le club ne l&rsquo;a pas&hellip;\n","protected":false},"author":2,"featured_media":265609,"comment_status":"","ping_status":"","sticky":false,"template":"","format":"standard","meta":{"footnotes":""},"categories":[1410],"tags":[40518,63,1011,27,8772,1987,6776,40516,40514,4564,9778,4659,40515,40517,3745,6775,8995,6765,60,21126],"class_list":{"0":"post-265608","1":"post","2":"type-post","3":"status-publish","4":"format-standard","5":"has-post-thumbnail","7":"category-football","8":"tag-coequipiers","9":"tag-football","10":"tag-fr","11":"tag-france","12":"tag-gardien","13":"tag-girondins","14":"tag-haillan","15":"tag-heokstra","16":"tag-hoekstra","17":"tag-mais","18":"tag-mardi","19":"tag-matin","20":"tag-neerlandais","21":"tag-observe","22":"tag-participe","23":"tag-plaine","24":"tag-present","25":"tag-seance","26":"tag-sports","27":"tag-tenue"},"share_on_mastodon":{"url":"https:\/\/pubeurope.com\/@fr\/114897008256680245","error":""},"_links":{"self":[{"href":"https:\/\/www.europesays.com\/fr\/wp-json\/wp\/v2\/posts\/265608","targetHints":{"allow":["GET"]}}],"collection":[{"href":"https:\/\/www.europesays.com\/fr\/wp-json\/wp\/v2\/posts"}],"about":[{"href":"https:\/\/www.europesays.com\/fr\/wp-json\/wp\/v2\/types\/post"}],"author":[{"embeddable":true,"href":"https:\/\/www.europesays.com\/fr\/wp-json\/wp\/v2\/users\/2"}],"replies":[{"embeddable":true,"href":"https:\/\/www.europesays.com\/fr\/wp-json\/wp\/v2\/comments?post=265608"}],"version-history":[{"count":0,"href":"https:\/\/www.europesays.com\/fr\/wp-json\/wp\/v2\/posts\/265608\/revisions"}],"wp:featuredmedia":[{"embeddable":true,"href":"https:\/\/www.europesays.com\/fr\/wp-json\/wp\/v2\/media\/265609"}],"wp:attachment":[{"href":"https:\/\/www.europesays.com\/fr\/wp-json\/wp\/v2\/media?parent=265608"}],"wp:term":[{"taxonomy":"category","embeddable":true,"href":"https:\/\/www.europesays.com\/fr\/wp-json\/wp\/v2\/categories?post=265608"},{"taxonomy":"post_tag","embeddable":true,"href":"https:\/\/www.europesays.com\/fr\/wp-json\/wp\/v2\/tags?post=265608"}],"curies":[{"name":"wp","href":"https:\/\/api.w.org\/{rel}","templated":true}]}}