{"id":265610,"date":"2025-07-22T12:59:09","date_gmt":"2025-07-22T12:59:09","guid":{"rendered":"https:\/\/www.europesays.com\/fr\/265610\/"},"modified":"2025-07-22T12:59:09","modified_gmt":"2025-07-22T12:59:09","slug":"george-12-ans-et-gentleman-farmer-kate-et-william-devoilent-un-nouveau-cliche-officiel","status":"publish","type":"post","link":"https:\/\/www.europesays.com\/fr\/265610\/","title":{"rendered":"George, 12 ans et gentleman farmer : Kate et William d\u00e9voilent un nouveau clich\u00e9 officiel"},"content":{"rendered":"<p>Happy birthday prince George ! <a href=\"https:\/\/www.closermag.fr\/royautes\/prince-george-a-des-gouts-affirmes-ce-snack-prefere-du-garcon-quelizabeth-ii-na-jamais-mange-3561724\" rel=\"nofollow noopener\" target=\"_blank\"><br \/>\nLe fils de Kate Middleton et du prince William<\/a> souffle ce mardi<br \/>\n22 juillet sa 12 \u00e8me bougie ! Comme le veut la tradition, la<br \/>\nfamille royale britannique a d\u00e9voil\u00e9 \u00e0 cette occasion un clich\u00e9<br \/>\nin\u00e9dit du jeune homme sur les r\u00e9seaux sociaux. Et une chose est<br \/>\ns\u00fbre : <a href=\"https:\/\/www.closermag.fr\/bio-people\/biographie-prince-george-184015\" rel=\"nofollow noopener\" target=\"_blank\"><br \/>\nle prince George<\/a> est d\u00e9sormais un adolescent !<\/p>\n<p>Le prince Georges a bien grandi !<\/p>\n<p>Sur la photo d\u00e9voil\u00e9e par le prince et la princesse de Galles<br \/>\nsur Insagram, <a href=\"https:\/\/www.closermag.fr\/royautes\/prince-george-a-12-ans-le-fils-de-william-est-le-mini-moi-de-son-pere-la-preuve-en-15-photos-3565889\" rel=\"nofollow noopener\" target=\"_blank\"><br \/>\nle prince George<\/a> adopte <strong>un look de gentleman<br \/>\nfarmer<\/strong>, posant avec <strong>confiance et charisme<\/strong><br \/>\nface \u00e0 l&rsquo;objectif, adoss\u00e9 \u00e0 une cl\u00f4ture bois\u00e9e, les pieds dans le<br \/>\ngazon. V\u00eatu d&rsquo;une chemise \u00e0 carreaux et d&rsquo;une veste sans manches,<br \/>\nbracelet de l&rsquo;amiti\u00e9 au poignet gauche, le fr\u00e8re de la princesse<br \/>\nCharlotte et du prince Louis <strong>fait d&rsquo;ores et d\u00e9j\u00e0 chavirer<br \/>\nles coeurs !<\/strong><\/p>\n<p>\u00ab\u00a0Il a 12 ans d\u00e9j\u00e0 ?!\u00a0\u00bb, \u00ab\u00a0Je n&rsquo;arrive pas \u00e0 croire<br \/>\nqu&rsquo;il a d\u00e9j\u00e0 12 ans\u00a0\u00bb, \u00ab\u00a0On dirait qu&rsquo;hier encore, il<br \/>\nn&rsquo;\u00e9tait qu&rsquo;un enfant\u00a0\u00bb, \u00ab\u00a0Quelle belle photo\u00a0\u00bb,<br \/>\n\u00ab\u00a0Quel beau jeune homme il est devenu\u00a0\u00bb, peut-on lire dans<br \/>\nles commentaires. \u00ab\u00a0Il devient un tr\u00e8s beau futur roi\u00a0\u00bb, a<br \/>\nsoulign\u00e9 un autre internaute. Car pour rappel, le prince George est<br \/>\ndeuxi\u00e8me dans l&rsquo;ordre de succession au tr\u00f4ne britannique, juste<br \/>\nderri\u00e8re son p\u00e8re le prince William et devant <a href=\"https:\/\/www.closermag.fr\/royautes\/kate-et-william-ce-choix-pour-la-princesse-charlotte-qui-pourrait-leloigner-de-son-frere-george-3558620\" rel=\"nofollow noopener\" target=\"_blank\"><br \/>\nsa soeur, la princesse Charlotte<\/a>. Un papa par ailleurs dont le<br \/>\njeune homme qui est scolaris\u00e9 \u00e0 la prestigieuse \u00e9cole de Lambrook,<br \/>\ndans le Berkshire, <strong>est tr\u00e8s proche<\/strong>, comme on peut<br \/>\nle voir lors de leurs apparitions publiques.<\/p>\n<blockquote class=\"instagram-media\" style=\"background: #ffffff;border: 0;margin: 1px;width: 100%;padding: 0;max-width: 500px;\" data-instgrm-permalink=\"https:\/\/www.instagram.com\/p\/DMZ2FsCtZXt\/?hl=fr\" data-instgrm-version=\"14\"\/><p>\nGeorge, le \u00ab\u00a0mini-moi\u00a0\u00bb du prince<br \/>\nWilliam<\/p>\n<p>Une v\u00e9ritable passion anime <a href=\"https:\/\/www.closermag.fr\/royautes\/prince-george-prive-de-voyage-avec-son-pere-cette-raison-indiscutable-va-bouleverser-sa-vie-3563769\" rel=\"nofollow noopener\" target=\"_blank\"><br \/>\nle p\u00e8re et le fils<\/a> : le sport. Et plus particuli\u00e8rement le<br \/>\nfootball, mais aussi le tennis. R\u00e9guli\u00e8rement, le tandem est aper\u00e7u<br \/>\ndans les tribunes du Grand Chelem de Wimbledon. <strong>Que ce soit<br \/>\ndans les bons comme dans les mauvais moments<\/strong>, <a href=\"https:\/\/www.closermag.fr\/royautes\/kate-et-william-pourquoi-ils-sarrachent-les-cheveux-avec-le-prince-george-3527347\" data-mrf-link=\"https:\/\/www.closermag.fr\/royautes\/kate-et-william-pourquoi-ils-sarrachent-les-cheveux-avec-le-prince-george-3527347\" rel=\"nofollow noopener\" target=\"_blank\"><br \/>\nle prince William et son fils a\u00een\u00e9, George<\/a>, <strong>sont<br \/>\ntr\u00e8s\u00a0unis<\/strong>. Ils apparaissent tr\u00e8s souvent v\u00eatus de la<br \/>\nm\u00eame fa\u00e7on et multiplient les instants pr\u00e9cieux pass\u00e9s ensemble.<br \/>\nUne fa\u00e7on aussi de pouvoir former le jeune gar\u00e7on \u00e0 monter un jour<br \/>\nsur le tr\u00f4ne de la couronne britannique, qui prendra un jour ses<br \/>\nquartiers au c\u00e9l\u00e8bre palais de Buckingham Palace.<\/p>\n<p><script async src=\"\/\/www.instagram.com\/embed.js\"><\/script><\/p>\n","protected":false},"excerpt":{"rendered":"Happy birthday prince George ! Le fils de Kate Middleton et du prince William souffle ce mardi 22&hellip;\n","protected":false},"author":2,"featured_media":265611,"comment_status":"","ping_status":"","sticky":false,"template":"","format":"standard","meta":{"footnotes":""},"categories":[1359],"tags":[548,58,59,545,1011,27,973,6987],"class_list":{"0":"post-265610","1":"post","2":"type-post","3":"status-publish","4":"format-standard","5":"has-post-thumbnail","7":"category-people","8":"tag-article-simple","9":"tag-divertissement","10":"tag-entertainment","11":"tag-famille-royale-britannique","12":"tag-fr","13":"tag-france","14":"tag-people","15":"tag-prince-george"},"share_on_mastodon":{"url":"https:\/\/pubeurope.com\/@fr\/114897011630702959","error":""},"_links":{"self":[{"href":"https:\/\/www.europesays.com\/fr\/wp-json\/wp\/v2\/posts\/265610","targetHints":{"allow":["GET"]}}],"collection":[{"href":"https:\/\/www.europesays.com\/fr\/wp-json\/wp\/v2\/posts"}],"about":[{"href":"https:\/\/www.europesays.com\/fr\/wp-json\/wp\/v2\/types\/post"}],"author":[{"embeddable":true,"href":"https:\/\/www.europesays.com\/fr\/wp-json\/wp\/v2\/users\/2"}],"replies":[{"embeddable":true,"href":"https:\/\/www.europesays.com\/fr\/wp-json\/wp\/v2\/comments?post=265610"}],"version-history":[{"count":0,"href":"https:\/\/www.europesays.com\/fr\/wp-json\/wp\/v2\/posts\/265610\/revisions"}],"wp:featuredmedia":[{"embeddable":true,"href":"https:\/\/www.europesays.com\/fr\/wp-json\/wp\/v2\/media\/265611"}],"wp:attachment":[{"href":"https:\/\/www.europesays.com\/fr\/wp-json\/wp\/v2\/media?parent=265610"}],"wp:term":[{"taxonomy":"category","embeddable":true,"href":"https:\/\/www.europesays.com\/fr\/wp-json\/wp\/v2\/categories?post=265610"},{"taxonomy":"post_tag","embeddable":true,"href":"https:\/\/www.europesays.com\/fr\/wp-json\/wp\/v2\/tags?post=265610"}],"curies":[{"name":"wp","href":"https:\/\/api.w.org\/{rel}","templated":true}]}}