{"id":265612,"date":"2025-07-22T13:00:15","date_gmt":"2025-07-22T13:00:15","guid":{"rendered":"https:\/\/www.europesays.com\/fr\/265612\/"},"modified":"2025-07-22T13:00:15","modified_gmt":"2025-07-22T13:00:15","slug":"manger-la-banane-ou-pas","status":"publish","type":"post","link":"https:\/\/www.europesays.com\/fr\/265612\/","title":{"rendered":"Manger la banane ou pas\u00a0?"},"content":{"rendered":"<p class=\"lead textModule textModule--type-lead hasFeaturedAuthor\" style=\"\">J\u2019adore ces histoires qui d\u00e9voilent les exc\u00e8s de l\u2019art, mais qui t\u00e9moignent aussi de son r\u00f4le premier, celui de provoquer des r\u00e9actions de toutes sortes.<\/p>\n<p>                    Publi\u00e9 \u00e0 7\u00a0h\u00a015<\/p>\n<p>    <a class=\"print\" href=\"https:\/\/www.lapresse.ca\/arts\/chroniques\/2025-07-22\/javascript:window.print();\" title=\"Imprimer la page\" rel=\"nofollow noopener\" target=\"_blank\"><\/p>\n<p>        <img loading=\"lazy\" decoding=\"async\" width=\"16\" height=\"18\" src=\"https:\/\/www.europesays.com\/fr\/wp-content\/uploads\/2025\/04\/share-icon.png\" alt=\"Partager\"\/><\/p>\n<p class=\"paragraph textModule textModule--type-paragraph hasFeaturedAuthor\" style=\"\">La sc\u00e8ne a eu lieu le 12\u00a0juillet dernier au Centre Pompidou-Metz, en France. L\u2019\u0153uvre Comedian, de l\u2019artiste italien Maurizio Cattelan, \u00e9tait expos\u00e9e dans le cadre de l\u2019exposition Dimanche sans fin.<\/p>\n<p class=\"paragraph textModule textModule--type-paragraph hasFeaturedAuthor\" style=\"\">Cette \u0153uvre, \u00e9valu\u00e9e \u00e0 plusieurs\u00a0millions de dollars, est en fait une (vraie) banane coll\u00e9e au mur gr\u00e2ce \u00e0 un ruban adh\u00e9sif commun\u00e9ment appel\u00e9 au Qu\u00e9bec \u00ab\u00a0duck tape\u00a0\u00bb.<\/p>\n<p class=\"paragraph textModule textModule--type-paragraph hasFeaturedAuthor\" style=\"\">Alors que les visiteurs d\u00e9ambulaient dans les salles d\u2019exposition, un homme s\u2019est approch\u00e9 de la c\u00e9l\u00e8bre banane, l\u2019a arrach\u00e9e du mur, l\u2019a \u00e9pluch\u00e9e et l\u2019a mang\u00e9e.<\/p>\n<p>                                        <img decoding=\"async\" src=\"https:\/\/www.europesays.com\/fr\/wp-content\/uploads\/2025\/07\/5a927e7d8f62319e8cecc031ae0fd52d.jpg\" alt=\"\" class=\"photoModule__visual\" itemprop=\"contentUrl url\"\/><\/p>\n<p class=\"credit photoModule__caption photoModule__caption--credit\" style=\"\">\n                    PHOTO BERNARD BRAULT, ARCHIVES LA PRESSE\n                <\/p>\n<p class=\"description photoModule__caption photoModule__caption--description\" style=\"\">\n                    L\u2019artiste italien Maurizio Cattelan au c\u00f4t\u00e9 de l\u2019une de ses \u0153uvres expos\u00e9es \u00e0 Montr\u00e9al, en 2019\n                <\/p>\n<p class=\"paragraph textModule textModule--type-paragraph hasFeaturedAuthor\" style=\"\">L\u2019\u00e9quipe de s\u00e9curit\u00e9 est rapidement intervenue et une autre banane a \u00e9t\u00e9 install\u00e9e. En effet, comme il s\u2019agit d\u2019un objet p\u00e9rissable, l\u2019\u0153uvre doit \u00eatre r\u00e9guli\u00e8rement remplac\u00e9e.<\/p>\n<p class=\"epigraph textModule textModule--type-epigraph hasFeaturedAuthor\" style=\"\">Tout comme la robe de viande de l\u2019artiste canadienne Jana Sterbak, la banane de Maurizio Cattelan a droit \u00e0 des r\u00e9surrections \u00e0 r\u00e9p\u00e9tition. Quelle belle vie\u00a0!<\/p>\n<p class=\"paragraph textModule textModule--type-paragraph hasFeaturedAuthor\" style=\"\">Que dit Maurizio Cattelan du traitement r\u00e9serv\u00e9 \u00e0 sa banane\u00a0? Il est d\u00e9\u00e7u que le visiteur n\u2019ait mang\u00e9 que le fruit. Il aurait souhait\u00e9 qu\u2019il avale aussi la pelure et le ruban adh\u00e9sif, car tout cela fait partie de l\u2019\u0153uvre.<\/p>\n<p class=\"paragraph textModule textModule--type-paragraph hasFeaturedAuthor\" style=\"\">C\u2019est la quatri\u00e8me fois que cette \u0153uvre, apparue en 2019 \u00e0 la foire d\u2019art contemporain Art Basel de Miami, est aval\u00e9e par quelqu\u2019un.<\/p>\n<p class=\"paragraph textModule textModule--type-paragraph hasFeaturedAuthor\" style=\"\">Le performeur David Datuna a \u00e9t\u00e9 le premier \u00e0 manger la banane (tir\u00e9e originalement \u00e0 trois exemplaires). Elle \u00e9tait alors \u00e9valu\u00e9e \u00e0 120\u00a0000\u00a0$. Film\u00e9 par des t\u00e9l\u00e9phones, l\u2019artiste signait du m\u00eame coup une performance intitul\u00e9e Hungry Artists (\u00ab\u00a0Artistes qui ont faim\u00a0\u00bb) pour d\u00e9noncer le sort r\u00e9serv\u00e9 aux cr\u00e9ateurs.<\/p>\n<p class=\"paragraph textModule textModule--type-paragraph hasFeaturedAuthor\" style=\"\">Puis, en 2023, la banane a \u00e9t\u00e9 d\u00e9vor\u00e9e au Leeum Museum Art de S\u00e9oul par un \u00e9tudiant qui, sans doute habit\u00e9 par les paroles de la chanson de Katerine, \u00ab\u00a0Non, mais laissez-moi manger ma banane\u00a0!\u00a0\u00bb, a assur\u00e9 avoir\u00a0faim.<\/p>\n<p class=\"paragraph textModule textModule--type-paragraph hasFeaturedAuthor\" style=\"\">Enfin, en novembre dernier, Justin Sun, un riche entrepreneur chinois, a achet\u00e9 l\u2019\u0153uvre pour la somme de 6,2\u00a0millions de dollars am\u00e9ricains chez Sotheby\u2019s, \u00e0 New\u00a0York. Le collectionneur l\u2019a ensuite mang\u00e9e dans un h\u00f4tel de Hong\u00a0Kong devant des m\u00e9dias.<\/p>\n<p class=\"paragraph textModule textModule--type-paragraph hasFeaturedAuthor\" style=\"\">Cette conception de l\u2019art \u00e9ph\u00e9m\u00e8re n\u2019est pas sans rappeler la toile L\u2019amour est dans la poubelle\u00a0(Love is in the Bin)\u00a0de Banksy. Apr\u00e8s avoir \u00e9t\u00e9 vendue aux ench\u00e8res pour 31,3\u00a0millions de dollars am\u00e9ricains, elle a \u00e9t\u00e9 d\u00e9truite par une d\u00e9chiqueteuse.<\/p>\n<p class=\"paragraph textModule textModule--type-paragraph hasFeaturedAuthor\" style=\"\">Maurizio Cattelan est aussi connu pour avoir r\u00e9alis\u00e9\u00a0America, une toilette (fonctionnelle) en or 18\u00a0carats qui surligne les exc\u00e8s li\u00e9s \u00e0 la richesse. Quant \u00e0 sa banane, elle a pour but de susciter une r\u00e9flexion sur la notion d\u2019\u0153uvre d\u2019art qui se trouve, selon lui, davantage dans l\u2019id\u00e9e que dans l\u2019\u0153uvre elle-m\u00eame.<\/p>\n<p>                                        <img decoding=\"async\" src=\"https:\/\/www.europesays.com\/fr\/wp-content\/uploads\/2025\/07\/172cd8866e563524b372f1b696432a23.jpg\" alt=\"\" class=\"photoModule__visual\" itemprop=\"contentUrl url\"\/><\/p>\n<p class=\"credit photoModule__caption photoModule__caption--credit\" style=\"\">\n                    PHOTO TIMOTHY A. CLARY, ARCHIVES AGENCE FRANCE-PRESSE\n                <\/p>\n<p class=\"description photoModule__caption photoModule__caption--description\" style=\"\">\n                    En novembre dernier, Comedian s\u2019est vendue pour 6,2\u00a0millions de dollars am\u00e9ricains chez Sotheby\u2019s, \u00e0 New\u00a0York.\n                <\/p>\n<p class=\"paragraph textModule textModule--type-paragraph hasFeaturedAuthor\" style=\"\">Au cours des derni\u00e8res ann\u00e9es, plusieurs \u0153uvres d\u2019art ont \u00e9t\u00e9 la cible d\u2019activistes qui, pour attirer l\u2019attention sur une cause, ont commis des gestes de vandalisme. Dans ce cas-ci, on s\u2019en prend \u00e0 une \u0153uvre qui a elle-m\u00eame un r\u00f4le critique.<\/p>\n<p class=\"paragraph textModule textModule--type-paragraph hasFeaturedAuthor\" style=\"\">Ce qui est fascinant dans tout cela, c\u2019est que ceux qui mangent la banane font partie int\u00e9grante de l\u2019\u0153uvre. Ils contribuent \u00e0 enrichir son mythe et sa renomm\u00e9e. Ils lui conf\u00e8rent un caract\u00e8re (faussement) fugace.<\/p>\n<p class=\"paragraph textModule textModule--type-paragraph hasFeaturedAuthor\" style=\"\">Car au fond, derri\u00e8re cette apparence de l\u2019\u00e9ph\u00e9m\u00e8re se cache l\u2019\u00e9ternit\u00e9. En mangeant la banane, on ne d\u00e9truit pas vraiment l\u2019existence de l\u2019\u0153uvre. Dole et Chiquita pourront toujours fournir en bananes les mus\u00e9es et les galeries d\u2019art.<\/p>\n<p class=\"epigraph textModule textModule--type-epigraph hasFeaturedAuthor\" style=\"\">Depuis cet \u00e9v\u00e8nement au Centre Pompidou-Metz, le d\u00e9bat sur ce qui constitue de l\u2019art et ce qui ne l\u2019est pas est relanc\u00e9. Est-ce qu\u2019une banane que l\u2019on paye quelques cents \u00e0 l\u2019\u00e9picerie peut aussi valoir 6\u00a0millions de dollars\u00a0?<\/p>\n<p class=\"paragraph textModule textModule--type-paragraph hasFeaturedAuthor\" style=\"\">Oui, tout \u00e0 fait.<\/p>\n<p class=\"paragraph textModule textModule--type-paragraph hasFeaturedAuthor\" style=\"\">La question qui suit est plus ardue\u00a0: combien de personnes au ventre creux pourrions-nous nourrir avec 6\u00a0millions de dollars en bananes\u00a0?<\/p>\n<p class=\"paragraph textModule textModule--type-paragraph hasFeaturedAuthor\" style=\"\">Cet aspect a \u00e9t\u00e9 soulev\u00e9 lors de la vente aux ench\u00e8res organis\u00e9e par Sotheby\u2019s, en 2024. Le New\u00a0York Times s\u2019est demand\u00e9 o\u00f9 la prestigieuse salle des ventes s\u2019approvisionnait en bananes durant l\u2019exposition de l\u2019\u0153uvre.<\/p>\n<p class=\"paragraph textModule textModule--type-paragraph hasFeaturedAuthor\" style=\"\">On a d\u00e9couvert que c\u2019\u00e9tait aupr\u00e8s d\u2019un certain Shah Alam, un marchand originaire du Bangladesh qui poss\u00e8de un kiosque dans l\u2019Upper East Side. Quand le journaliste lui a dit que l\u2019une de ses bananes, achet\u00e9e pour 35\u00a0cents, avait \u00e9t\u00e9 vendue 6\u00a0millions de dollars, l\u2019homme de 74\u00a0ans s\u2019est mis \u00e0 pleurer.<\/p>\n<p class=\"paragraph textModule textModule--type-paragraph hasFeaturedAuthor\" style=\"\">Je sais que vous aimez les fins heureuses. J\u2019ajoute donc que le milliardaire qui a fait l\u2019acquisition de la banane (l\u2019\u0153uvre) s\u2019est empress\u00e9 d\u2019\u00e9crire sur X qu\u2019il allait acheter 100\u00a0000\u00a0bananes \u00e0 M.\u00a0Alam et que celles-ci allaient \u00eatre distribu\u00e9es gratuitement.<\/p>\n<p class=\"paragraph textModule textModule--type-paragraph hasFeaturedAuthor\" style=\"\">On dirait une performance artistique dans une performance artistique dans une performance artistique\u2026<\/p>\n<p class=\"paragraph textModule textModule--type-paragraph hasFeaturedAuthor\" style=\"\">La saison des pommes arrive \u00e0 grands pas. Je dis \u00e7a comme \u00e7a\u00a0!<\/p>\n","protected":false},"excerpt":{"rendered":"J\u2019adore ces histoires qui d\u00e9voilent les exc\u00e8s de l\u2019art, mais qui t\u00e9moignent aussi de son r\u00f4le premier, celui&hellip;\n","protected":false},"author":2,"featured_media":265613,"comment_status":"","ping_status":"","sticky":false,"template":"","format":"standard","meta":{"footnotes":""},"categories":[1358],"tags":[1348,1384,1385,1386,58,59,1011,27],"class_list":{"0":"post-265612","1":"post","2":"type-post","3":"status-publish","4":"format-standard","5":"has-post-thumbnail","7":"category-arts-et-design","8":"tag-arts","9":"tag-arts-and-design","10":"tag-arts-et-design","11":"tag-design","12":"tag-divertissement","13":"tag-entertainment","14":"tag-fr","15":"tag-france"},"share_on_mastodon":{"url":"https:\/\/pubeurope.com\/@fr\/114897015646841664","error":""},"_links":{"self":[{"href":"https:\/\/www.europesays.com\/fr\/wp-json\/wp\/v2\/posts\/265612","targetHints":{"allow":["GET"]}}],"collection":[{"href":"https:\/\/www.europesays.com\/fr\/wp-json\/wp\/v2\/posts"}],"about":[{"href":"https:\/\/www.europesays.com\/fr\/wp-json\/wp\/v2\/types\/post"}],"author":[{"embeddable":true,"href":"https:\/\/www.europesays.com\/fr\/wp-json\/wp\/v2\/users\/2"}],"replies":[{"embeddable":true,"href":"https:\/\/www.europesays.com\/fr\/wp-json\/wp\/v2\/comments?post=265612"}],"version-history":[{"count":0,"href":"https:\/\/www.europesays.com\/fr\/wp-json\/wp\/v2\/posts\/265612\/revisions"}],"wp:featuredmedia":[{"embeddable":true,"href":"https:\/\/www.europesays.com\/fr\/wp-json\/wp\/v2\/media\/265613"}],"wp:attachment":[{"href":"https:\/\/www.europesays.com\/fr\/wp-json\/wp\/v2\/media?parent=265612"}],"wp:term":[{"taxonomy":"category","embeddable":true,"href":"https:\/\/www.europesays.com\/fr\/wp-json\/wp\/v2\/categories?post=265612"},{"taxonomy":"post_tag","embeddable":true,"href":"https:\/\/www.europesays.com\/fr\/wp-json\/wp\/v2\/tags?post=265612"}],"curies":[{"name":"wp","href":"https:\/\/api.w.org\/{rel}","templated":true}]}}