{"id":265614,"date":"2025-07-22T13:01:11","date_gmt":"2025-07-22T13:01:11","guid":{"rendered":"https:\/\/www.europesays.com\/fr\/265614\/"},"modified":"2025-07-22T13:01:11","modified_gmt":"2025-07-22T13:01:11","slug":"le-festival-passe-en-biennale-face-aux-contraintes-budgetaires","status":"publish","type":"post","link":"https:\/\/www.europesays.com\/fr\/265614\/","title":{"rendered":"le festival passe en biennale face aux contraintes budg\u00e9taires"},"content":{"rendered":"<p>Il n\u2019y aura pas d\u2019\u00e9dition du <a href=\"https:\/\/www.ledauphine.com\/culture-loisirs\/2025\/04\/08\/printemps-du-livre-2025-une-belle-edition-a-l-hotel-de-ville\" target=\"_blank\" rel=\"nofollow noopener\">Printemps du livre de Grenoble<\/a> en 2026\u00a0; la manifestation, cr\u00e9\u00e9e en 2003, passant d\u00e9sormais en biennale. \u00ab\u00a0Dans un contexte budg\u00e9taire contraint par les coupes budg\u00e9taires massives du gouvernement Bayrou, la Ville doit op\u00e9rer des choix et elle confirme qu\u2019elle organisera d\u00e9sormais le Printemps du livre de mani\u00e8re bisannuelle pour assurer la p\u00e9rennit\u00e9 et conserver l\u2019ambition de cet \u00e9v\u00e8nement d\u2019envergure. Ainsi, ce nouveau format contribue \u00e0 garantir le maintien int\u00e9gral de tous les services culturels de la Ville ainsi que toutes les subventions allou\u00e9es aux acteurs culturels\u00a0\u00bb, explique-t-on.<\/p>\n<p>Cette d\u00e9cision va provoquer pas mal de d\u00e9ceptions<\/p>\n<p>Avec un budget de 320\u00a0000\u00a0euros, le Printemps du livre accueille chaque ann\u00e9e les stars de l\u2019\u00e9dition (Maylis de Kerangal, Titiou Lecoq, Lola Lafon, Gr\u00e9goire Bouillier, Bertrand Belin\u2026) et m\u00e8ne de multiples actions dans les biblioth\u00e8ques et \u00e9v\u00e9nements culturels. On imagine donc que son passage en biennale va provoquer pas mal de d\u00e9ceptions.<\/p>\n<p>Mais la Ville s\u2019en d\u00e9fend\u00a0: \u00ab\u00a0Le Printemps du livre continuera d\u2019\u00eatre pr\u00e9par\u00e9 en collaboration avec les m\u00e9tiers du livre, les artistes, les intervenants et le public. Et, d\u00e8s cette fin d\u2019ann\u00e9e, une programmation r\u00e9guli\u00e8re port\u00e9e par l\u2018\u00e9quipe du Printemps sera propos\u00e9e jusqu\u2019\u00e0 la prochaine \u00e9dition.\u00a0\u00bb<\/p>\n","protected":false},"excerpt":{"rendered":"Il n\u2019y aura pas d\u2019\u00e9dition du Printemps du livre de Grenoble en 2026\u00a0; la manifestation, cr\u00e9\u00e9e en 2003,&hellip;\n","protected":false},"author":2,"featured_media":265615,"comment_status":"","ping_status":"","sticky":false,"template":"","format":"standard","meta":{"footnotes":""},"categories":[1357],"tags":[1379,1687,58,33,112,59,1011,27,2731,2732,108,1380,2410,3140],"class_list":{"0":"post-265614","1":"post","2":"type-post","3":"status-publish","4":"format-standard","5":"has-post-thumbnail","7":"category-livres","8":"tag-books","9":"tag-culture-loisirs","10":"tag-divertissement","11":"tag-economie","12":"tag-edition-grenoble-agglomeration","13":"tag-entertainment","14":"tag-fr","15":"tag-france","16":"tag-grenoble","17":"tag-grenoble-bassin","18":"tag-isere","19":"tag-livres","20":"tag-livres-bd","21":"tag-spectacle"},"share_on_mastodon":{"url":"https:\/\/pubeurope.com\/@fr\/114897019505828509","error":""},"_links":{"self":[{"href":"https:\/\/www.europesays.com\/fr\/wp-json\/wp\/v2\/posts\/265614","targetHints":{"allow":["GET"]}}],"collection":[{"href":"https:\/\/www.europesays.com\/fr\/wp-json\/wp\/v2\/posts"}],"about":[{"href":"https:\/\/www.europesays.com\/fr\/wp-json\/wp\/v2\/types\/post"}],"author":[{"embeddable":true,"href":"https:\/\/www.europesays.com\/fr\/wp-json\/wp\/v2\/users\/2"}],"replies":[{"embeddable":true,"href":"https:\/\/www.europesays.com\/fr\/wp-json\/wp\/v2\/comments?post=265614"}],"version-history":[{"count":0,"href":"https:\/\/www.europesays.com\/fr\/wp-json\/wp\/v2\/posts\/265614\/revisions"}],"wp:featuredmedia":[{"embeddable":true,"href":"https:\/\/www.europesays.com\/fr\/wp-json\/wp\/v2\/media\/265615"}],"wp:attachment":[{"href":"https:\/\/www.europesays.com\/fr\/wp-json\/wp\/v2\/media?parent=265614"}],"wp:term":[{"taxonomy":"category","embeddable":true,"href":"https:\/\/www.europesays.com\/fr\/wp-json\/wp\/v2\/categories?post=265614"},{"taxonomy":"post_tag","embeddable":true,"href":"https:\/\/www.europesays.com\/fr\/wp-json\/wp\/v2\/tags?post=265614"}],"curies":[{"name":"wp","href":"https:\/\/api.w.org\/{rel}","templated":true}]}}