{"id":265622,"date":"2025-07-22T13:05:11","date_gmt":"2025-07-22T13:05:11","guid":{"rendered":"https:\/\/www.europesays.com\/fr\/265622\/"},"modified":"2025-07-22T13:05:11","modified_gmt":"2025-07-22T13:05:11","slug":"comment-des-patients-recouvrent-la-vue-grace-a-un-morceau-de-dent","status":"publish","type":"post","link":"https:\/\/www.europesays.com\/fr\/265622\/","title":{"rendered":"comment des patients recouvrent la vue gr\u00e2ce \u00e0 un morceau de dent"},"content":{"rendered":"<p class=\"article-p mdl\">Des aveugles retrouvent la vue gr\u00e2ce \u00e0 un morceau de dent. Une dizaine d&rsquo;\u00e9quipes de chirurgiens sp\u00e9cialistes dans le monde sont capables de faire cela, dont une en France. Depuis deux ans maintenant,<strong> le professeur Daien et le docteur de Boutray <\/strong>pratiquent cette prouesse au CHU de Montpellier. Ils vont op\u00e9rer dix patients \u00e0 la fin de l&rsquo;ann\u00e9e. Cette technique se nomme la k\u00e9ratoproth\u00e8se. Elle est connue depuis les ann\u00e9es 70, mais elle est tr\u00e8s contemporaine.\u00a0<\/p>\n<p class=\"article-p mdl\">En r\u00e9sum\u00e9, elle soigne les patients qui ont perdu leur corn\u00e9e en fixant un morceau de dent et en y pla\u00e7ant un cylindre qui fait passer la lumi\u00e8re. Cette chirurgie de la derni\u00e8re chance offre <strong>des r\u00e9sultats exceptionnels<\/strong>.\u00a0<\/p>\n<p class=\"article-p mdl\">Jean-Jacques Robers est devenu quasiment aveugle apr\u00e8s un accident du travail en 2008. Il a re\u00e7u dans les yeux un produit contenant de l&rsquo;acide. Une greffe de corn\u00e9e naturelle lui a permis dans un premier temps de recouvrer la vue, mais le greffon a \u00e9t\u00e9 rejet\u00e9 par son corps en 2021. \u00ab\u00a0Une feuille de papier, qu&rsquo;elle soit \u00e9crite ou pas, \u00e9tait blanche, un visage m\u00e9connaissable \u00e0 50 centim\u00e8tres\u00a0\u00bb, raconte-t-il. Ce retrait\u00e9 du b\u00e2timent \u00e2g\u00e9 de 70 ans m\u00e8ne aujourd&rsquo;hui une vie normale gr\u00e2ce \u00e0 une <strong>k\u00e9ratoproth\u00e8se<\/strong>, une chirurgie dont il a b\u00e9n\u00e9fici\u00e9 au\u00a0<a class=\"link\" href=\"https:\/\/www.rtl.fr\/actu\/debats-societe\/au-chu-de-montpellier-un-pedopsychiatre-recoit-les-parents-maltraites-7800866215\" title=\"Au CHU de Montpellier, un p\u00e9dopsychiatre re\u00e7oit les parents maltrait\u00e9s\" target=\"_blank\" rel=\"noopener\">CHU de Montpellier<\/a>\u00a0en 2023. \u00ab\u00a0Je peux lire, je peux tout faire comme avant. Quand je pense que j&rsquo;avais jet\u00e9 une quantit\u00e9 hallucinante de bouquins quand j&rsquo;ai vu que je ne pouvais plus lire, je commence \u00e0 le regretter. Il y a des jours, je trouve que c&rsquo;est un peu sid\u00e9rant quand m\u00eame. Je ne vivais pas dans l&rsquo;espoir de revoir comme \u00e7a\u00a0\u00bb.<\/p>\n<p class=\"article-p mdl\">L&rsquo;op\u00e9ration concerne <strong>des personnes qui ont eu des br\u00fblures tr\u00e8s s\u00e9v\u00e8res aux yeux <\/strong>ou qui sont atteintes de syndromes qui touchent la corn\u00e9e, dont le syndrome de Stevens Johnson et le syndrome de Lyell. Cette op\u00e9ration se d\u00e9roule en deux phases. La premi\u00e8re n\u00e9cessite la cr\u00e9ation d&rsquo;une k\u00e9ratoproth\u00e8se, un cylindre en plexiglas qui permet de faire passer la lumi\u00e8re et il est fix\u00e9 au centre d&rsquo;une proth\u00e8se r\u00e9alis\u00e9e avec la dent du patient ou un bout d&rsquo;os tibial. Ce sont le professeur Vincent Daien, chef du service d&rsquo;ophtalmologie du CHU de Montpellier et la chirurgienne Marie de Boutray qui r\u00e9alisent cette \u00e9tape.<\/p>\n<p class=\"article-p mdl\">\u00ab\u00a0La dent est un des tissus qui se r\u00e9sorbe le moins au niveau du corps humain et donc notamment<strong> chez les jeunes patients aveugles<\/strong>\u00ab\u00a0, explique le docteur Daien. Cette proth\u00e8se est plac\u00e9e sous la joue, elle se vascularise, le corps se l&rsquo;approprie et trois mois plus tard, lors de la deuxi\u00e8me phase, elle est greff\u00e9e sur l&rsquo;\u0153il du patient. \u00ab\u00a0Apr\u00e8s avoir enlev\u00e9 sa corn\u00e9e pathologique, explique le chirurgien, mais aussi son iris, son cristallin, on va recouvrir l&rsquo;ensemble de la muqueuse buccale, le patient pourra revoir dans un d\u00e9lai de quelques jours \u00e0 quelques semaines, c&rsquo;est assez variable\u00a0\u00bb.<\/p>\n<blockquote class=\"article-quote\">\n<p class=\"article-quote-text icon icon-quote-v2\">J&rsquo;ai bien peur de me voir dans un miroir, \u00e7a va me surprendre.<\/p>\n<p>Dylan, qui s&rsquo;appr\u00eate \u00e0 subir une op\u00e9ration pour recouvrer la vue<\/p>\n<\/blockquote>\n<p class=\"article-p mdl\">Cette op\u00e9ration est lourde, <strong>plus de 8 heures de chirurgie pour chaque phase.<\/strong> Mais les r\u00e9sultats sont bons, voire incroyables. Si le nerf optique et la r\u00e9tine sont fonctionnels, elle permet de retrouver une tr\u00e8s bonne vue jusqu&rsquo;\u00e0 8 dixi\u00e8mes. Pour ces patients qui ont perdu la vue, c&rsquo;est un espoir extraordinaire, qui assur\u00e9ment va changer leur vie.<\/p>\n<p class=\"article-p mdl\">Dylan attend avec impatience la deuxi\u00e8me phase de cette chirurgie. Le jeune homme porte des lunettes noires sur le nez et il s&rsquo;appuie sur l&rsquo;\u00e9paule de sa grand-m\u00e8re pour avancer. Elle le guide. \u00c0 12 ans, Dylan a vu le monde dispara\u00eetre autour de lui. \u00ab\u00a0J&rsquo;ai perdu la vue \u00e0 cause d&rsquo;un syndrome de Lyell\u00a0 en 2012, raconte-t-il. \u00c7a m&rsquo;a br\u00fbl\u00e9 les corn\u00e9es\u00a0\u00bb.\u00a0<\/p>\n<p class=\"article-p mdl\">Le jeune homme fait preuve d&rsquo;un courage et d&rsquo;une positivit\u00e9 impressionnante et il a h\u00e2te de revoir le visage de ses proches. \u00ab\u00a0<strong>Mon fr\u00e8re et ma s\u0153ur \u00e9taient petits quand j&rsquo;ai perdu la vue<\/strong>, explique-t-il. Apr\u00e8s tout le reste de ma famille, et bien \u00e9videmment la nature, parce que c&rsquo;est ce qui m&rsquo;anime depuis que je suis petit, j&rsquo;adore \u00e7a\u00a0\u00bb.\u00a0<\/p>\n<p class=\"article-p mdl\">Le jeune homme confie aussi son appr\u00e9hension face \u00e0 sa propre image. \u00ab\u00a0Parce que j&rsquo;\u00e9tais un petit gamin de 12 ans, l\u00e0 maintenant, j&rsquo;en ai 24, je suis mince, j&rsquo;ai fait une grosse \u00e9volution physique comme mentale.<strong> J&rsquo;ai bien peur de me voir dans un miroir, \u00e7a va me surprendre<\/strong>. J&rsquo;ai envie d&rsquo;ouvrir mon entreprise de massage, j&rsquo;ai envie de voir du pays, r\u00e9aliser mon r\u00eave de partir en Polyn\u00e9sie\u00a0\u00bb. Son op\u00e9ration est pr\u00e9vue le 10 septembre, il esp\u00e8re que ce sera le d\u00e9but d&rsquo;une troisi\u00e8me vie. Des complications peuvent exister comme l&rsquo;apparition de glaucomes par exemple, mais elles restent rares au regard du b\u00e9n\u00e9fice extraordinaire, celui de recouvrer la vue.<\/p>\n<p>    L&rsquo;\u00e9quipe de l&rsquo;\u00e9mission vous recommande<\/p>\n<p class=\"s-newsletter__title\">\n                L\u2019actualit\u00e9 par la r\u00e9daction de RTL dans votre bo\u00eete mail.\n            <\/p>\n<p class=\"s-newsletter__subtitle\">\n                Gr\u00e2ce \u00e0 votre compte RTL abonnez-vous \u00e0 la newsletter RTL info pour suivre toute l&rsquo;actualit\u00e9 au quotidien\n            <\/p>\n<p>\n                                    Lire la suite\n                                <\/p>\n","protected":false},"excerpt":{"rendered":"Des aveugles retrouvent la vue gr\u00e2ce \u00e0 un morceau de dent. Une dizaine d&rsquo;\u00e9quipes de chirurgiens sp\u00e9cialistes dans&hellip;\n","protected":false},"author":2,"featured_media":265623,"comment_status":"","ping_status":"","sticky":false,"template":"","format":"standard","meta":{"footnotes":""},"categories":[10],"tags":[40519,107,1011,27,72,2673,362,360,71],"class_list":{"0":"post-265622","1":"post","2":"type-post","3":"status-publish","4":"format-standard","5":"has-post-thumbnail","7":"category-sante","8":"tag-aveugle","9":"tag-fil-info","10":"tag-fr","11":"tag-france","12":"tag-health","13":"tag-medecins","14":"tag-replay","15":"tag-replay-integral","16":"tag-sante"},"share_on_mastodon":{"url":"https:\/\/pubeurope.com\/@fr\/114897035189120827","error":""},"_links":{"self":[{"href":"https:\/\/www.europesays.com\/fr\/wp-json\/wp\/v2\/posts\/265622","targetHints":{"allow":["GET"]}}],"collection":[{"href":"https:\/\/www.europesays.com\/fr\/wp-json\/wp\/v2\/posts"}],"about":[{"href":"https:\/\/www.europesays.com\/fr\/wp-json\/wp\/v2\/types\/post"}],"author":[{"embeddable":true,"href":"https:\/\/www.europesays.com\/fr\/wp-json\/wp\/v2\/users\/2"}],"replies":[{"embeddable":true,"href":"https:\/\/www.europesays.com\/fr\/wp-json\/wp\/v2\/comments?post=265622"}],"version-history":[{"count":0,"href":"https:\/\/www.europesays.com\/fr\/wp-json\/wp\/v2\/posts\/265622\/revisions"}],"wp:featuredmedia":[{"embeddable":true,"href":"https:\/\/www.europesays.com\/fr\/wp-json\/wp\/v2\/media\/265623"}],"wp:attachment":[{"href":"https:\/\/www.europesays.com\/fr\/wp-json\/wp\/v2\/media?parent=265622"}],"wp:term":[{"taxonomy":"category","embeddable":true,"href":"https:\/\/www.europesays.com\/fr\/wp-json\/wp\/v2\/categories?post=265622"},{"taxonomy":"post_tag","embeddable":true,"href":"https:\/\/www.europesays.com\/fr\/wp-json\/wp\/v2\/tags?post=265622"}],"curies":[{"name":"wp","href":"https:\/\/api.w.org\/{rel}","templated":true}]}}