{"id":265626,"date":"2025-07-22T13:07:10","date_gmt":"2025-07-22T13:07:10","guid":{"rendered":"https:\/\/www.europesays.com\/fr\/265626\/"},"modified":"2025-07-22T13:07:10","modified_gmt":"2025-07-22T13:07:10","slug":"allez-vous-faire-f-stephen-colbert-repond-a-donald-trump-apres-la-fin-programmee-de-son-late-show","status":"publish","type":"post","link":"https:\/\/www.europesays.com\/fr\/265626\/","title":{"rendered":"\u00ab\u00a0Allez vous faire f*\u00a0!\u00a0\u00bb\u2026 Stephen Colbert r\u00e9pond \u00e0 Donald Trump apr\u00e8s la fin programm\u00e9e de son \u00ab\u00a0Late Show\u00a0\u00bb"},"content":{"rendered":"<p> \u00abLes hostilit\u00e9s sont ouvertes\u00a0!\u00a0\u00bb, a r\u00e9pliqu\u00e9 sans retenue, lundi 21\u00a0juillet 2025, <a href=\"https:\/\/www.20minutes.fr\/television\/1682595-20150909-video-humoriste-stephen-colbert-joue-decalage-debuts-late-show\" class=\"color-ultramarine c-link\" target=\"_blank\" rel=\"noopener\">l\u2019animateur Stephen Colbert<\/a> au <a href=\"https:\/\/www.20minutes.fr\/dossier\/donald_trump\" class=\"color-ultramarine c-link\" target=\"_blank\" rel=\"noopener\">pr\u00e9sident am\u00e9ricain Donald Trump<\/a> lors de sa premi\u00e8re \u00e9mission depuis l\u2019annonce de la fin programm\u00e9e de son <a href=\"https:\/\/www.20minutes.fr\/arts-stars\/people\/4060543-20231102-sait-remplacera-james-corden-late-late-show-alec-baldwin-pris-grande-decision\" class=\"color-ultramarine c-link\" target=\"_blank\" rel=\"noopener\">Late Show<\/a>.<\/p>\n<\/p>\n<p>Stephen Colbert a ainsi \u00e9voqu\u00e9 l\u2019annulation de son <a href=\"https:\/\/www.20minutes.fr\/dossier\/emission\" class=\"color-ultramarine c-link\" target=\"_blank\" rel=\"noopener\">\u00e9mission <\/a>par son employeur qu\u2019il a clairement accus\u00e9 de rechercher les faveurs de Donald Trump pour des raisons commerciales. \u00ab\u00a0Allez vous faire foutre\u00a0!\u00a0\u00bb, a-t-il alors vertement lanc\u00e9 au pr\u00e9sident.<\/p>\n<p>Un sacrifice r\u00e9fl\u00e9chi\u00a0?<\/p>\n<p>The Late Show, une \u00e9mission iconique de la <a href=\"https:\/\/www.20minutes.fr\/arts-stars\/television\/\" class=\"color-ultramarine c-link\" target=\"_blank\" rel=\"noopener\">t\u00e9l\u00e9vision <\/a>am\u00e9ricaine \u2013 depuis ses d\u00e9buts, en\u00a01993, lorsqu\u2019elle \u00e9tait anim\u00e9e par <a href=\"https:\/\/www.20minutes.fr\/dossier\/david_letterman\" class=\"color-ultramarine c-link\" target=\"_blank\" rel=\"noopener\">David Letterman<\/a> \u2013 cessera en effet d\u2019\u00eatre diffus\u00e9e en mai\u00a02026, \u00e0 la suite d\u2019une annonce surprise faite par <a href=\"https:\/\/www.20minutes.fr\/dossier\/cbs\" class=\"color-ultramarine c-link\" target=\"_blank\" rel=\"noopener\">CBS<\/a>, la semaine derni\u00e8re.<\/p>\n<p>La cha\u00eene fait partie du conglom\u00e9rat Paramount, cible d\u2019une fusion-acquisition de 8\u00a0milliards de dollars de la soci\u00e9t\u00e9 de production Skydance n\u00e9cessitant l\u2019approbation de l\u2019Autorit\u00e9 de r\u00e9gulation des t\u00e9l\u00e9communications (FCC), dont le patron est\u2026 un alli\u00e9 de Donald Trump.<\/p>\n<p>Une accusation qui ne passe pas<\/p>\n<p>CBS a mis fin \u00e0 son \u00e9mission trois jours apr\u00e8s que Stephen Colbert l\u2019a critiqu\u00e9 pour avoir r\u00e9gl\u00e9 \u00e0 l\u2019amiable un proc\u00e8s avec le pr\u00e9sident\u00a0: il accusait la cha\u00eene d\u2019avoir vers\u00e9 un \u00ab\u00a0gros pot-de-vin\u00a0\u00bb (16\u00a0millions de dollars) \u00e0 Donald Trump dans une affaire o\u00f9 celui-ci reprochait un montage \u00ab\u00a0trompeur\u00a0\u00bb d\u2019une interview de <a href=\"https:\/\/www.20minutes.fr\/politique\/kamala-harris\/\" class=\"color-ultramarine c-link\" target=\"_blank\" rel=\"noopener\">Kamala Harris<\/a>, son adversaire aux \u00e9lections de\u00a02024.<\/p>\n<p>Donald Trump s\u2019est aussit\u00f4t <a href=\"https:\/\/www.20minutes.fr\/arts-stars\/television\/4164441-20250719-donald-trump-ravi-arret-late-show-stephen-colbert\" class=\"color-ultramarine c-link\" target=\"_blank\" rel=\"noopener\">r\u00e9joui du licenciement de l\u2019un de ses d\u00e9tracteurs<\/a> les plus prolifiques, en \u00e9crivant sur sa plateforme Truth Social\u00a0: \u00ab\u00a0J\u2019adore que Colbert ait \u00e9t\u00e9 licenci\u00e9\u00a0\u00bb.<\/p>\n<p>\u00ab\u00a0Une d\u00e9cision purement financi\u00e8re\u00a0\u00bb<\/p>\n<p>Ce dernier a plaisant\u00e9, lundi 21\u00a0juillet 2025, sur le fait que son r\u00eave, depuis ses d\u00e9buts en tant que comique d\u2019improvisation \u00e0 <a href=\"https:\/\/www.20minutes.fr\/dossier\/chicago\" class=\"color-ultramarine c-link\" target=\"_blank\" rel=\"noopener\">Chicago<\/a>, dans les ann\u00e9es\u00a01980, avait toujours \u00e9t\u00e9 de voir un pr\u00e9sident en exercice f\u00eater la fin de sa carri\u00e8re.<\/p>\n<p>Il a \u00e9galement contest\u00e9 la logique de CBS qui a insist\u00e9 sur le fait que l\u2019annulation \u00e9tait \u00ab\u00a0une d\u00e9cision purement financi\u00e8re\u00a0\u00bb. Dans une fuite anonyme au cours du week-end, la cha\u00eene avait sembl\u00e9 sugg\u00e9rer que son \u00e9mission avait perdu 40\u00a0millions de dollars l\u2019ann\u00e9e derni\u00e8re.<\/p>\n<p><a href=\"https:\/\/www.20minutes.fr\/arts-stars\/television\/\" class=\"c-link c-btn c-btn--primary\" target=\"_blank\" rel=\"noopener\">Notre rubrique T\u00e9l\u00e9vision<\/a><\/p>\n<p>Stephen\u00a0Colbert a plaisant\u00e9 en disant qu\u2019il pouvait expliquer la perte de 24\u00a0millions de dollars par an, mais qu\u2019il n\u2019\u00e9tait pas responsable des 16\u00a0millions de dollars restants, en r\u00e9f\u00e9rence \u00e0 l\u2019accord conclu entre CBS News et Donald Trump.<\/p>\n","protected":false},"excerpt":{"rendered":"\u00abLes hostilit\u00e9s sont ouvertes\u00a0!\u00a0\u00bb, a r\u00e9pliqu\u00e9 sans retenue, lundi 21\u00a0juillet 2025, l\u2019animateur Stephen Colbert au pr\u00e9sident am\u00e9ricain Donald&hellip;\n","protected":false},"author":2,"featured_media":265627,"comment_status":"","ping_status":"","sticky":false,"template":"","format":"standard","meta":{"footnotes":""},"categories":[8],"tags":[9827,7411,17005,39971,58,75,4739,59,63,1011,27,6885,2701,708,458,14707,500,4919,252,133],"class_list":{"0":"post-265626","1":"post","2":"type-post","3":"status-publish","4":"format-standard","5":"has-post-thumbnail","7":"category-divertissement","8":"tag-animateur","9":"tag-cbs","10":"tag-chicago","11":"tag-david-letterman","12":"tag-divertissement","13":"tag-donald-trump","14":"tag-emission-de-television","15":"tag-entertainment","16":"tag-football","17":"tag-fr","18":"tag-france","19":"tag-greys-anatomy","20":"tag-humoriste","21":"tag-humour","22":"tag-kamala-harris","23":"tag-manhattan","24":"tag-medias","25":"tag-president","26":"tag-television","27":"tag-video"},"share_on_mastodon":{"url":"https:\/\/pubeurope.com\/@fr\/114897043143765366","error":""},"_links":{"self":[{"href":"https:\/\/www.europesays.com\/fr\/wp-json\/wp\/v2\/posts\/265626","targetHints":{"allow":["GET"]}}],"collection":[{"href":"https:\/\/www.europesays.com\/fr\/wp-json\/wp\/v2\/posts"}],"about":[{"href":"https:\/\/www.europesays.com\/fr\/wp-json\/wp\/v2\/types\/post"}],"author":[{"embeddable":true,"href":"https:\/\/www.europesays.com\/fr\/wp-json\/wp\/v2\/users\/2"}],"replies":[{"embeddable":true,"href":"https:\/\/www.europesays.com\/fr\/wp-json\/wp\/v2\/comments?post=265626"}],"version-history":[{"count":0,"href":"https:\/\/www.europesays.com\/fr\/wp-json\/wp\/v2\/posts\/265626\/revisions"}],"wp:featuredmedia":[{"embeddable":true,"href":"https:\/\/www.europesays.com\/fr\/wp-json\/wp\/v2\/media\/265627"}],"wp:attachment":[{"href":"https:\/\/www.europesays.com\/fr\/wp-json\/wp\/v2\/media?parent=265626"}],"wp:term":[{"taxonomy":"category","embeddable":true,"href":"https:\/\/www.europesays.com\/fr\/wp-json\/wp\/v2\/categories?post=265626"},{"taxonomy":"post_tag","embeddable":true,"href":"https:\/\/www.europesays.com\/fr\/wp-json\/wp\/v2\/tags?post=265626"}],"curies":[{"name":"wp","href":"https:\/\/api.w.org\/{rel}","templated":true}]}}