{"id":265633,"date":"2025-07-22T13:11:09","date_gmt":"2025-07-22T13:11:09","guid":{"rendered":"https:\/\/www.europesays.com\/fr\/265633\/"},"modified":"2025-07-22T13:11:09","modified_gmt":"2025-07-22T13:11:09","slug":"une-cycliste-se-tue-en-percutant-le-mur-dun-ehpad","status":"publish","type":"post","link":"https:\/\/www.europesays.com\/fr\/265633\/","title":{"rendered":"une cycliste se tue en percutant le mur d\u2019un Ehpad"},"content":{"rendered":"<p>Une quadrag\u00e9naire est d\u00e9c\u00e9d\u00e9e apr\u00e8s avoir percut\u00e9 un mur alors qu\u2019elle circulait \u00e0 v\u00e9lo \u00e9lectrique \u00e0 Huelgoat.<\/p>\n<p class=\"fig-paragraph\">Connue pour sa for\u00eat, surnomm\u00e9e \u00ab\u00a0<a href=\"http:\/\/www.lefigaro.fr\/arts-expositions\/forets-rocheuses-clairieres-et-courses-acharnees-a-fontainebleau-le-grand-peintre-animalier-jean-baptiste-oudry-en-majeste-20250109\" target=\"_blank\" data-fig-type=\"Article\" rel=\"noopener\" data-gtm-custom-categorie=\"navigation\" data-gtm-custom-action=\"crossclick\" data-gtm-custom-label=\"Contextuel\" data-gtm-event=\"customEventSPE\" data-fig-domain=\"LEFIGARO\">Fontainebleau<\/a>\u00a0breton\u00bb, la ville d\u2019Huelgoat a connu un tragique accident ce lundi 21 juillet 2025. Aux alentours de 08h30, une femme est d\u00e9c\u00e9d\u00e9e alors qu\u2019elle descendait du quartier de la Montagne, sur un v\u00e9lo \u00e9lectrique, avant de percuter \u00e0 pleine vitesse le mur de l\u2019enceinte de l\u2019<a href=\"http:\/\/www.lefigaro.fr\/actualite-france\/cette-proposition-est-scandaleuse-transformer-les-ehpad-en-prison-la-polemique-de-trop-pour-le-secteur-du-grand-age-20250708\" target=\"_blank\" data-fig-type=\"Article\" rel=\"noopener\" data-gtm-custom-categorie=\"navigation\" data-gtm-custom-action=\"crossclick\" data-gtm-custom-label=\"Contextuel\" data-gtm-event=\"customEventSPE\" data-fig-domain=\"LEFIGARO\">Ehpad<\/a>\u00a0Mont Leroux, a indiqu\u00e9 parquet de Quimper au Figaro, confirmant une info de\u00a0<a href=\"https:\/\/www.ouest-france.fr\/faits-divers\/accidents\/en-bretagne-une-femme-decede-apres-avoir-percute-un-mur-avec-son-velo-electrique-7c7859b8-6614-11f0-8d96-1f3c0ceaabc2\" target=\"_blank\" rel=\"noopener\" data-gtm-custom-categorie=\"navigation\" data-gtm-custom-action=\"crossclick\" data-gtm-custom-label=\"Contextuel\" data-gtm-event=\"customEventSPE\">Ouest France<\/a> .<\/p>\n<p class=\"fig-paragraph\">\u00c0 l\u2019arriv\u00e9e des secours \u00e0 hauteur du giratoire de la rue des Cieux et de la rue Jean-Jaur\u00e8s, la victime \u00e9tait en arr\u00eat cardio-respiratoire et n\u2019a pas pu \u00eatre r\u00e9anim\u00e9e. Elle est d\u00e9c\u00e9d\u00e9e sur place a annonc\u00e9 l\u2019\u00e9dile de la commune.<\/p>\n<p>                                    <a class=\"fig-a11y-skip a11y-hidden\" href=\"#fig-a11y-skip-main-inarticle\"><br \/>\n        Passer la publicit\u00e9<br \/>\n    <\/a><\/p>\n<p class=\"fig-paragraph\">\u00c2g\u00e9e de 46 ans, la femme ne r\u00e9sidait pas \u00e0 Huelgoat mais au Clo\u00eetre-Pleyben soit \u00e0 une vingtaine kilom\u00e8tres du lieu de l\u2019accident. Une enqu\u00eate de gendarmerie a \u00e9t\u00e9 ouverte pour \u00e9claircir les raisons de ce drame.<\/p>\n","protected":false},"excerpt":{"rendered":"Une quadrag\u00e9naire est d\u00e9c\u00e9d\u00e9e apr\u00e8s avoir percut\u00e9 un mur alors qu\u2019elle circulait \u00e0 v\u00e9lo \u00e9lectrique \u00e0 Huelgoat. Connue&hellip;\n","protected":false},"author":2,"featured_media":265634,"comment_status":"","ping_status":"","sticky":false,"template":"","format":"standard","meta":{"footnotes":""},"categories":[4],"tags":[11,829,12216,1011,27,12,25,3459],"class_list":{"0":"post-265633","1":"post","2":"type-post","3":"status-publish","4":"format-standard","5":"has-post-thumbnail","7":"category-france","8":"tag-actualites","9":"tag-bretagne","10":"tag-ehpad","11":"tag-fr","12":"tag-france","13":"tag-news","14":"tag-republique-francaise","15":"tag-velo-electrique"},"share_on_mastodon":{"url":"https:\/\/pubeurope.com\/@fr\/114897058911980998","error":""},"_links":{"self":[{"href":"https:\/\/www.europesays.com\/fr\/wp-json\/wp\/v2\/posts\/265633","targetHints":{"allow":["GET"]}}],"collection":[{"href":"https:\/\/www.europesays.com\/fr\/wp-json\/wp\/v2\/posts"}],"about":[{"href":"https:\/\/www.europesays.com\/fr\/wp-json\/wp\/v2\/types\/post"}],"author":[{"embeddable":true,"href":"https:\/\/www.europesays.com\/fr\/wp-json\/wp\/v2\/users\/2"}],"replies":[{"embeddable":true,"href":"https:\/\/www.europesays.com\/fr\/wp-json\/wp\/v2\/comments?post=265633"}],"version-history":[{"count":0,"href":"https:\/\/www.europesays.com\/fr\/wp-json\/wp\/v2\/posts\/265633\/revisions"}],"wp:featuredmedia":[{"embeddable":true,"href":"https:\/\/www.europesays.com\/fr\/wp-json\/wp\/v2\/media\/265634"}],"wp:attachment":[{"href":"https:\/\/www.europesays.com\/fr\/wp-json\/wp\/v2\/media?parent=265633"}],"wp:term":[{"taxonomy":"category","embeddable":true,"href":"https:\/\/www.europesays.com\/fr\/wp-json\/wp\/v2\/categories?post=265633"},{"taxonomy":"post_tag","embeddable":true,"href":"https:\/\/www.europesays.com\/fr\/wp-json\/wp\/v2\/tags?post=265633"}],"curies":[{"name":"wp","href":"https:\/\/api.w.org\/{rel}","templated":true}]}}