{"id":265651,"date":"2025-07-22T13:24:16","date_gmt":"2025-07-22T13:24:16","guid":{"rendered":"https:\/\/www.europesays.com\/fr\/265651\/"},"modified":"2025-07-22T13:24:16","modified_gmt":"2025-07-22T13:24:16","slug":"insatisfaits-de-la-qualite-de-la-pelouse-daix-les-bains-les-verts-rentrent-a-saint-etienne","status":"publish","type":"post","link":"https:\/\/www.europesays.com\/fr\/265651\/","title":{"rendered":"insatisfaits de la qualit\u00e9 de la pelouse d&rsquo;Aix-les-Bains, les Verts rentrent \u00e0 Saint-Etienne"},"content":{"rendered":"<p>L&rsquo;AS Saint-Etienne \u00e0 Aix-les-Bains, c&rsquo;est termin\u00e9. Dans un communiqu\u00e9 envoy\u00e9 ce lundi, les Verts annoncent qu&rsquo;ils ont \u00e9court\u00e9 leur stage d\u00e9but mercredi dernier.\u00a0<\/p>\n<p>\u00ab\u00a0Le stage \u00e0 Aix-les-Bains qui a d\u00e9but\u00e9 mercredi dernier est \u00e9court\u00e9. Les Verts d&rsquo;<a href=\"https:\/\/www.ledauphine.com\/p\/eirik-horneland\" target=\"_blank\" rel=\"noopener\">Eirik Horneland<\/a> se sont longuement entrain\u00e9 (et ont jou\u00e9 &#8211; <a href=\"https:\/\/www.ledauphine.com\/sport\/2025\/07\/18\/l-asse-chute-contre-le-servette-de-geneve-a-aix-les-bains-dans-un-match-riche-en-buts\" target=\"_blank\" rel=\"noopener\">d\u00e9faite 3-2 contre le Servette FC<\/a>) sur le terrain naturel d&rsquo;Aix-les-Bains qui ne r\u00e9pond d\u00e9sormais plus aux attentes du club et ce malgr\u00e9 l&rsquo;investissement et le travail de la municipalit\u00e9 qui a fait son maximum\u00a0\u00bb, est-il expliqu\u00e9. \u00ab\u00a0La proximit\u00e9 avec Saint-\u00c9tienne nous permet d&rsquo;activer le plan B et de rapatrier tout l&rsquo;effectif d\u00e8s demain, mardi, \u00e0 l&rsquo;\u00c9trat o\u00f9 les Verts s&rsquo;entraineront dans leurs installations (et leurs terrains hybrides) d\u00e8s l&rsquo;apr\u00e8s-midi. Le quatri\u00e8me match de pr\u00e9paration pr\u00e9vu vendredi (19h) \u00e0 Thonon\u00a0 (stade Joseph-Moynat) face au Paris FC est bien maintenu.\u00a0\u00bb<\/p>\n<p><strong>&gt;&gt;<a href=\"https:\/\/www.ledauphine.com\/sport\/2025\/07\/01\/vrdr-gf38-fc-annecy-fcg-csbj-soc-ligue-magnus-le-programme-de-nos-equipes-regionales\" target=\"_blank\" rel=\"noopener\">Matches de pr\u00e9paration. VRDR, GF38, FC Annecy, FCG, CSBJ, SOC, Ligue Magnus&#8230; Le programme de nos \u00e9quipes r\u00e9gionales<\/a><\/strong><\/p>\n","protected":false},"excerpt":{"rendered":"L&rsquo;AS Saint-Etienne \u00e0 Aix-les-Bains, c&rsquo;est termin\u00e9. Dans un communiqu\u00e9 envoy\u00e9 ce lundi, les Verts annoncent qu&rsquo;ils ont \u00e9court\u00e9&hellip;\n","protected":false},"author":2,"featured_media":265652,"comment_status":"","ping_status":"","sticky":false,"template":"","format":"standard","meta":{"footnotes":""},"categories":[9566],"tags":[1111,11,7002,28022,9443,2430,7001,1777,674,107,1701,63,1011,27,2731,4638,12636,12,25,5508,517,37756],"class_list":{"0":"post-265651","1":"post","2":"type-post","3":"status-publish","4":"format-standard","5":"has-post-thumbnail","7":"category-grenoble","8":"tag-actu","9":"tag-actualites","10":"tag-aix-les-bains","11":"tag-aix-les-bains-bassin","12":"tag-asse-as-saint-etienne","13":"tag-auvergne-rhone-alpes","14":"tag-edition-chambery-aix-les-bains","15":"tag-eu","16":"tag-europe","17":"tag-fil-info","18":"tag-fil-info-sport","19":"tag-football","20":"tag-fr","21":"tag-france","22":"tag-grenoble","23":"tag-haute-savoie","24":"tag-ligue-2-football","25":"tag-news","26":"tag-republique-francaise","27":"tag-savoie","28":"tag-sport","29":"tag-thonon-les-bains-le-chablais"},"share_on_mastodon":{"url":"https:\/\/pubeurope.com\/@fr\/114897109869145056","error":""},"_links":{"self":[{"href":"https:\/\/www.europesays.com\/fr\/wp-json\/wp\/v2\/posts\/265651","targetHints":{"allow":["GET"]}}],"collection":[{"href":"https:\/\/www.europesays.com\/fr\/wp-json\/wp\/v2\/posts"}],"about":[{"href":"https:\/\/www.europesays.com\/fr\/wp-json\/wp\/v2\/types\/post"}],"author":[{"embeddable":true,"href":"https:\/\/www.europesays.com\/fr\/wp-json\/wp\/v2\/users\/2"}],"replies":[{"embeddable":true,"href":"https:\/\/www.europesays.com\/fr\/wp-json\/wp\/v2\/comments?post=265651"}],"version-history":[{"count":0,"href":"https:\/\/www.europesays.com\/fr\/wp-json\/wp\/v2\/posts\/265651\/revisions"}],"wp:featuredmedia":[{"embeddable":true,"href":"https:\/\/www.europesays.com\/fr\/wp-json\/wp\/v2\/media\/265652"}],"wp:attachment":[{"href":"https:\/\/www.europesays.com\/fr\/wp-json\/wp\/v2\/media?parent=265651"}],"wp:term":[{"taxonomy":"category","embeddable":true,"href":"https:\/\/www.europesays.com\/fr\/wp-json\/wp\/v2\/categories?post=265651"},{"taxonomy":"post_tag","embeddable":true,"href":"https:\/\/www.europesays.com\/fr\/wp-json\/wp\/v2\/tags?post=265651"}],"curies":[{"name":"wp","href":"https:\/\/api.w.org\/{rel}","templated":true}]}}