{"id":265655,"date":"2025-07-22T13:26:09","date_gmt":"2025-07-22T13:26:09","guid":{"rendered":"https:\/\/www.europesays.com\/fr\/265655\/"},"modified":"2025-07-22T13:26:09","modified_gmt":"2025-07-22T13:26:09","slug":"un-camion-couche-sur-la-route-bloque-la-circulation-en-ille-et-vilaine","status":"publish","type":"post","link":"https:\/\/www.europesays.com\/fr\/265655\/","title":{"rendered":"Un camion couch\u00e9 sur la route bloque la circulation en Ille-et-Vilaine"},"content":{"rendered":"<p>Ce mardi 22 juillet, un accident de la route impliquant un poids lourd s\u2018est produit sur la RN 12 au sud de Foug\u00e8res, sur la commune de Javen\u00e9 (35). Le v\u00e9hicule s\u2019est retrouv\u00e9 couch\u00e9 sur la route bloquant alors la circulation dans les deux sens. \u00ab La route est ferm\u00e9e au niveau du giratoire de la Hayais (D798) pour une dur\u00e9e estim\u00e9e \u00e0 4 h \u00bb, pr\u00e9vient la direction des routes. Aucun bless\u00e9 n\u2019est \u00e0 d\u00e9plorer.<\/p>\n<p>Des d\u00e9viations<\/p>\n<p>Pour les usagers circulant sur la N12 ou sur la D798 depuis Vitr\u00e9, une d\u00e9viation a \u00e9t\u00e9 mise en place contournant Foug\u00e8res par le nord depuis le giratoire de L\u00e9cousse via la D706, la D155, la D798, la D806 jusqu\u2019au giratoire de la Vigne, puis la D706 jusqu\u2019\u00e0 la rue de Bretagne.<\/p>\n","protected":false},"excerpt":{"rendered":"Ce mardi 22 juillet, un accident de la route impliquant un poids lourd s\u2018est produit sur la RN&hellip;\n","protected":false},"author":2,"featured_media":265656,"comment_status":"","ping_status":"","sticky":false,"template":"","format":"standard","meta":{"footnotes":""},"categories":[2821],"tags":[1111,11,829,1777,674,118,3383,1011,27,848,12,584,25],"class_list":{"0":"post-265655","1":"post","2":"type-post","3":"status-publish","4":"format-standard","5":"has-post-thumbnail","7":"category-rennes","8":"tag-actu","9":"tag-actualites","10":"tag-bretagne","11":"tag-eu","12":"tag-europe","13":"tag-faits-divers","14":"tag-faits-divers-a-rennes","15":"tag-fr","16":"tag-france","17":"tag-ille-et-vilaine","18":"tag-news","19":"tag-rennes","20":"tag-republique-francaise"},"share_on_mastodon":{"url":"https:\/\/pubeurope.com\/@fr\/114897117705423343","error":""},"_links":{"self":[{"href":"https:\/\/www.europesays.com\/fr\/wp-json\/wp\/v2\/posts\/265655","targetHints":{"allow":["GET"]}}],"collection":[{"href":"https:\/\/www.europesays.com\/fr\/wp-json\/wp\/v2\/posts"}],"about":[{"href":"https:\/\/www.europesays.com\/fr\/wp-json\/wp\/v2\/types\/post"}],"author":[{"embeddable":true,"href":"https:\/\/www.europesays.com\/fr\/wp-json\/wp\/v2\/users\/2"}],"replies":[{"embeddable":true,"href":"https:\/\/www.europesays.com\/fr\/wp-json\/wp\/v2\/comments?post=265655"}],"version-history":[{"count":0,"href":"https:\/\/www.europesays.com\/fr\/wp-json\/wp\/v2\/posts\/265655\/revisions"}],"wp:featuredmedia":[{"embeddable":true,"href":"https:\/\/www.europesays.com\/fr\/wp-json\/wp\/v2\/media\/265656"}],"wp:attachment":[{"href":"https:\/\/www.europesays.com\/fr\/wp-json\/wp\/v2\/media?parent=265655"}],"wp:term":[{"taxonomy":"category","embeddable":true,"href":"https:\/\/www.europesays.com\/fr\/wp-json\/wp\/v2\/categories?post=265655"},{"taxonomy":"post_tag","embeddable":true,"href":"https:\/\/www.europesays.com\/fr\/wp-json\/wp\/v2\/tags?post=265655"}],"curies":[{"name":"wp","href":"https:\/\/api.w.org\/{rel}","templated":true}]}}