{"id":26566,"date":"2025-04-15T13:03:09","date_gmt":"2025-04-15T13:03:09","guid":{"rendered":"https:\/\/www.europesays.com\/fr\/26566\/"},"modified":"2025-04-15T13:03:09","modified_gmt":"2025-04-15T13:03:09","slug":"toulouse-cette-compagnie-low-cost-lance-cinq-nouvelles-destinations-inedites-au-soleil-voici-lesquelles","status":"publish","type":"post","link":"https:\/\/www.europesays.com\/fr\/26566\/","title":{"rendered":"Toulouse. Cette compagnie low-cost lance cinq nouvelles destinations (in\u00e9dites) au soleil, voici lesquelles"},"content":{"rendered":"<p>            Par<br \/>\n        <strong><br \/>\n            <a href=\"https:\/\/actu.fr\/auteur\/guillaume-laurens\" title=\"Consulter tous les articles de Guillaume Laurens\" target=\"_blank\" rel=\"noopener\">Guillaume Laurens<\/a><br \/>\n        <\/strong><\/p>\n<p>        Publi\u00e9 le<\/p>\n<p>            15 avr. 2025 \u00e0 12h07        <\/p>\n<p>Besoin de vous extirper de<a href=\"https:\/\/actu.fr\/occitanie\/toulouse_31555\/meteo-toulouse-et-l-occitanie-echapperont-elles-a-la-pluie-ce-mardi-voici-les-previsions_62508077.html\" target=\"_blank\" rel=\"noopener\"> la grisaille ambiante dans la Ville rose<\/a>\u2009? La compagnie low-cost <strong><a href=\"https:\/\/actu.fr\/tag\/transavia\" target=\"_blank\" rel=\"noopener\">Transavia<\/a><\/strong>, filiale d\u2019Air France KLM, vient d\u2019annoncer, ce mardi 15 avril 2025, le lancement de <strong>cinq nouvelles lignes internationales<\/strong> au d\u00e9part de <strong><a href=\"https:\/\/actu.fr\/tag\/aeroport-toulouse-blagnac\" target=\"_blank\" rel=\"noopener\">l\u2019a\u00e9roport Toulouse-Blagnac (ATB), <\/a><\/strong>pour certaines vers des destinations aussi in\u00e9dites que\u2026 paradisiaques\u2009! Tous les d\u00e9tails.<\/p>\n<p>La commercialisation de ces vols vient d\u2019ouvrir<\/p>\n<p class=\" wall-content\">Promettant des <strong>destinations \u00ab\u2009soleil en hiver\u2009\u00bb<\/strong>, Transavia a ouvert ce mardi \u00e0 10\u00a0heures, la commercialisation de ses vols pour la prochaine saison hivernale (soit des voyages du 26\u00a0octobre 2025 au 28\u00a0mars 2026). Et il y a <strong>quelques surprises<\/strong> puisque la filiale d\u2019Air France propose cinq nouvelles destinations, dont quatre jamais desservies depuis la Ville rose.<\/p>\n<p>Deux lignes vers l\u2019archipel du Cap-Vert<\/p>\n<p class=\" wall-content\">Premi\u00e8re nouveaut\u00e9\u2009? Deux \u00eeles de <strong>l\u2019archipel du Cap-Vert<\/strong>, connu pour son climat ensoleill\u00e9 toute l\u2019ann\u00e9e et ses <strong>plages idylliques,<\/strong> seront desservies\u2009:<\/p>\n<ul class=\" wall-content\">\n<li><strong>Boa Vista,<\/strong> \u00e0 raison d\u2019un vol par semaine (les vendredis), \u00e0 partir de <strong>120\u00a0euros<\/strong> l\u2019aller simple (premier vol pr\u00e9vu le 31\/10\/2025).<\/li>\n<li><strong>L\u2019\u00cele de Sal,<\/strong> \u00e0 raison d\u2019un par semaine (les vendredis), \u00e0 partir de <strong>125\u00a0euros<\/strong> l\u2019aller simple. Premier vol le 31\/10\/2025.<\/li>\n<\/ul>\n<p class=\" wall-content\">Ces deux magnifiques \u00eeles (et leurs plages de sable blanc) sont situ\u00e9es au nord de <strong>l\u2019archipel du Cap-Vert<\/strong>, situ\u00e9 dans l\u2019oc\u00e9an Atlantique, au large des c\u00f4tes du S\u00e9n\u00e9gal et de la Mauritanie.<\/p>\n<p>Deux lignes vers l\u2019Arabie saoudite<\/p>\n<p class=\" wall-content\">Apr\u00e8s Paris et Lyon, Transavia poursuit le d\u00e9veloppement de son r\u00e9seau entre la France et <strong>l\u2019Arabie saoudite.\u00a0<\/strong>Ainsi, la compagnie desservira, pour la toute premi\u00e8re fois, <strong>Djeddah, <\/strong>mais\u00a0aussi <strong>M\u00e9dine<\/strong>, depuis la Ville rose\u2009:<\/p>\n<ul class=\" wall-content\">\n<li><strong>Djeddah,<\/strong> \u00e0 raison d\u2019un vol par semaine (les mardis), \u00e0 partir de <strong>109\u00a0euros<\/strong> l\u2019aller simple. Premier vol pr\u00e9vu le 28\u00a0octobre 2025.<\/li>\n<li><strong>M\u00e9dine,<\/strong> \u00e0 raison d\u2019un vol par semaine (les mardis), \u00e0 partir de <strong>129\u00a0euros<\/strong> l\u2019aller simple. Premier vol pr\u00e9vu le 28\u00a0octobre 2025.<\/li>\n<\/ul>\n<p class=\" wall-content\">Djeddah et M\u00e9dine sont respectivement les 2\u1d49 et 4\u1d49 ville du royaume saoudien. Situ\u00e9e au bord de la mer Rouge, la premi\u00e8re est la <strong>capitale \u00e9conomique<\/strong> du pays, alors que la seconde est la deuxi\u00e8me <strong>ville sainte de l\u2019islam.<\/strong><\/p>\n<p>Une nouvelle ligne vers Isra\u00ebl<\/p>\n<p class=\" wall-content\">Enfin, la filiale d\u2019Air France proposera \u00e9galement des vols directs vers <strong>Tel Aviv<\/strong>, en Isra\u00ebl\u2009:<\/p>\n<ul class=\" wall-content\">\n<li><strong>Tel Aviv<\/strong>, \u00e0 raison d\u2019un vol par semaine (les lundis), \u00e0 partir de <strong>79\u00a0euros<\/strong> l\u2019aller simple. Premier vol pr\u00e9vu le 27\u00a0octobre 2025.<\/li>\n<\/ul>\n<p class=\" wall-content\">Situ\u00e9e sur la c\u00f4te m\u00e9diterran\u00e9enne, la bouillonnante Tel Aviv est la deuxi\u00e8me ville d\u2019Isra\u00ebl et un <strong>centre touristique<\/strong> important du pays.<\/p>\n<p>\u00ab\u2009Une nouvelle \u00e9tape qui en appellera d\u2019autres\u2009\u00bb, dit Transavia<\/p>\n<p class=\" wall-content\">\u00ab\u2009Ces cinq nouvelles routes viennent r\u00e9pondre \u00e0 la demande de nos clients d\u00e9sireux de partir au soleil et de rejoindre familles et amis pour l\u2019hiver prochain\u2009\u00bb, estime <strong>Nicolas H\u00e9nin,<\/strong> directeur g\u00e9n\u00e9ral adjoint commercial et marketing chez Transavia France. Il annonce la couleur\u2009: l\u2019offensive de la compagnie dans <a href=\"https:\/\/actu.fr\/occitanie\/toulouse_31555\/population-toulouse-compte-desormais-511-684-habitants-et-va-devenir-3e-ville-de-france-tres-rapidement_62022339.html\" target=\"_blank\" rel=\"noopener\">la future 3\u1d49 ville de France<\/a> n\u2019est pas termin\u00e9e\u2009: \u00ab\u2009Il s\u2019agit d\u2019une <strong>nouvelle \u00e9tape<\/strong> dans notre solide partenariat avec l\u2019a\u00e9roport Toulouse-Blagnac <strong>qui en appellera d\u2019autres prochainement\u2009\u00bb.<\/strong><\/p>\n<p>Transavia va baser son premier avion \u00e0 Toulouse<\/p>\n<p class=\" wall-content\">\u00ab\u2009Il s\u2019agit de cinq nouvelles liaisons, dont <strong>certaines in\u00e9dites<\/strong> comme le Cap-Vert, Djeddah ou Tel Aviv\u2009\u00bb, se r\u00e9jouit de son c\u00f4t\u00e9 <strong>Philippe Cr\u00e9bassa<\/strong>, pr\u00e9sident du directoire d\u2019ATB, qui explique ce changement de cap par un choix logistique de la compagnie\u2009:<\/p>\n<blockquote class=\"ac-article-quote wall-content\">\n<p>Pour la premi\u00e8re fois, un avion sera bas\u00e9 durant la saison hivernale, permettant \u00e0 Transavia de proposer un total de neuf destinations.<\/p>\n<p>    <strong>Philippe Cr\u00e9bassa<\/strong><br \/>\n        Pr\u00e9sident du directoire de l&rsquo;A\u00e9roport Toulouse-Blagnac    <\/p><\/blockquote>\n<p class=\" wall-content\">Apr\u00e8s avoir vu <a href=\"https:\/\/actu.fr\/occitanie\/toulouse_31555\/fermeture-de-la-base-easyjet-a-l-aeroport-de-toulouse-toutes-les-lignes-supprimees-et-maintenues_62444757.html\" target=\"_blank\" rel=\"noopener\"><strong>easyJet fermer sa base<\/strong> et plier les gaules<\/a>, l\u2019a\u00e9roport Toulouse-Blagnac va-t-il voir son activit\u00e9 red\u00e9coller avec Transavia\u2009?<\/p>\n<p><strong>Infos pratiques\u2009:<\/strong><br \/>\nPour plus de d\u00e9tails ou r\u00e9server des billets, c\u2019est sur <a href=\"http:\/\/www.transavia.fr\" target=\"_blank\" rel=\"noopener\">le site Internet de Transavia<\/a>.<\/p>\n<p class=\" wall-content\">Suivez toute l\u2019actualit\u00e9 de vos villes et m\u00e9dias favoris en vous inscrivant \u00e0 <a href=\"https:\/\/moncompte.actu.fr\" title=\"D\u00e9couvez Mon Actu\" rel=\"nofollow noopener\" data-trk=\"{&quot;cta&quot;:{&quot;action&quot;:&quot;https:\\\/\\\/moncompte.actu.fr&quot;,&quot;category&quot;:&quot;mon compte&quot;,&quot;from&quot;:&quot;article footer&quot;,&quot;name&quot;:&quot;Mon actu&quot;,&quot;type&quot;:&quot;cta&quot;}}\" target=\"_blank\">Mon Actu<\/a>.<\/p>\n<ul class=\"ac-article-tag wall-content\">\n<li><a href=\"https:\/\/actu.fr\/tag\/aeroport-toulouse-blagnac\" data-trk=\"{&quot;cta&quot;:{&quot;action&quot;:&quot;A\\u00e9roport Toulouse-Blagnac&quot;,&quot;category&quot;:&quot;tag&quot;,&quot;from&quot;:&quot;article footer&quot;,&quot;name&quot;:&quot;A\\u00e9roport Toulouse-Blagnac&quot;,&quot;type&quot;:&quot;cta&quot;}}\" target=\"_blank\" rel=\"noopener\">#A\u00e9roport Toulouse-Blagnac<\/a><\/li>\n<li><a href=\"https:\/\/actu.fr\/tag\/transavia\" data-trk=\"{&quot;cta&quot;:{&quot;action&quot;:&quot;Transavia&quot;,&quot;category&quot;:&quot;tag&quot;,&quot;from&quot;:&quot;article footer&quot;,&quot;name&quot;:&quot;Transavia&quot;,&quot;type&quot;:&quot;cta&quot;}}\" target=\"_blank\" rel=\"noopener\">#Transavia<\/a><\/li>\n<\/ul>\n","protected":false},"excerpt":{"rendered":"Par Guillaume Laurens Publi\u00e9 le 15 avr. 2025 \u00e0 12h07 Besoin de vous extirper de la grisaille ambiante&hellip;\n","protected":false},"author":2,"featured_media":26567,"comment_status":"","ping_status":"","sticky":false,"template":"","format":"standard","meta":{"footnotes":""},"categories":[2816],"tags":[1111,11,103,1777,674,1011,27,1652,12,2680,25,2312,756],"class_list":{"0":"post-26566","1":"post","2":"type-post","3":"status-publish","4":"format-standard","5":"has-post-thumbnail","7":"category-toulouse","8":"tag-actu","9":"tag-actualites","10":"tag-aeroport-toulouse-blagnac","11":"tag-eu","12":"tag-europe","13":"tag-fr","14":"tag-france","15":"tag-loisirs-culture","16":"tag-news","17":"tag-occitanie","18":"tag-republique-francaise","19":"tag-toulouse","20":"tag-transavia"},"share_on_mastodon":{"url":"https:\/\/pubeurope.com\/@fr\/114342120877694111","error":""},"_links":{"self":[{"href":"https:\/\/www.europesays.com\/fr\/wp-json\/wp\/v2\/posts\/26566","targetHints":{"allow":["GET"]}}],"collection":[{"href":"https:\/\/www.europesays.com\/fr\/wp-json\/wp\/v2\/posts"}],"about":[{"href":"https:\/\/www.europesays.com\/fr\/wp-json\/wp\/v2\/types\/post"}],"author":[{"embeddable":true,"href":"https:\/\/www.europesays.com\/fr\/wp-json\/wp\/v2\/users\/2"}],"replies":[{"embeddable":true,"href":"https:\/\/www.europesays.com\/fr\/wp-json\/wp\/v2\/comments?post=26566"}],"version-history":[{"count":0,"href":"https:\/\/www.europesays.com\/fr\/wp-json\/wp\/v2\/posts\/26566\/revisions"}],"wp:featuredmedia":[{"embeddable":true,"href":"https:\/\/www.europesays.com\/fr\/wp-json\/wp\/v2\/media\/26567"}],"wp:attachment":[{"href":"https:\/\/www.europesays.com\/fr\/wp-json\/wp\/v2\/media?parent=26566"}],"wp:term":[{"taxonomy":"category","embeddable":true,"href":"https:\/\/www.europesays.com\/fr\/wp-json\/wp\/v2\/categories?post=26566"},{"taxonomy":"post_tag","embeddable":true,"href":"https:\/\/www.europesays.com\/fr\/wp-json\/wp\/v2\/tags?post=26566"}],"curies":[{"name":"wp","href":"https:\/\/api.w.org\/{rel}","templated":true}]}}