{"id":265661,"date":"2025-07-22T13:29:14","date_gmt":"2025-07-22T13:29:14","guid":{"rendered":"https:\/\/www.europesays.com\/fr\/265661\/"},"modified":"2025-07-22T13:29:14","modified_gmt":"2025-07-22T13:29:14","slug":"la-piste-joaquin-panichelli-relancee-par-strasbourg-alsasports","status":"publish","type":"post","link":"https:\/\/www.europesays.com\/fr\/265661\/","title":{"rendered":"La piste Joaquin Panichelli relanc\u00e9e par Strasbourg ? \u2014 Alsa&rsquo;Sports"},"content":{"rendered":"<p><strong>La piste menant \u00e0 l\u2019attaquant argentin Joaquin Panichelli (22 ans), qui n\u2019\u00e9tait pas une priorit\u00e9 absolue en mai, aurait \u00e9t\u00e9 relanc\u00e9e ces derni\u00e8res heures. <\/strong><\/p>\n<p>C\u2019est un int\u00e9r\u00eat qui se manifeste depuis d\u00e9but mai, \u00e0 en croire \u00e0 l\u2019\u00e9poque la presse argentine et le journaliste italien sp\u00e9cialiste du mercato Matteo Moretto. Nous l\u2019avions confirm\u00e9, le Racing Club de Strasbourg suivait bel et bien Joaquin Panichelli, jeune attaquant argentin de 22 ans actuellement sous contrat avec le Deportivo Alav\u00e9s et pr\u00eat\u00e9 la saison derni\u00e8re \u00e0 Mirand\u00e9s en deuxi\u00e8me division espagnole (21\u00a0buts et 8 passes d\u00e9cisives en 44 matches). Mais cette piste n\u2019\u00e9tait pas une priorit\u00e9 \u00e0 ce moment-l\u00e0, notamment en raison du prix r\u00e9clam\u00e9 par Alav\u00e9s (20 millions d\u2019euros, le montant de sa clause lib\u00e9ratoire), jug\u00e9 trop \u00e9lev\u00e9 par le Racing. <\/p>\n<p>Mais d\u2019autres sources et notamment celle menant au journaliste mercato le plus fiable du monde, Fabrizio Romano, avancent ces derni\u00e8res heures que Strasbourg serait proche d\u2019un accord avec Alav\u00e9s pour 16 millions d\u2019euros sur un contrat de cinq ans. Une situation o\u00f9 le Racing serait plus enclin \u00e0 n\u00e9gocier et m\u00eame \u00e0 conclure l\u2019affaire. Toujours selon cette m\u00eame source, le club alsacien esp\u00e8rerait obtenir le feu vert cette semaine. Un dossier qu\u2019il faudrait tout de m\u00eame prendre avec des pincettes de par sa dur\u00e9e (les premi\u00e8res rumeurs ont d\u00e9marr\u00e9 d\u00e9but mai) et par la n\u00e9cessit\u00e9 de recruter dans d\u2019autres secteurs avant (d\u00e9fense, gardien). <\/p>\n","protected":false},"excerpt":{"rendered":"La piste menant \u00e0 l\u2019attaquant argentin Joaquin Panichelli (22 ans), qui n\u2019\u00e9tait pas une priorit\u00e9 absolue en mai,&hellip;\n","protected":false},"author":2,"featured_media":265662,"comment_status":"","ping_status":"","sticky":false,"template":"","format":"standard","meta":{"footnotes":""},"categories":[2820],"tags":[1111,11,1777,674,63,1011,27,775,66,12,4448,25,640],"class_list":{"0":"post-265661","1":"post","2":"type-post","3":"status-publish","4":"format-standard","5":"has-post-thumbnail","7":"category-strasbourg","8":"tag-actu","9":"tag-actualites","10":"tag-eu","11":"tag-europe","12":"tag-football","13":"tag-fr","14":"tag-france","15":"tag-grand-est","16":"tag-ligue-1","17":"tag-news","18":"tag-rc-strasbourg","19":"tag-republique-francaise","20":"tag-strasbourg"},"share_on_mastodon":{"url":"https:\/\/pubeurope.com\/@fr\/114897129554428384","error":""},"_links":{"self":[{"href":"https:\/\/www.europesays.com\/fr\/wp-json\/wp\/v2\/posts\/265661","targetHints":{"allow":["GET"]}}],"collection":[{"href":"https:\/\/www.europesays.com\/fr\/wp-json\/wp\/v2\/posts"}],"about":[{"href":"https:\/\/www.europesays.com\/fr\/wp-json\/wp\/v2\/types\/post"}],"author":[{"embeddable":true,"href":"https:\/\/www.europesays.com\/fr\/wp-json\/wp\/v2\/users\/2"}],"replies":[{"embeddable":true,"href":"https:\/\/www.europesays.com\/fr\/wp-json\/wp\/v2\/comments?post=265661"}],"version-history":[{"count":0,"href":"https:\/\/www.europesays.com\/fr\/wp-json\/wp\/v2\/posts\/265661\/revisions"}],"wp:featuredmedia":[{"embeddable":true,"href":"https:\/\/www.europesays.com\/fr\/wp-json\/wp\/v2\/media\/265662"}],"wp:attachment":[{"href":"https:\/\/www.europesays.com\/fr\/wp-json\/wp\/v2\/media?parent=265661"}],"wp:term":[{"taxonomy":"category","embeddable":true,"href":"https:\/\/www.europesays.com\/fr\/wp-json\/wp\/v2\/categories?post=265661"},{"taxonomy":"post_tag","embeddable":true,"href":"https:\/\/www.europesays.com\/fr\/wp-json\/wp\/v2\/tags?post=265661"}],"curies":[{"name":"wp","href":"https:\/\/api.w.org\/{rel}","templated":true}]}}