{"id":265675,"date":"2025-07-22T13:37:09","date_gmt":"2025-07-22T13:37:09","guid":{"rendered":"https:\/\/www.europesays.com\/fr\/265675\/"},"modified":"2025-07-22T13:37:09","modified_gmt":"2025-07-22T13:37:09","slug":"toulouse-en-haut-du-classement-des-meilleures-villes-de-france-pour-faire-du-shopping-en-2025","status":"publish","type":"post","link":"https:\/\/www.europesays.com\/fr\/265675\/","title":{"rendered":"Toulouse en haut du classement des meilleures villes de France pour faire du shopping en 2025"},"content":{"rendered":"<p>            Par<br \/>\n        <strong><br \/>\n            <a href=\"https:\/\/actu.fr\/auteur\/lea-afonso\" title=\"Consulter tous les articles de L\u00e9a Afonso\" target=\"_blank\" rel=\"noopener\">L\u00e9a Afonso<\/a><br \/>\n        <\/strong><\/p>\n<p>        Publi\u00e9 le<\/p>\n<p>            22 juil. 2025 \u00e0 15h02        <\/p>\n<p>Faire les boutiques rue d\u2019Alsace Lorraine, contempler les vitrines dans <a href=\"https:\/\/actu.fr\/occitanie\/toulouse_31555\/c-est-vraiment-les-champs-elysees-de-toulouse-le-quartier-du-luxe-a-commence-sa-mue_62022320.html\" target=\"_blank\" rel=\"noopener\">la toute nouvelle rue Croix Baragnon<\/a>, d\u00e9ambuler juste \u00e0 c\u00f4t\u00e9, sur la d\u00e9sormais <a href=\"https:\/\/actu.fr\/occitanie\/toulouse_31555\/en-images-toulouse-apres-des-mois-de-travaux-cette-rue-du-centre-ville-devenue-pietonne-se-devoile_62809691.html\" target=\"_blank\" rel=\"noopener\">pi\u00e9tonne rue de Metz<\/a>, puis profiter d\u2019une promenade en bord de Garonne\u2026 L\u2019environnement est \u2014 presque \u2014 idyllique pour une journ\u00e9e <strong>shopping<\/strong> \u00e0 <a href=\"https:\/\/actu.fr\/toulouse\/\" target=\"_blank\" rel=\"noopener\">Toulouse<\/a>. Tant d\u2019\u00e9l\u00e9ments flatteurs qui placent la Ville rose dans le haut du classement des<strong> meilleures villes de France<\/strong> pour faire du <strong>shopping<\/strong> en 2025.<\/p>\n<p>3e meilleure ville de France<\/p>\n<p class=\" wall-content\">Toulouse brille \u00e0 l\u2019\u00e9chelle nationale. Quand ce n\u2019est pas<a href=\"https:\/\/actu.fr\/occitanie\/toulouse_31555\/toulouse-blagnac-de-nouveau-numero-un-des-aeroports-francais-selon-ce-classement_62893435.html#:~:text=L&#039;a%C3%A9roport%20de%20Toulouse%2DBlagnac,pour%20la%20p%C3%A9riode%202024%2D2025.\" target=\"_blank\" rel=\"noopener\"> pour son a\u00e9roport<\/a> <a href=\"https:\/\/actu.fr\/occitanie\/toulouse_31555\/toulouse-blagnac-de-nouveau-numero-un-des-aeroports-francais-selon-ce-classement_62893435.html#:~:text=L&#039;a%C3%A9roport%20de%20Toulouse%2DBlagnac,pour%20la%20p%C3%A9riode%202024%2D2025.\" target=\"_blank\" rel=\"noopener\">\u2014 le meilleur de France<\/a> \u2014, c\u2019est un autre classement qui la met en valeur, celui des meilleures villes de France pour faire du shopping en 2025. Effectivement, la Ville rose arrive en<strong> 3e place du classement<\/strong>, derri\u00e8re Toulon et Clermont-Ferrand, selon une \u00e9tude SumUp.<\/p>\n<p class=\" wall-content\">Cette derni\u00e8re se base sur le nombre de magasins vintage, de mode et d\u2019accessoires de mode pour 100\u2009000\u00a0habitants afin de d\u00e9terminer quelles villes ont la plus forte concentration de magasins de mode.<\/p>\n<p>Des magasins par centaine<\/p>\n<p class=\" wall-content\">\u00ab\u2009La Ville Rose brille gr\u00e2ce \u00e0 ses 102 magasins d\u2019accessoires et une ambiance shopping particuli\u00e8rement chaleureuse. Le centre-ville de Toulouse, avec ses fa\u00e7ades en briques roses et ses ruelles pi\u00e9tonnes, est un vrai paradis pour les amateurs de mode alternative et de cr\u00e9ateurs locaux. Des boutiques vintages aux \u00e9choppes de bijoux artisanaux, l\u2019offre est vari\u00e9e et refl\u00e8te l\u2019identit\u00e9 artistique de la ville\u2009\u00bb, rend compte l\u2019\u00e9tude.<\/p>\n<p class=\" wall-content\">Au total, selon l\u2019\u00e9tude, Toulouse dispose de<strong> 23 magasins vintage, 35 de mode et 102 d\u2019accessoires de mode<\/strong> pour 100\u2009000\u00a0habitants. Des chiffres qui lui ont permis de d\u00e9crocher la 3e place du classement\u2009!<\/p>\n<p>Vid\u00e9os : en ce moment sur Actu<\/p>\n<p class=\" wall-content\">Suivez toute l\u2019actualit\u00e9 de vos villes et m\u00e9dias favoris en vous inscrivant \u00e0 <a href=\"https:\/\/moncompte.actu.fr\" title=\"D\u00e9couvez Mon Actu\" rel=\"nofollow noopener\" data-trk=\"{&quot;cta&quot;:{&quot;action&quot;:&quot;https:\\\/\\\/moncompte.actu.fr&quot;,&quot;category&quot;:&quot;mon compte&quot;,&quot;from&quot;:&quot;article footer&quot;,&quot;name&quot;:&quot;Mon actu&quot;,&quot;type&quot;:&quot;cta&quot;}}\" target=\"_blank\">Mon Actu<\/a>.<\/p>\n<ul class=\"ac-article-tag wall-content\">\n<li><a href=\"https:\/\/actu.fr\/tag\/commerce\" data-trk=\"{&quot;cta&quot;:{&quot;action&quot;:&quot;Commerce&quot;,&quot;category&quot;:&quot;tag&quot;,&quot;from&quot;:&quot;article footer&quot;,&quot;name&quot;:&quot;Commerce&quot;,&quot;type&quot;:&quot;cta&quot;}}\" target=\"_blank\" rel=\"noopener\">#Commerce<\/a><\/li>\n<li><a href=\"https:\/\/actu.fr\/tag\/nouveaux-commerces-a-toulouse\" data-trk=\"{&quot;cta&quot;:{&quot;action&quot;:&quot;Nouveaux commerces \\u00e0 Toulouse&quot;,&quot;category&quot;:&quot;tag&quot;,&quot;from&quot;:&quot;article footer&quot;,&quot;name&quot;:&quot;Nouveaux commerces \\u00e0 Toulouse&quot;,&quot;type&quot;:&quot;cta&quot;}}\" target=\"_blank\" rel=\"noopener\">#Nouveaux commerces \u00e0 Toulouse<\/a><\/li>\n<\/ul>\n","protected":false},"excerpt":{"rendered":"Par L\u00e9a Afonso Publi\u00e9 le 22 juil. 2025 \u00e0 15h02 Faire les boutiques rue d\u2019Alsace Lorraine, contempler les&hellip;\n","protected":false},"author":2,"featured_media":265676,"comment_status":"","ping_status":"","sticky":false,"template":"","format":"standard","meta":{"footnotes":""},"categories":[2816],"tags":[1111,11,215,1777,674,1011,27,12,2849,2680,25,104,2312],"class_list":{"0":"post-265675","1":"post","2":"type-post","3":"status-publish","4":"format-standard","5":"has-post-thumbnail","7":"category-toulouse","8":"tag-actu","9":"tag-actualites","10":"tag-commerce","11":"tag-eu","12":"tag-europe","13":"tag-fr","14":"tag-france","15":"tag-news","16":"tag-nouveaux-commerces-a-toulouse","17":"tag-occitanie","18":"tag-republique-francaise","19":"tag-societe","20":"tag-toulouse"},"share_on_mastodon":{"url":"https:\/\/pubeurope.com\/@fr\/114897161042563847","error":""},"_links":{"self":[{"href":"https:\/\/www.europesays.com\/fr\/wp-json\/wp\/v2\/posts\/265675","targetHints":{"allow":["GET"]}}],"collection":[{"href":"https:\/\/www.europesays.com\/fr\/wp-json\/wp\/v2\/posts"}],"about":[{"href":"https:\/\/www.europesays.com\/fr\/wp-json\/wp\/v2\/types\/post"}],"author":[{"embeddable":true,"href":"https:\/\/www.europesays.com\/fr\/wp-json\/wp\/v2\/users\/2"}],"replies":[{"embeddable":true,"href":"https:\/\/www.europesays.com\/fr\/wp-json\/wp\/v2\/comments?post=265675"}],"version-history":[{"count":0,"href":"https:\/\/www.europesays.com\/fr\/wp-json\/wp\/v2\/posts\/265675\/revisions"}],"wp:featuredmedia":[{"embeddable":true,"href":"https:\/\/www.europesays.com\/fr\/wp-json\/wp\/v2\/media\/265676"}],"wp:attachment":[{"href":"https:\/\/www.europesays.com\/fr\/wp-json\/wp\/v2\/media?parent=265675"}],"wp:term":[{"taxonomy":"category","embeddable":true,"href":"https:\/\/www.europesays.com\/fr\/wp-json\/wp\/v2\/categories?post=265675"},{"taxonomy":"post_tag","embeddable":true,"href":"https:\/\/www.europesays.com\/fr\/wp-json\/wp\/v2\/tags?post=265675"}],"curies":[{"name":"wp","href":"https:\/\/api.w.org\/{rel}","templated":true}]}}