{"id":265691,"date":"2025-07-22T13:48:15","date_gmt":"2025-07-22T13:48:15","guid":{"rendered":"https:\/\/www.europesays.com\/fr\/265691\/"},"modified":"2025-07-22T13:48:15","modified_gmt":"2025-07-22T13:48:15","slug":"nespresso-ouvre-son-premier-coffee-shop-a-paris","status":"publish","type":"post","link":"https:\/\/www.europesays.com\/fr\/265691\/","title":{"rendered":"Nespresso ouvre son premier coffee shop \u00e0 Paris"},"content":{"rendered":"<p>Le 18 juillet 2025, Nespresso a ouvert son tout premier coffee shop \u00e0 Paris \u2013 l\u2019un de ses march\u00e9s historiques. Le lieu s\u2019appelle \u00ab\u00a0Caf\u00e9\u00a0\u00bb, sans plus de fioritures. Une premi\u00e8re adresse physique o\u00f9 l\u2019on ne vend pas des machines ou des capsules, mais du caf\u00e9, pr\u00e9par\u00e9 sur place. Un virage pour la marque suisse, longtemps cantonn\u00e9e aux comptoirs feutr\u00e9s et \u00e0 la vente assist\u00e9e par George Clooney.<\/p>\n<p>Une volont\u00e9 d\u2019incarner l\u2019exp\u00e9rience<\/p>\n<p>&#13;<\/p>\n<p data-start=\"96\" data-end=\"728\" data-is-last-node=\"\" data-is-only-node=\"\">\u00ab Je suis intimement convaincu que les amateurs de caf\u00e9s d\u2019aujourd\u2019hui sont en qu\u00eate d\u2019exp\u00e9rience et de proximit\u00e9 \u00bb, r\u00e9sume Guillaume Chesneau, directeur g\u00e9n\u00e9ral de Nespresso France. Une mani\u00e8re pour la marque de justifier cette nouvelle \u00e9tape : quitter les rayons et les comptoirs de d\u00e9monstration pour proposer, enfin, une exp\u00e9rience de d\u00e9gustation compl\u00e8te. \u00ab Le caf\u00e9 est devenu un v\u00e9ritable art de vivre qui va au-del\u00e0 d\u2019une simple tasse \u00bb, poursuit-il. Avec cette premi\u00e8re ouverture, Nespresso entend, selon ses mots, \u201cmarquer une \u00e9tape strat\u00e9gique\u201d. Comprenez : rattraper son retard face \u00e0 une sc\u00e8ne caf\u00e9 parisienne d\u00e9j\u00e0 bien install\u00e9e.<\/p>\n<p>&#13;<\/p>\n<p data-start=\"0\" data-end=\"661\" data-is-last-node=\"\" data-is-only-node=\"\">Install\u00e9 dans un h\u00f4tel particulier du XVIIe si\u00e8cle class\u00e9, en plein c\u0153ur du Marais, le Caf\u00e9 mise sur le contraste entre vieilles pierres et design contemporain. Pour orchestrer\u00a0le face-\u00e0-face, Nespresso a fait appel \u00e0 Rudy Gu\u00e9naire, connu pour ses collaborations avec C\u00e9dric Grolet ou le Holiday Caf\u00e9, qui signe un d\u00e9cor entre baroque parisien et inspirations italiennes des ann\u00e9es 1930. \u00ab J\u2019ai imagin\u00e9 le Caf\u00e9 comme une capsule hors du temps, simple et po\u00e9tique, o\u00f9 le savoir-faire ancestral rencontre la technologie ultra sophistiqu\u00e9e \u00bb, r\u00e9sume l\u2019architecte qui\u00a0\u00ab adore le caf\u00e9\u00a0\u00bb.<\/p>\n<p>&#13;<br \/>\nGrains frais et carte resserr\u00e9e&#13;\n<\/p>\n<p data-start=\"0\" data-end=\"661\" data-is-last-node=\"\" data-is-only-node=\"\">Pour le reste, pas de capsules, pas de machine automatique : ici, le caf\u00e9 se pr\u00e9pare \u00e0 la main, extrait minute par les baristas de la maison. Chaque jour, deux origines sont propos\u00e9es\u00a0sur\u00a0une carte volontairement resserr\u00e9e : espresso, cappuccino, latte glac\u00e9, et une boisson signature (un mocha parfum\u00e9 \u00e0 la f\u00e8ve tonka). Pour l&rsquo;app\u00e9tit, la marque s\u2019attaque \u00e0 une figure famili\u00e8re des boulangeries fran\u00e7aises : le palmier. Mais version brioch\u00e9e, et d\u00e9clin\u00e9e en pralin\u00e9, fraise-basilic, chocolat noir\u2013fleur de sel ou f\u00e8ve tonka. On promet aussi des\u00a0\u00ab\u00a0cr\u00e9ations caf\u00e9 et p\u00e2tisseries co-sign\u00e9es par les talents les plus en vue de la sc\u00e8ne food fran\u00e7aise \u00bb.<\/p>\n<p><img decoding=\"async\" id=\"21523e22-46d7-4c80-d3f1-eb31e6fd578d\" class=\"photo lazy inline\" loading=\"lazy\" data-component=\"lazy-embed\" src=\"https:\/\/www.europesays.com\/fr\/wp-content\/uploads\/2025\/07\/1753192094_294_image.webp.webp\" alt=\"Nespresso ouvre son premier coffee shop \u00e0 Paris\" data-caption=\"\" data-credit=\"\u00a9 Nespresso\" data-width-class=\"\" data-image-id=\"106298507\"\/>&#13;<br \/>\n\u00a9 Nespresso&#13;<\/p>\n<p>&#13;<br \/>\nUne touche arty sign\u00e9e Thomas L\u00e9lu&#13;\n<\/p>\n<p>Le tout est servi au comptoir, \u00e0 emporter ou \u00e0 siroter dans la cour pav\u00e9e, planqu\u00e9e derri\u00e8re les murs de l\u2019h\u00f4tel particulier.\u00a0Et pour ancrer ce premier lieu dans son \u00e9poque, Nespresso a fait appel \u00e0 l\u2019artiste et auteur Thomas L\u00e9lu. Il signe une s\u00e9rie de cinq aphorismes in\u00e9dits (du type \u00ab Coffee first, think later \u00bb) \u00e0 retrouver sur les gobelets, les sachets ou les cartes \u00e0 collectionner.\u00a0\u00ab L\u2019ouverture du premier coffee shop Nespresso m\u2019a tout de suite inspir\u00e9 : un nouveau temple du cool autour du caf\u00e9, audacieux et r\u00e9solument contemporain \u00bb, explique-t-il. \u00ab J\u2019ai con\u00e7u cette collection dans le m\u00eame esprit que mon travail : d\u00e9tourner le quotidien avec humour, subtilit\u00e9 et l\u00e9g\u00e8ret\u00e9 \u2013 des codes qui parlent au plus grand nombre. \u00bb<\/p>\n<p>Un \u00e9chauffement puisqu&rsquo;\u00e0 l\u2019automne, Nespresso d\u00e9voilera \u00ab\u00a0La Maison Nespresso\u00a0\u00bb, un deuxi\u00e8me lieu annonc\u00e9 comme un concept store \u00e0 mi-chemin entre caf\u00e9, table d\u2019h\u00f4tes et laboratoire cr\u00e9atif.\u00a0<\/p>\n<p>&#13;<\/p>\n<p>&#13;<\/p>\n","protected":false},"excerpt":{"rendered":"Le 18 juillet 2025, Nespresso a ouvert son tout premier coffee shop \u00e0 Paris \u2013 l\u2019un de ses&hellip;\n","protected":false},"author":2,"featured_media":265692,"comment_status":"","ping_status":"","sticky":false,"template":"","format":"standard","meta":{"footnotes":""},"categories":[1888],"tags":[11,11877,2924,1777,674,1011,27,12,626,25,2923],"class_list":{"0":"post-265691","1":"post","2":"type-post","3":"status-publish","4":"format-standard","5":"has-post-thumbnail","7":"category-paris","8":"tag-actualites","9":"tag-actualites-dans-nos-verres","10":"tag-categories-restaurants","11":"tag-eu","12":"tag-europe","13":"tag-fr","14":"tag-france","15":"tag-news","16":"tag-paris","17":"tag-republique-francaise","18":"tag-restaurants"},"share_on_mastodon":{"url":"https:\/\/pubeurope.com\/@fr\/114897204380082531","error":""},"_links":{"self":[{"href":"https:\/\/www.europesays.com\/fr\/wp-json\/wp\/v2\/posts\/265691","targetHints":{"allow":["GET"]}}],"collection":[{"href":"https:\/\/www.europesays.com\/fr\/wp-json\/wp\/v2\/posts"}],"about":[{"href":"https:\/\/www.europesays.com\/fr\/wp-json\/wp\/v2\/types\/post"}],"author":[{"embeddable":true,"href":"https:\/\/www.europesays.com\/fr\/wp-json\/wp\/v2\/users\/2"}],"replies":[{"embeddable":true,"href":"https:\/\/www.europesays.com\/fr\/wp-json\/wp\/v2\/comments?post=265691"}],"version-history":[{"count":0,"href":"https:\/\/www.europesays.com\/fr\/wp-json\/wp\/v2\/posts\/265691\/revisions"}],"wp:featuredmedia":[{"embeddable":true,"href":"https:\/\/www.europesays.com\/fr\/wp-json\/wp\/v2\/media\/265692"}],"wp:attachment":[{"href":"https:\/\/www.europesays.com\/fr\/wp-json\/wp\/v2\/media?parent=265691"}],"wp:term":[{"taxonomy":"category","embeddable":true,"href":"https:\/\/www.europesays.com\/fr\/wp-json\/wp\/v2\/categories?post=265691"},{"taxonomy":"post_tag","embeddable":true,"href":"https:\/\/www.europesays.com\/fr\/wp-json\/wp\/v2\/tags?post=265691"}],"curies":[{"name":"wp","href":"https:\/\/api.w.org\/{rel}","templated":true}]}}