{"id":265699,"date":"2025-07-22T13:52:10","date_gmt":"2025-07-22T13:52:10","guid":{"rendered":"https:\/\/www.europesays.com\/fr\/265699\/"},"modified":"2025-07-22T13:52:10","modified_gmt":"2025-07-22T13:52:10","slug":"trump-retire-les-usa-de-lunesco","status":"publish","type":"post","link":"https:\/\/www.europesays.com\/fr\/265699\/","title":{"rendered":"Trump retire les USA de l\u2019UNESCO"},"content":{"rendered":"<p>Le pr\u00e9sident am\u00e9ricain, Donald Trump, a d\u00e9cid\u00e9 de retirer les \u00c9tats-Unis de l\u2019UNESCO, accusant l\u2019organisation onusienne d\u2019adopter des politiques hostiles \u00e0 l\u2019Am\u00e9rique et \u00e0 Isra\u00ebl, tout en promouvant une id\u00e9ologie woke jug\u00e9e contraire aux valeurs am\u00e9ricaines. La d\u00e9cision fait suite \u00e0 une r\u00e9\u00e9valuation de 90 jours lanc\u00e9e en f\u00e9vrier dernier, visant notamment \u00e0 identifier d\u2019\u00e9ventuels biais anti-isra\u00e9liens ou antis\u00e9mites au sein de l\u2019institution.<br \/>Selon la Maison-Blanche, cette revue a mis en lumi\u00e8re plusieurs \u00e9l\u00e9ments probl\u00e9matiques, notamment les politiques de Diversit\u00e9, \u00c9quit\u00e9 et Inclusion (DEI) de l\u2019UNESCO, ainsi que son soutien pr\u00e9sum\u00e9 \u00e0 des causes pro-palestiniennes et pro-chinoises.<br \/>L\u2019organisation est accus\u00e9e d\u2019avoir d\u00e9sign\u00e9 des sites juifs comme patrimoine palestinien et d\u2019utiliser un langage partial sur le conflit isra\u00e9lo-palestinien.<br \/>Trump avait d\u00e9j\u00e0 retir\u00e9 les \u00c9tats-Unis de l\u2019UNESCO en 2017 pour des raisons similaires. Son geste fait \u00e9cho \u00e0 celui de Ronald Reagan en 1983. Le pr\u00e9sident Biden avait r\u00e9int\u00e9gr\u00e9 l\u2019organisation en 2023, invoquant la n\u00e9cessit\u00e9 de contrer l\u2019influence chinoise croissante.<\/p>\n<p>&#8211; Publicit\u00e9-<\/p>\n","protected":false},"excerpt":{"rendered":"Le pr\u00e9sident am\u00e9ricain, Donald Trump, a d\u00e9cid\u00e9 de retirer les \u00c9tats-Unis de l\u2019UNESCO, accusant l\u2019organisation onusienne d\u2019adopter des&hellip;\n","protected":false},"author":2,"featured_media":265700,"comment_status":"","ping_status":"","sticky":false,"template":"","format":"standard","meta":{"footnotes":""},"categories":[1589],"tags":[11,73,1866,12,1864,1865,1863,308],"class_list":{"0":"post-265699","1":"post","2":"type-post","3":"status-publish","4":"format-standard","5":"has-post-thumbnail","7":"category-etats-unis","8":"tag-actualites","9":"tag-etats-unis","10":"tag-etats-unis-damerique","11":"tag-news","12":"tag-united-states","13":"tag-united-states-of-america","14":"tag-us","15":"tag-usa"},"share_on_mastodon":{"url":"https:\/\/pubeurope.com\/@fr\/114897220037167665","error":""},"_links":{"self":[{"href":"https:\/\/www.europesays.com\/fr\/wp-json\/wp\/v2\/posts\/265699","targetHints":{"allow":["GET"]}}],"collection":[{"href":"https:\/\/www.europesays.com\/fr\/wp-json\/wp\/v2\/posts"}],"about":[{"href":"https:\/\/www.europesays.com\/fr\/wp-json\/wp\/v2\/types\/post"}],"author":[{"embeddable":true,"href":"https:\/\/www.europesays.com\/fr\/wp-json\/wp\/v2\/users\/2"}],"replies":[{"embeddable":true,"href":"https:\/\/www.europesays.com\/fr\/wp-json\/wp\/v2\/comments?post=265699"}],"version-history":[{"count":0,"href":"https:\/\/www.europesays.com\/fr\/wp-json\/wp\/v2\/posts\/265699\/revisions"}],"wp:featuredmedia":[{"embeddable":true,"href":"https:\/\/www.europesays.com\/fr\/wp-json\/wp\/v2\/media\/265700"}],"wp:attachment":[{"href":"https:\/\/www.europesays.com\/fr\/wp-json\/wp\/v2\/media?parent=265699"}],"wp:term":[{"taxonomy":"category","embeddable":true,"href":"https:\/\/www.europesays.com\/fr\/wp-json\/wp\/v2\/categories?post=265699"},{"taxonomy":"post_tag","embeddable":true,"href":"https:\/\/www.europesays.com\/fr\/wp-json\/wp\/v2\/tags?post=265699"}],"curies":[{"name":"wp","href":"https:\/\/api.w.org\/{rel}","templated":true}]}}