{"id":26570,"date":"2025-04-15T13:05:21","date_gmt":"2025-04-15T13:05:21","guid":{"rendered":"https:\/\/www.europesays.com\/fr\/26570\/"},"modified":"2025-04-15T13:05:21","modified_gmt":"2025-04-15T13:05:21","slug":"nouvelle-date-le-theatre-sebastopol-de-lille-accueillera-le-nouveau-spectacle-darnaud-tsamere-le-jeudi-19-novembre-2026","status":"publish","type":"post","link":"https:\/\/www.europesays.com\/fr\/26570\/","title":{"rendered":"[Nouvelle date] Le Th\u00e9\u00e2tre S\u00e9bastopol de Lille accueillera le nouveau spectacle d&rsquo;Arnaud Tsamere le jeudi 19 novembre 2026"},"content":{"rendered":"<p>\t\t\t<img width=\"660\" height=\"330\" src=\"https:\/\/www.europesays.com\/fr\/wp-content\/uploads\/2025\/04\/arnaud_tsamere-660x330.jpg\" class=\"attachment-slider size-slider wp-post-image\" alt=\"\" decoding=\"async\" fetchpriority=\"high\"\/>\t\t<\/p>\n<p class=\"post-meta\">\n<p>\t<a href=\"https:\/\/www.zoomsurlille.fr\/author\/damien\" title=\"\" target=\"_blank\" rel=\"noopener\">Damien <\/a><\/p>\n<p>\t14 avril 2025<br \/>\n\t<a href=\"https:\/\/www.zoomsurlille.fr\/actualites\" rel=\"category tag noopener\" target=\"_blank\">Actualit\u00e9s<\/a><\/p>\n<p style=\"text-align: justify;\"><strong>Jeudi 19 novembre 2026 \u00e0 20h, <\/strong>le <strong>Th\u00e9\u00e2tre S\u00e9bastopol de Lille <\/strong>accueillera le <strong>nouveau spectacle d\u2019Arnaud Tsamere.<\/strong><\/p>\n<p style=\"text-align: justify;\">Spectacle d\u2019Arnaud Tsamere<br \/>\u00ab Apr\u00e8s le succ\u00e8s de son pr\u00e9c\u00e9dent spectacle \u00ab 2 mariages et 1 enterrement \u00bb et actuellement disponible sur Canal +, un passage par le th\u00e9\u00e2tre classique dans le r\u00f4le de Cyrano de Bergerac mis en sc\u00e8ne par Alain Sachs, et la retentissante tourn\u00e9e du Trio avec ses deux acolytes J\u00e9r\u00e9my Ferrari et Baptiste Lecaplain, Arnaud Tsamere, l\u2019humoriste applaudi par plus de 500 000 spectateurs en salle revient sur sc\u00e8ne en janvier 2026 avec un 5\u00e8me One Man Show plus intense que jamais ! \u00bb<\/p>\n<p><img loading=\"lazy\" decoding=\"async\" class=\"tie-appear\" src=\"https:\/\/www.europesays.com\/fr\/wp-content\/uploads\/2025\/04\/1744722321_833_arrow.png\" alt=\"Puce\" width=\"9\" height=\"9\"\/> Les <strong>billets<\/strong> sont en vente dans les <strong>points de vente habituels. Les tarifs <\/strong>se situent entre<strong> 34\u20ac <\/strong>et <strong>38\u20ac.<\/strong><\/p>\n<p><img loading=\"lazy\" decoding=\"async\" class=\"tie-appear\" src=\"https:\/\/www.europesays.com\/fr\/wp-content\/uploads\/2025\/04\/1744722321_833_arrow.png\" alt=\"Puce\" width=\"9\" height=\"9\"\/> <a href=\"http:\/\/www.nuitsdartistes.com\/\" target=\"_blank\" rel=\"noreferrer noopener\">Site internet de Nuits d\u2019Artistes<\/a><\/p>\n<p>\u00a0<\/p>\n<p class=\"has-text-align-right\">Source : Nuits d\u2019Artistes \/ Images : DR \u2013 \u00a9 Dark Smile Productions<\/p>\n<p>\t\t<a href=\"#\" id=\"check-also-close\"><\/a><\/p>\n<p>\n\t\t\tA lire \u00e9galement !\n\t\t<\/p>\n<p>\t\t\t\t<a href=\"https:\/\/www.zoomsurlille.fr\/actualites\/samedi-26-avril-2025-cest-fiesta-dans-le-centre-ville-de-lille\" target=\"_blank\" rel=\"noopener\"><br \/>\n\t\t\t\t\t<img width=\"310\" height=\"165\" src=\"https:\/\/www.europesays.com\/fr\/wp-content\/uploads\/2025\/04\/lille3000_fiesta_parade_01-310x165.jpg\" class=\"attachment-tie-medium size-tie-medium wp-post-image\" alt=\"\" decoding=\"async\" loading=\"lazy\"\/><br \/>\n\t\t\t\t<\/a><\/p>\n<p>En 2004, Lille devenait Capitale Europ\u00e9enne de la Culture. Cet \u00e9v\u00e9nement hors normes a durablement \u2026<\/p>\n","protected":false},"excerpt":{"rendered":"Damien 14 avril 2025 Actualit\u00e9s Jeudi 19 novembre 2026 \u00e0 20h, le Th\u00e9\u00e2tre S\u00e9bastopol de Lille accueillera le&hellip;\n","protected":false},"author":2,"featured_media":26571,"comment_status":"","ping_status":"","sticky":false,"template":"","format":"standard","meta":{"footnotes":""},"categories":[2815],"tags":[9427,1111,11,9428,1777,674,1011,27,811,1307,12,25,3140,9429],"class_list":{"0":"post-26570","1":"post","2":"type-post","3":"status-publish","4":"format-standard","5":"has-post-thumbnail","7":"category-lille","8":"tag-19-novembre-2025","9":"tag-actu","10":"tag-actualites","11":"tag-arnaud-tsamere","12":"tag-eu","13":"tag-europe","14":"tag-fr","15":"tag-france","16":"tag-hauts-de-france","17":"tag-lille","18":"tag-news","19":"tag-republique-francaise","20":"tag-spectacle","21":"tag-theatre-sebastopol"},"share_on_mastodon":{"url":"https:\/\/pubeurope.com\/@fr\/114342128855437861","error":""},"_links":{"self":[{"href":"https:\/\/www.europesays.com\/fr\/wp-json\/wp\/v2\/posts\/26570","targetHints":{"allow":["GET"]}}],"collection":[{"href":"https:\/\/www.europesays.com\/fr\/wp-json\/wp\/v2\/posts"}],"about":[{"href":"https:\/\/www.europesays.com\/fr\/wp-json\/wp\/v2\/types\/post"}],"author":[{"embeddable":true,"href":"https:\/\/www.europesays.com\/fr\/wp-json\/wp\/v2\/users\/2"}],"replies":[{"embeddable":true,"href":"https:\/\/www.europesays.com\/fr\/wp-json\/wp\/v2\/comments?post=26570"}],"version-history":[{"count":0,"href":"https:\/\/www.europesays.com\/fr\/wp-json\/wp\/v2\/posts\/26570\/revisions"}],"wp:featuredmedia":[{"embeddable":true,"href":"https:\/\/www.europesays.com\/fr\/wp-json\/wp\/v2\/media\/26571"}],"wp:attachment":[{"href":"https:\/\/www.europesays.com\/fr\/wp-json\/wp\/v2\/media?parent=26570"}],"wp:term":[{"taxonomy":"category","embeddable":true,"href":"https:\/\/www.europesays.com\/fr\/wp-json\/wp\/v2\/categories?post=26570"},{"taxonomy":"post_tag","embeddable":true,"href":"https:\/\/www.europesays.com\/fr\/wp-json\/wp\/v2\/tags?post=26570"}],"curies":[{"name":"wp","href":"https:\/\/api.w.org\/{rel}","templated":true}]}}