{"id":265703,"date":"2025-07-22T13:54:13","date_gmt":"2025-07-22T13:54:13","guid":{"rendered":"https:\/\/www.europesays.com\/fr\/265703\/"},"modified":"2025-07-22T13:54:13","modified_gmt":"2025-07-22T13:54:13","slug":"merz-un-premier-bilan-texte-integral-de-la-conference-dete-du-chancelier-allemand","status":"publish","type":"post","link":"https:\/\/www.europesays.com\/fr\/265703\/","title":{"rendered":"Merz: un premier bilan. Texte int\u00e9gral de la conf\u00e9rence d\u2019\u00e9t\u00e9 du chancelier allemand"},"content":{"rendered":"<p class=\"intro\">Le 18 juillet, le nouveau chancelier allemand Friedrich Merz s\u2019est soumis \u00e0 l\u2019exercice d\u2019une premi\u00e8re conf\u00e9rence de presse \u2014 apr\u00e8s dix semaines \u00e0 son poste et alors qu\u2019il lui en reste 190 pour mettre en \u0153uvre le <a href=\"https:\/\/legrandcontinent.eu\/fr\/2025\/04\/15\/contrat-de-coalition-allemand-le-texte-integral\/\" rel=\"nofollow noopener\" target=\"_blank\">programme de coalition<\/a>.\u00a0<\/p>\n<p class=\"intro\">Elle a \u00e9t\u00e9 l\u2019occasion de dresser un premier bilan de son action, marqu\u00e9e surtout par une forte baisse des imp\u00f4ts pour les entreprises et un net durcissement de la politique migratoire.<\/p>\n<p class=\"intro\">Ce dernier dossier est d\u2019ailleurs le seul sur lequel Friedrich Merz ait \u00e9voqu\u00e9 la n\u00e9cessit\u00e9 d\u2019une politique europ\u00e9enne plus int\u00e9gr\u00e9e.<\/p>\n<p class=\"intro\">Que retenir de cette prise de parole et comment la comprendre\u00a0?<\/p>\n<p class=\"intro\">Nous traduisons et commentons ligne \u00e0 ligne son propos liminaire.<\/p>\n<p>Madame Welty, Mesdames et Messieurs, je vous remercie sinc\u00e8rement de m\u2019avoir invit\u00e9 \u00e0 me joindre \u00e0 vous aujourd\u2019hui pour la premi\u00e8re fois dans cette fonction.<\/p>\n<p>Je me r\u00e9jouis que nous puissions revenir ensemble sur les dix derni\u00e8res semaines de mon mandat et peut-\u00eatre aussi nous projeter vers les 190 semaines \u00e0 venir, dur\u00e9e pour laquelle le gouvernement f\u00e9d\u00e9ral actuel a \u00e9t\u00e9 \u00e9lu.<\/p>\n<p>Permettez-moi de commencer par quelques remarques g\u00e9n\u00e9rales.<\/p>\n<p>Nous sommes en fonction depuis le 6 mai.<\/p>\n<p>D\u00e8s le premier jour, nous avons \u00e9t\u00e9 confront\u00e9s \u00e0 toute une s\u00e9rie de d\u00e9fis majeurs en mati\u00e8re de politique int\u00e9rieure et \u00e9trang\u00e8re. Ces d\u00e9fis sont de taille \u2014 nous n\u2019en faisons pas myst\u00e8re. Cela vaut pour la politique de s\u00e9curit\u00e9. Cela vaut pour notre budget. Cela vaut pour bien d\u2019autres questions. Mais je suis convaincu que la R\u00e9publique f\u00e9d\u00e9rale d\u2019Allemagne, notre pays, est suffisamment forte pour relever ces d\u00e9fis par ses propres moyens.<\/p>\n<p>Nous avons conclu un accord de coalition \u00e0 cet effet et nous avons commenc\u00e9 le travail au sein de cette coalition. Comme pr\u00e9vu, nous avons mis en \u0153uvre jusqu\u2019\u00e0 vendredi dernier \u2014 dernier jour de session du Bundestag et derni\u00e8re s\u00e9ance du Bundesrat avant la pause parlementaire estivale \u2014 tout ce que nous avions pr\u00e9vu dans le programme d\u2019urgence pour la premi\u00e8re phase de ce gouvernement f\u00e9d\u00e9ral.<\/p>\n<p>Nous fixons les priorit\u00e9s n\u00e9cessaires sans perdre de vue les pr\u00e9occupations et les questions des citoyens de notre pays. Le premier pas est fait. Nous avons d\u00e9j\u00e0 pris toute une s\u00e9rie de d\u00e9cisions. Nous avons aussi toute une s\u00e9rie de d\u00e9cisions \u00e0 prendre pour le second semestre.<\/p>\n<p>Comme nous l\u2019avons d\u00e9j\u00e0 dit, notre priorit\u00e9 actuelle est de sortir l\u2019\u00e9conomie, notre \u00e9conomie nationale, de la r\u00e9cession. Nous avons amorc\u00e9 le redressement et pris les mesures n\u00e9cessaires pour stimuler la croissance.<\/p>\n<p>Gr\u00e2ce au programme d\u2019investissement d\u2019urgence, au fonds sp\u00e9cial pour les infrastructures et \u00e0 une r\u00e9forme fiscale des entreprises de grande envergure \u2014 la plus importante depuis plus de quinze ans \u2014, nous avons rendu possibles les investissements priv\u00e9s et publics en Allemagne. Nous constatons d\u2019ores et d\u00e9j\u00e0 une am\u00e9lioration du climat des affaires. Les premiers instituts \u00e9conomiques r\u00e9visent leurs pr\u00e9visions \u00e0 la hausse. C\u2019est une bonne chose. Mais cela n\u2019est rien de plus qu\u2019une attente, un espoir pour la suite de l\u2019ann\u00e9e.<\/p>\n<p>Je constate toutefois que l\u2019int\u00e9r\u00eat des investisseurs nationaux et \u00e9trangers pour l\u2019Allemagne s\u2019est nettement accru et que les premiers entretiens avec ceux qui souhaitent investir en Allemagne sont tr\u00e8s encourageants.<\/p>\n<p>En contrepartie, nous avons constitu\u00e9 un fonds sp\u00e9cial que nous finan\u00e7ons par l\u2019endettement.Je l\u2019ai toujours dit\u00a0: cette d\u00e9cision de d\u00e9penser jusqu\u2019\u00e0 500 milliards d\u2019euros au cours des douze prochaines ann\u00e9es n\u2019a pas \u00e9t\u00e9 facile \u00e0 prendre.\u00a0<\/p>\n<p>Nous voulons que notre pays b\u00e9n\u00e9ficie d\u2019investissements. Nous avons besoin d\u2019infrastructures performantes, de routes, de ponts et de r\u00e9seaux ferroviaires en bon \u00e9tat. Mais nous voulons aussi num\u00e9riser davantage. Nous voulons \u00e9quiper correctement les \u00e9coles et cr\u00e9er une administration moderne.<\/p>\n<p>Gr\u00e2ce \u00e0 une nouvelle politique \u00e9conomique, nous garantissons la stabilit\u00e9 et la pr\u00e9visibilit\u00e9 afin que les entreprises puissent investir, maintenir les emplois et en cr\u00e9er de nouveaux. Nous voulons tout simplement faire en sorte que l\u2019Allemagne redevienne plus comp\u00e9titive et plus innovante, meilleure qu\u2019elle ne l\u2019a \u00e9t\u00e9 ces derni\u00e8res ann\u00e9es.<\/p>\n<p>Dans tout cela, une chose est claire\u00a0: nous devons et nous allons utiliser les investissements publics et les fonds publics avec prudence et veiller \u00e0 ce qu\u2019ils soient d\u00e9pens\u00e9s efficacement. Il s\u2019agit l\u00e0 aussi, je l\u2019ai toujours soulign\u00e9, d\u2019une question d\u2019\u00e9quit\u00e9 entre les g\u00e9n\u00e9rations. Mais je suis convaincu que nous en profiterons tous.<\/p>\n<p>Nous accompagnons cette offensive en mati\u00e8re d\u2019innovation et d\u2019investissement par des r\u00e9formes structurelles.<\/p>\n<p>Cela signifie que nous am\u00e9liorons les conditions-cadres de notre pays. Nous all\u00e9geons la charge qui p\u00e8se sur les m\u00e9nages et les entreprises, par exemple avec une r\u00e9duction globale d\u2019environ dix milliards d\u2019euros des co\u00fbts \u00e9nerg\u00e9tiques.<\/p>\n<p>Nous veillons \u00e0 all\u00e9ger la r\u00e9glementation. Une fois de plus, je tiens \u00e0 souligner que nous prenons tr\u00e8s au s\u00e9rieux la question de la r\u00e9duction de la bureaucratie, tant au niveau national qu\u2019europ\u00e9en. Nous avons d\u00e9j\u00e0 pris les premi\u00e8res d\u00e9cisions concr\u00e8tes \u00e0 cet \u00e9gard. Elles ont \u00e9t\u00e9 d\u00e9finitivement adopt\u00e9es vendredi dernier au Bundesrat. Nous poursuivrons dans cette voie cet \u00e9t\u00e9 en acc\u00e9l\u00e9rant les proc\u00e9dures d\u2019autorisation, par exemple pour les \u00e9oliennes et les infrastructures hydrog\u00e8ne, ou en simplifiant le droit de la construction, le droit de l\u2019environnement, le droit des march\u00e9s publics et le droit proc\u00e9dural. Des d\u00e9cisions seront prises \u00e0 ce sujet pendant les vacances d\u2019\u00e9t\u00e9, le 30 juillet et le 6 ao\u00fbt par le conseil des ministres.<\/p>\n<p>Un autre domaine dans lequel nous constatons d\u00e9j\u00e0 tr\u00e8s clairement que notre politique porte ses fruits est la r\u00e9duction de l\u2019immigration irr\u00e9guli\u00e8re.\u00a0<\/p>\n<p>Nous maintenons notre objectif de faire de l\u2019Allemagne un pays attractif pour les immigrants, en particulier pour notre march\u00e9 du travail, mais aussi pour la science et la recherche. Cependant, nous sommes d\u2019accord sur le fait que nous ne devons pas continuer \u00e0 surcharger nos villes et nos communes, ni notre soci\u00e9t\u00e9 dans son ensemble, avec une immigration irr\u00e9guli\u00e8re. C\u2019est pourquoi nous avons engag\u00e9 des mesures correctives en vue de mettre en \u0153uvre une politique migratoire \u00e0 la fois humanitaire et ordonn\u00e9e, en am\u00e9liorant la gestion des migrations.<\/p>\n<p>Les chiffres parlent d\u2019eux-m\u00eames. Les contr\u00f4les aux fronti\u00e8res, qui ont \u00e9t\u00e9 renforc\u00e9s d\u00e8s le premier jour de notre mandat, portent leurs fruits.<\/p>\n<p>Nous avons \u00e9galement pris des d\u00e9cisions l\u00e9gislatives, telles que la limitation du regroupement familial ou la possibilit\u00e9 de revenir sur la naturalisation acc\u00e9l\u00e9r\u00e9e telle qu\u2019elle existait jusqu\u2019\u00e0 pr\u00e9sent.<\/p>\n<p>Une chose est claire\u00a0: \u00e0 long terme, nous ne pourrons r\u00e9soudre la question de l\u2019immigration irr\u00e9guli\u00e8re qu\u2019ensemble, au sein de l\u2019Union.<\/p>\n<p>C\u2019est pourquoi nous nous engageons \u00e9galement en Europe pour parvenir \u00e0 des d\u00e9cisions communes. Ce que nous faisons actuellement en Allemagne n\u2019est qu\u2019une solution temporaire. Nous en sommes conscients. Le ministre f\u00e9d\u00e9ral de l\u2019Int\u00e9rieur en est conscient. Nous en sommes conscients au sein de la coalition. Mais nous devons agir tant qu\u2019il n\u2019y a pas de meilleure protection des fronti\u00e8res ext\u00e9rieures en Europe.<\/p>\n<p>Le troisi\u00e8me domaine que je voudrais aborder et dans lequel nous travaillons \u00e9galement \u00e0 un v\u00e9ritable changement est la politique sociale.<\/p>\n<p>Il va de soi que nous voulons pr\u00e9server l\u2019\u00c9tat social allemand. Mais nous voulons aussi qu\u2019il reste performant. Cela signifie que nous devons mettre en \u0153uvre des r\u00e9formes. Les travaux pr\u00e9paratoires \u00e0 cet \u00e9gard sont en cours.<\/p>\n<p>L\u2019un des plus grands probl\u00e8mes de notre \u00e9poque est la disponibilit\u00e9 de logements abordables. Nous avons prolong\u00e9 le moratoire sur les loyers et d\u00e9j\u00e0 modifi\u00e9 le code de la construction afin de permettre une construction plus rapide et plus simple. Nous allons enfin d\u00e9bloquer des sommes record pour la construction de logements sociaux afin que la situation du logement s\u2019am\u00e9liore progressivement.<\/p>\n<p>Au cours du second semestre, nous lancerons la r\u00e9forme des syst\u00e8mes de s\u00e9curit\u00e9 sociale avec <a href=\"https:\/\/legrandcontinent.eu\/fr\/2025\/04\/15\/contrat-de-coalition-allemand-le-texte-integral\/\" rel=\"nofollow noopener\" target=\"_blank\">les d\u00e9cisions que nous avons prises dans l\u2019accord de coalition<\/a>, c\u2019est-\u00e0-dire avec la mise en place de commissions appropri\u00e9es, qui n\u2019ont toutefois pas pour objectif de transf\u00e9rer cette t\u00e2che \u00e0 des commissions, mais d\u2019\u00e9laborer de bonnes recommandations que nous souhaitons ensuite mettre en \u0153uvre au sein de la coalition.<\/p>\n<p>Un autre domaine d\u2019investissement important est le renforcement de notre d\u00e9fense, car sans paix et sans libert\u00e9, la plus belle croissance \u00e9conomique ne nous sert \u00e0 rien.\u00a0<\/p>\n<p>Nous veillons ici, gr\u00e2ce \u00e0 de nouvelles r\u00e8gles, \u00e0 ce que nos soldats aient ce dont ils ont besoin pour devenir l\u2019arm\u00e9e conventionnelle la plus puissante d\u2019Europe. Afin que cela se fasse le plus rapidement possible, nous pr\u00e9senterons encore pendant les vacances d\u2019\u00e9t\u00e9 une loi visant \u00e0 acc\u00e9l\u00e9rer les achats de mat\u00e9riel. Les travaux pr\u00e9paratoires sont en grande partie termin\u00e9s.<\/p>\n<p>Nous devons tous comprendre que nous vivons dans un monde o\u00f9 certains tentent \u00e0 nouveau d\u2019imposer la loi du plus fort par la puissance militaire. Nous devons \u00eatre en mesure de nous d\u00e9fendre contre cela. Je r\u00e9p\u00e8te ici cette phrase maintes fois entendue et souvent cit\u00e9e\u00a0: nous voulons pouvoir nous d\u00e9fendre pour ne pas avoir \u00e0 nous d\u00e9fendre. C\u2019est la ligne directrice de notre politique de s\u00e9curit\u00e9 et de notre politique de d\u00e9fense. Notre objectif est d\u2019avoir un pays et une Union europ\u00e9enne qui, avec nos alli\u00e9s de l\u2019OTAN, soient si forts que nous n\u2019ayons jamais \u00e0 utiliser nos armes, \u00e0 envoyer nos hommes et nos femmes au combat, mais que nous soyons cependant en mesure de le faire si n\u00e9cessaire.<\/p>\n<p>En tant que partenaire fiable en Europe et dans le monde, nous sommes pr\u00eats \u00e0 assumer \u00e0 nouveau davantage de responsabilit\u00e9s en tant que leader \u2014 car ce qui se passe dans le monde nous concerne tous directement, chaque jour, en Allemagne. La force et la puissance \u00e9conomique de l\u2019Allemagne ont des r\u00e9percussions directes sur l\u2019Europe et le monde. Cela signifie que les affaires int\u00e9rieures et les affaires \u00e9trang\u00e8res sont indissociables.<\/p>\n<p>La politique \u00e9trang\u00e8re est toujours, aussi, une politique int\u00e9rieure.<\/p>\n<p>En r\u00e9sum\u00e9, permettez-moi de dire que notre coalition assume ce que nous avons choisi comme titre pour notre accord de coalition\u00a0: la responsabilit\u00e9 pour l\u2019Allemagne. Avec tout ce que nous avons mis en place et ce que nous allons encore mettre en place, nous osons davantage miser sur la confiance plut\u00f4t que sur les directives et les r\u00e9glementations. Nous osons ainsi davantage de libert\u00e9s, tout en reprenant le contr\u00f4le dans des domaines importants. Nous voulons que l\u2019Allemagne devienne le moteur de l\u2019\u00e9conomie et de la d\u00e9fense en Europe. Nous voulons montrer \u2014\u00a0et nous le montrons \u2014 que l\u2019Allemagne peut \u00eatre gouvern\u00e9e depuis le centre.<\/p>\n<p>Je voudrais peut-\u00eatre ajouter un dernier mot sur les partis qui soutiennent la coalition, la CDU\/CSU et le SPD. La CDU\/CSU et le SPD entretiendront des relations de travail tout \u00e0 fait normales, car nous savons quelle est notre mission. Les succ\u00e8s et les moments forts en font tout autant partie que les revers occasionnels. Cela fait partie de toute coalition. Mais nous g\u00e9rons cela de mani\u00e8re \u00e9quitable et dans un esprit de partenariat au sein de cette coalition.<\/p>\n<p>C\u2019est pourquoi je partirai en vacances d\u2019\u00e9t\u00e9 dans deux semaines pleinement satisfait de ce que nous avons accompli au cours des dix premi\u00e8res semaines. Elles seront courtes. Je reviendrai avec la ferme intention de poursuivre au second semestre ce que nous avons commenc\u00e9, \u00e0 savoir bien gouverner l\u2019Allemagne et, compte tenu des crises mondiales, positionner l\u2019Allemagne de mani\u00e8re \u00e0 ce que nous restions un pays o\u00f9 l\u2019on puisse continuer \u00e0 vivre dans la libert\u00e9, la paix et la prosp\u00e9rit\u00e9 au cours des prochaines ann\u00e9es. Tel est notre objectif \u2014 et nous y travaillons.<\/p>\n<p>Je vous remercie.<\/p>\n","protected":false},"excerpt":{"rendered":"Le 18 juillet, le nouveau chancelier allemand Friedrich Merz s\u2019est soumis \u00e0 l\u2019exercice d\u2019une premi\u00e8re conf\u00e9rence de presse&hellip;\n","protected":false},"author":2,"featured_media":265704,"comment_status":"","ping_status":"","sticky":false,"template":"","format":"standard","meta":{"footnotes":""},"categories":[1587],"tags":[11,672,1804,1805,1803,1777,674,1801,12,1802],"class_list":{"0":"post-265703","1":"post","2":"type-post","3":"status-publish","4":"format-standard","5":"has-post-thumbnail","7":"category-allemagne","8":"tag-actualites","9":"tag-allemagne","10":"tag-bundesrepublik-deutschland","11":"tag-de","12":"tag-deutschland","13":"tag-eu","14":"tag-europe","15":"tag-germany","16":"tag-news","17":"tag-republique-federale-dallemagne"},"share_on_mastodon":{"url":"https:\/\/pubeurope.com\/@fr\/114897227843542454","error":""},"_links":{"self":[{"href":"https:\/\/www.europesays.com\/fr\/wp-json\/wp\/v2\/posts\/265703","targetHints":{"allow":["GET"]}}],"collection":[{"href":"https:\/\/www.europesays.com\/fr\/wp-json\/wp\/v2\/posts"}],"about":[{"href":"https:\/\/www.europesays.com\/fr\/wp-json\/wp\/v2\/types\/post"}],"author":[{"embeddable":true,"href":"https:\/\/www.europesays.com\/fr\/wp-json\/wp\/v2\/users\/2"}],"replies":[{"embeddable":true,"href":"https:\/\/www.europesays.com\/fr\/wp-json\/wp\/v2\/comments?post=265703"}],"version-history":[{"count":0,"href":"https:\/\/www.europesays.com\/fr\/wp-json\/wp\/v2\/posts\/265703\/revisions"}],"wp:featuredmedia":[{"embeddable":true,"href":"https:\/\/www.europesays.com\/fr\/wp-json\/wp\/v2\/media\/265704"}],"wp:attachment":[{"href":"https:\/\/www.europesays.com\/fr\/wp-json\/wp\/v2\/media?parent=265703"}],"wp:term":[{"taxonomy":"category","embeddable":true,"href":"https:\/\/www.europesays.com\/fr\/wp-json\/wp\/v2\/categories?post=265703"},{"taxonomy":"post_tag","embeddable":true,"href":"https:\/\/www.europesays.com\/fr\/wp-json\/wp\/v2\/tags?post=265703"}],"curies":[{"name":"wp","href":"https:\/\/api.w.org\/{rel}","templated":true}]}}