{"id":265711,"date":"2025-07-22T13:58:10","date_gmt":"2025-07-22T13:58:10","guid":{"rendered":"https:\/\/www.europesays.com\/fr\/265711\/"},"modified":"2025-07-22T13:58:10","modified_gmt":"2025-07-22T13:58:10","slug":"une-voiture-percute-un-enfant-effectue-un-vol-plane-et-sencastre-dans-le-toit-dune-grange-six-blesses","status":"publish","type":"post","link":"https:\/\/www.europesays.com\/fr\/265711\/","title":{"rendered":"Une voiture percute un enfant, effectue un vol plan\u00e9 et s\u2019encastre dans le toit d\u2019une grange, six bless\u00e9s"},"content":{"rendered":"<p>Une sc\u00e8ne digne d\u2019un film de course-poursuite. \u00c0<a href=\"https:\/\/www.google.com\/maps\/place\/49163+Bohmte,+Allemagne\/@51.4186651,10.9741529,7.21z\/data=!4m6!3m5!1s0x47b755f8be4806bd:0x426cf7763009450!8m2!3d52.3659727!4d8.3159899!16zL20vMGM4dGg5?entry=ttu&amp;g_ep=EgoyMDI1MDcxNi4wIKXMDSoASAFQAw%3D%3D\" rel=\"nofollow noopener\" target=\"_blank\" class=\"color-ultramarine c-link\"> Bohmte, en Basse-Saxe<\/a> (nord-ouest de l\u2019Allemagne), un spectaculaire accident routier s\u2019est produit samedi soir, rapporte l\u2019agence de presse allemande <a href=\"https:\/\/www.dpa.com\/en\/about-dpa\" target=\"_blank\" class=\"color-ultramarine c-link\" rel=\"noopener\">dpa<\/a>, une information rep\u00e9r\u00e9e par <a href=\"https:\/\/www.midilibre.fr\/2025\/07\/21\/on-a-vu-la-voiture-dans-le-toit-un-vehicule-fou-percute-un-enfant-de-7-ans-sur-son-trampoline-et-sencastre-dans-une-grange-12836961.php\" rel=\"nofollow noopener\" target=\"_blank\" class=\"color-ultramarine c-link\">Midi Libre<\/a>.<\/p>\n<p>Une voiture, qui circulait sur une voie du district d\u2019Osnabr\u00fcck, a effectu\u00e9 une sortie de route, percut\u00e9 deux haies avant de renverser un enfant qui jouait sur un trampoline dans un jardin. La Volvo a ensuite \u00e9t\u00e9 projet\u00e9e en l\u2019air, avant de s\u2019encastrer sous le toit d\u2019une grange situ\u00e9 \u00e0 trois m\u00e8tres de hauteur, a rapport\u00e9 un porte-parole de la police d\u2019Osnabr\u00fcck au magazine allemand <a href=\"https:\/\/www.focus.de\/panorama\/welt\/bohmte-in-niedersachsen-auto-fliegt-in-scheunendach-neue-details-zum-unfall_7f77c190-8630-4945-be81-30a84207ccb7.html\" rel=\"nofollow noopener\" target=\"_blank\" class=\"color-ultramarine c-link\">FOCUS<\/a>.<\/p>\n<p>L\u2019enfant de sept ans percut\u00e9 par la voiture a \u00e9t\u00e9 gri\u00e8vement bless\u00e9 dans l\u2019accident. Son \u00e9tat de sant\u00e9 restait critique ce mardi, a pr\u00e9cis\u00e9 le porte-parole de la police.<\/p>\n<p>Le conducteur n\u2019avait pas bu d\u2019alcool<\/p>\n<p>Dans le v\u00e9hicule, le conducteur de 42 ans, son \u00e9pouse de 43 ans, leurs deux fils de 11 et 12 ans, ainsi qu\u2019un gar\u00e7on de 13 ans. L\u2019homme a \u00e9t\u00e9 gri\u00e8vement bless\u00e9, mais les autres occupants n\u2019ont subi que des blessures l\u00e9g\u00e8res, selon l\u2019agence dpa. Tous ont \u00e9t\u00e9 transport\u00e9s \u00e0 l\u2019h\u00f4pital.<\/p>\n<p><a href=\"https:\/\/www.20minutes.fr\/dossier\/accident_de_la_route\" class=\"c-link c-btn c-btn--primary\" target=\"_blank\" rel=\"noopener\">Nos articles Accidents de la route<\/a><\/p>\n<p>La voiture accident\u00e9e a d\u00fb \u00eatre extraite du toit de la grange \u00e0 l\u2019aide d\u2019une grue, avant d\u2019\u00eatre saisie par la police. Selon les premiers \u00e9l\u00e9ments de l\u2019enqu\u00eate, l\u2019alcool n\u2019est pas en cause dans cet accident. Un test d\u2019alcool\u00e9mie a \u00e9t\u00e9 effectu\u00e9 sur le conducteur et s\u2019est r\u00e9v\u00e9l\u00e9 n\u00e9gatif, pr\u00e9cise FOCUS. Le permis de conduire du conducteur lui a \u00e9t\u00e9 confisqu\u00e9.<\/p>\n<p>\u00ab\u00a0Cette op\u00e9ration est bien s\u00fbr tr\u00e8s inhabituelle\u00a0\u00bb, a comment\u00e9 un porte-parole des pompiers aupr\u00e8s de l\u2019agence dpa. Une \u00e9valuation devait enfin d\u00e9terminer la stabilit\u00e9 structurelle de la grange.<\/p>\n","protected":false},"excerpt":{"rendered":"Une sc\u00e8ne digne d\u2019un film de course-poursuite. \u00c0 Bohmte, en Basse-Saxe (nord-ouest de l\u2019Allemagne), un spectaculaire accident routier&hellip;\n","protected":false},"author":2,"featured_media":265712,"comment_status":"","ping_status":"","sticky":false,"template":"","format":"standard","meta":{"footnotes":""},"categories":[2],"tags":[119,4376,47,11,672,8438,1067,5915,118,1011,27,74,12,1072,25,209,896,9418,14492],"class_list":{"0":"post-265711","1":"post","2":"type-post","3":"status-publish","4":"format-standard","5":"has-post-thumbnail","7":"category-actualites","8":"tag-accident","9":"tag-accident-de-la-route","10":"tag-actualite","11":"tag-actualites","12":"tag-allemagne","13":"tag-allemand","14":"tag-enquete","15":"tag-exces-de-vitesse","16":"tag-faits-divers","17":"tag-fr","18":"tag-france","19":"tag-monde","20":"tag-news","21":"tag-police","22":"tag-republique-francaise","23":"tag-route","24":"tag-tas-vu","25":"tag-victime","26":"tag-volvo"},"share_on_mastodon":{"url":"https:\/\/pubeurope.com\/@fr\/114897243551119007","error":""},"_links":{"self":[{"href":"https:\/\/www.europesays.com\/fr\/wp-json\/wp\/v2\/posts\/265711","targetHints":{"allow":["GET"]}}],"collection":[{"href":"https:\/\/www.europesays.com\/fr\/wp-json\/wp\/v2\/posts"}],"about":[{"href":"https:\/\/www.europesays.com\/fr\/wp-json\/wp\/v2\/types\/post"}],"author":[{"embeddable":true,"href":"https:\/\/www.europesays.com\/fr\/wp-json\/wp\/v2\/users\/2"}],"replies":[{"embeddable":true,"href":"https:\/\/www.europesays.com\/fr\/wp-json\/wp\/v2\/comments?post=265711"}],"version-history":[{"count":0,"href":"https:\/\/www.europesays.com\/fr\/wp-json\/wp\/v2\/posts\/265711\/revisions"}],"wp:featuredmedia":[{"embeddable":true,"href":"https:\/\/www.europesays.com\/fr\/wp-json\/wp\/v2\/media\/265712"}],"wp:attachment":[{"href":"https:\/\/www.europesays.com\/fr\/wp-json\/wp\/v2\/media?parent=265711"}],"wp:term":[{"taxonomy":"category","embeddable":true,"href":"https:\/\/www.europesays.com\/fr\/wp-json\/wp\/v2\/categories?post=265711"},{"taxonomy":"post_tag","embeddable":true,"href":"https:\/\/www.europesays.com\/fr\/wp-json\/wp\/v2\/tags?post=265711"}],"curies":[{"name":"wp","href":"https:\/\/api.w.org\/{rel}","templated":true}]}}