{"id":265713,"date":"2025-07-22T13:59:11","date_gmt":"2025-07-22T13:59:11","guid":{"rendered":"https:\/\/www.europesays.com\/fr\/265713\/"},"modified":"2025-07-22T13:59:11","modified_gmt":"2025-07-22T13:59:11","slug":"le-diable-du-tour-de-france-completement-fourche-liberation","status":"publish","type":"post","link":"https:\/\/www.europesays.com\/fr\/265713\/","title":{"rendered":"Le Diable du Tour de France, compl\u00e9tement fourche \u2013 Lib\u00e9ration"},"content":{"rendered":"<p class=\"sc-ksZaOG ehjQrN text-element\">Le Diable, on le conna\u00eet depuis qu\u2019on est tout petit. Aussi loin qu\u2019on s\u2019en souvienne, on a vu chaque \u00e9t\u00e9 bondir \u00e0 la t\u00e9l\u00e9 ses frusques rouge et noir, ses cornes et sa fourche, sa barbe blanche et son regard hallucin\u00e9 un peu partout o\u00f9 passe le peloton. \u00abEl Diablo\u00bb est un embl\u00e8me du Tour de France. On l\u2019a retrouv\u00e9 au bord de la D127, qui traverse la campagne de la Mayenne. \u00ab\u00c7a fait trente-deux ans que je fais \u00e7a\u00bb, sourit l\u2019homme sous le costume. Il s\u2019appelle Dieter Senft, mais tout le monde l\u2019appelle \u00abDidi\u00bb. Et malgr\u00e9 trois d\u00e9cennies sur la Grande Boucle, il ne s\u2019exprime qu\u2019en allemand. \u00abJ\u2019ai voulu apprendre le fran\u00e7ais, mais je n\u2019ai jamais r\u00e9ussi. C\u2019est trop dur. C\u2019est comme en cyclisme, il faut \u00eatre dou\u00e9\u2026\u00bb Didi sait de quoi il parle, il a us\u00e9 des cuissards \u00e0 l\u2019adolescence. Plut\u00f4t rouleur que grimpeur, mais sans briller outre mesure. \u00abJe m\u2019entra\u00eenais plus que les autres et les autres \u00e9taient meilleurs que moi. Je n\u2019avais tout simplement pas de talent.\u00bb<\/p>\n<p class=\"sc-ksZaOG ehjQrN text-element\">Le don est all\u00e9 se nicher ailleurs. La m\u00e9tamorphose de Dieter Senft a commenc\u00e9 dans les \u00e9tincelles et l\u2019odeur \u00e2cre du fer \u00e0 souder. Car avant d\u2019\u00eatre une mascotte, Didi est carrossier. Et inventeur fou du dimanche. Au milieu des ann\u00e9es 70, ce fanatique de cyclisme a commenc\u00e9 \u00e0 fabriquer des v\u00e9los loufoques. \u00abJ\u2019avais mont\u00e9 un spectacle, j\u2019allais les pr\u00e9senter dans des f\u00eates foraines, rembobine le Diable. \u00c7a me rapportait un peu d\u2019argent, j\u2019en vivais.\u00bb L\u2019attraction phare : le plus haut v\u00e9<\/p>\n","protected":false},"excerpt":{"rendered":"Le Diable, on le conna\u00eet depuis qu\u2019on est tout petit. Aussi loin qu\u2019on s\u2019en souvienne, on a vu&hellip;\n","protected":false},"author":2,"featured_media":265714,"comment_status":"","ping_status":"","sticky":false,"template":"","format":"standard","meta":{"footnotes":""},"categories":[4],"tags":[11,1011,27,12,25,210],"class_list":{"0":"post-265713","1":"post","2":"type-post","3":"status-publish","4":"format-standard","5":"has-post-thumbnail","7":"category-france","8":"tag-actualites","9":"tag-fr","10":"tag-france","11":"tag-news","12":"tag-republique-francaise","13":"tag-tour-de-france"},"share_on_mastodon":{"url":"https:\/\/pubeurope.com\/@fr\/114897247543299598","error":""},"_links":{"self":[{"href":"https:\/\/www.europesays.com\/fr\/wp-json\/wp\/v2\/posts\/265713","targetHints":{"allow":["GET"]}}],"collection":[{"href":"https:\/\/www.europesays.com\/fr\/wp-json\/wp\/v2\/posts"}],"about":[{"href":"https:\/\/www.europesays.com\/fr\/wp-json\/wp\/v2\/types\/post"}],"author":[{"embeddable":true,"href":"https:\/\/www.europesays.com\/fr\/wp-json\/wp\/v2\/users\/2"}],"replies":[{"embeddable":true,"href":"https:\/\/www.europesays.com\/fr\/wp-json\/wp\/v2\/comments?post=265713"}],"version-history":[{"count":0,"href":"https:\/\/www.europesays.com\/fr\/wp-json\/wp\/v2\/posts\/265713\/revisions"}],"wp:featuredmedia":[{"embeddable":true,"href":"https:\/\/www.europesays.com\/fr\/wp-json\/wp\/v2\/media\/265714"}],"wp:attachment":[{"href":"https:\/\/www.europesays.com\/fr\/wp-json\/wp\/v2\/media?parent=265713"}],"wp:term":[{"taxonomy":"category","embeddable":true,"href":"https:\/\/www.europesays.com\/fr\/wp-json\/wp\/v2\/categories?post=265713"},{"taxonomy":"post_tag","embeddable":true,"href":"https:\/\/www.europesays.com\/fr\/wp-json\/wp\/v2\/tags?post=265713"}],"curies":[{"name":"wp","href":"https:\/\/api.w.org\/{rel}","templated":true}]}}