{"id":265715,"date":"2025-07-22T14:00:15","date_gmt":"2025-07-22T14:00:15","guid":{"rendered":"https:\/\/www.europesays.com\/fr\/265715\/"},"modified":"2025-07-22T14:00:15","modified_gmt":"2025-07-22T14:00:15","slug":"grande-semaine-du-golf-entree-en-matiere-reussie-pour-robin-guillaume","status":"publish","type":"post","link":"https:\/\/www.europesays.com\/fr\/265715\/","title":{"rendered":"Grande semaine du golf : entr\u00e9e en mati\u00e8re r\u00e9ussie pour Robin Guillaume\u00a0"},"content":{"rendered":"<p melodystyle=\"texte\">La 1ere journ\u00e9e de la grande semaine du golf des Vosges du Sud (Troph\u00e9e Panthera Patrimoine &amp; Bijouterie Pierrat) s&rsquo;est d\u00e9roul\u00e9e sur le golf de Genevrey, dimanche<\/p>\n<p melodystyle=\"texte\">Robin Guillaume s&rsquo;impose avec 35 pts brut (73 \/ +1). En senior, Nicolas Guillaume rend une carte dans le par (72) et termine premier.<\/p>\n<p melodystyle=\"texte\">Les vainqueurs au classement net, par s\u00e9rie :<\/p>\n<p melodystyle=\"texte\">1\u00b0 s\u00e9rie : Eric Klufts (Besan\u00e7on) 45 pts net<\/p>\n<p melodystyle=\"texte\">2\u00b0 s\u00e9rie : Jean Philippe Velasco (Besan\u00e7on) 45 pts net<\/p>\n<p melodystyle=\"texte\">3\u00b0 s\u00e9rie : Arthur Altounian (Singapour) 49 pts net<\/p>\n","protected":false},"excerpt":{"rendered":"La 1ere journ\u00e9e de la grande semaine du golf des Vosges du Sud (Troph\u00e9e Panthera Patrimoine &amp; Bijouterie&hellip;\n","protected":false},"author":2,"featured_media":265716,"comment_status":"","ping_status":"","sticky":false,"template":"","format":"standard","meta":{"footnotes":""},"categories":[1418],"tags":[10720,47,1011,27,1472,4662,10718,10719,60,3673],"class_list":{"0":"post-265715","1":"post","2":"type-post","3":"status-publish","4":"format-standard","5":"has-post-thumbnail","7":"category-golf","8":"tag-abonnement","9":"tag-actualite","10":"tag-fr","11":"tag-france","12":"tag-golf","13":"tag-journal","14":"tag-la-presse-de-vesoul","15":"tag-petites-annonces","16":"tag-sports","17":"tag-vesoul"},"share_on_mastodon":{"url":"https:\/\/pubeurope.com\/@fr\/114897251383695239","error":""},"_links":{"self":[{"href":"https:\/\/www.europesays.com\/fr\/wp-json\/wp\/v2\/posts\/265715","targetHints":{"allow":["GET"]}}],"collection":[{"href":"https:\/\/www.europesays.com\/fr\/wp-json\/wp\/v2\/posts"}],"about":[{"href":"https:\/\/www.europesays.com\/fr\/wp-json\/wp\/v2\/types\/post"}],"author":[{"embeddable":true,"href":"https:\/\/www.europesays.com\/fr\/wp-json\/wp\/v2\/users\/2"}],"replies":[{"embeddable":true,"href":"https:\/\/www.europesays.com\/fr\/wp-json\/wp\/v2\/comments?post=265715"}],"version-history":[{"count":0,"href":"https:\/\/www.europesays.com\/fr\/wp-json\/wp\/v2\/posts\/265715\/revisions"}],"wp:featuredmedia":[{"embeddable":true,"href":"https:\/\/www.europesays.com\/fr\/wp-json\/wp\/v2\/media\/265716"}],"wp:attachment":[{"href":"https:\/\/www.europesays.com\/fr\/wp-json\/wp\/v2\/media?parent=265715"}],"wp:term":[{"taxonomy":"category","embeddable":true,"href":"https:\/\/www.europesays.com\/fr\/wp-json\/wp\/v2\/categories?post=265715"},{"taxonomy":"post_tag","embeddable":true,"href":"https:\/\/www.europesays.com\/fr\/wp-json\/wp\/v2\/tags?post=265715"}],"curies":[{"name":"wp","href":"https:\/\/api.w.org\/{rel}","templated":true}]}}