{"id":265725,"date":"2025-07-22T14:07:15","date_gmt":"2025-07-22T14:07:15","guid":{"rendered":"https:\/\/www.europesays.com\/fr\/265725\/"},"modified":"2025-07-22T14:07:15","modified_gmt":"2025-07-22T14:07:15","slug":"le-mont-ventoux-attend-le-peloton-de-pied-ferme","status":"publish","type":"post","link":"https:\/\/www.europesays.com\/fr\/265725\/","title":{"rendered":"le Mont Ventoux attend le peloton de pied ferme"},"content":{"rendered":"<p>Ce direct est anim\u00e9 par les journalistes du service des sports de La Nouvelle R\u00e9publique.<\/p>\n<p>Course<\/p>\n<p><strong>12,3\u00a0km. <\/strong>Visma augmente le tempo en t\u00eate de peloton, Ben O\u2019Connor (Jayco) et Guillaume Martin-Guyonnet (Groupama-FDJ) en font les frais.<\/p>\n<p><strong>13,2\u00a0km. <\/strong>Thymen Arensman et Julian Alaphilippe sont point\u00e9s \u00e0 15 secondes d\u2019Enric Mas.<\/p>\n<p><strong>14,1\u00a0km. <\/strong>Enric Mas acc\u00e9l\u00e8re en t\u00eate\u00a0! De m\u00eame que Valentin Paret-Peintre (Soudal) dans le groupe de poursuivants. Et c\u2019est Visma-Lease a bike de Jonas Vingegaard qui prend la t\u00eate du peloton. \u00ab\u00a0Si les jambes sont bonnes, on va peut-\u00eatre tenter quelque chose\u00a0\u00bb, disait le Danois ce matin.<\/p>\n<p><strong>14,7\u00a0km. <\/strong>Arensman, Mas et Alaphilippe ouvrent la route.<\/p>\n<p><strong>15\u00a0km. <\/strong>Et c\u2019est parti pour l\u2019ascension du Mont Ventoux\u00a0! Julian Alaphilippe attaque imm\u00e9diatement, Simone Velasco est distanc\u00e9\u00a0!<\/p>\n<p><strong>16\u00a0km. <\/strong>Arensman fait son retour dans le groupe de t\u00eate, ils sont donc quatre avec Velasco, Mas et Alaphilippe.<\/p>\n<p><strong>17\u00a0km. <\/strong>Plus surprenant, Thymen Arensman est \u00e9galement l\u00e2ch\u00e9 alors que la route s\u2019\u00e9l\u00e8ve d\u00e9j\u00e0, m\u00eame si le pied du Mont Ventoux n\u2019est officiellement que dans deux kilom\u00e8tres. Dans la foul\u00e9e, c\u2019est Abrahamsen qui est distanc\u00e9\u00a0!<\/p>\n<p><strong>18\u00a0km. <\/strong>Matteo Trentin (Tudor) est distanc\u00e9 du groupe de t\u00eate. Ils ne sont plus que cinq \u00e0 ouvrir la route.<\/p>\n<p><strong>25\u00a0km. <\/strong>\u00c0 10\u00a0km du pied du Mont Ventoux, revoici la composition de l\u2019\u00e9chapp\u00e9e\u00a0: Thymen Arensman (Ineos), Enric Mas (Movistar), Simone Velasco (Astana), Julian Alaphilippe (Tudor), Jonas Abrahamsen (Uno-X), Matteo Trentin (Tudor).<\/p>\n<p><strong>29\u00a0km. <\/strong>Voil\u00e0 ce qui se profile devant les coureurs\u2026<\/p>\n<p><strong>31\u00a0km. <\/strong>\u00c0 noter que Thymen Arensman (Ineos) peut d\u00e9poss\u00e9der Lenny Martinez du maillot \u00e0 pois, puisque le N\u00e9erlandais est 3e\u00a0du classement de la montagne, avec 12 points de retard sur le Fran\u00e7ais. Or, il en prendra plus de 12 s\u2019il finit 1er (20\u00a0pt) ou 2e (15\u00a0pt).<\/p>\n<p><strong>34\u00a0km. <\/strong>Ils ne sont plus que six en t\u00eate, alors que Fred Wright a \u00e9t\u00e9 victime d\u2019une crevaison. Arensman, Mas, Velasco, Alaphilippe, Abrahamsen et Trentin ont 1&rsquo;45 d\u2019avance sur le groupe Healy, constitu\u00e9 de 30 coureurs.<\/p>\n<p><strong>35\u00a0km. <\/strong>Thomas Gachignard est point\u00e9 \u00e0 16 minutes de la t\u00eate de course\u2026 Attention aux d\u00e9lais, souligne l\u2019organisation.\u00a0Si l\u2019\u00e9tape est gagn\u00e9e \u00e0 42\u00a0km\/h, fourchette haute d\u00e9finie dans les horaires pr\u00e9visionnels, les d\u00e9lais du jour seront de 41 minutes et 39 secondes (17\u00a0%).<\/p>\n<p><strong>38\u00a0km. <\/strong>Les hommes de t\u00eate ont 1&rsquo;36 sur le groupe Healy, qui ne s\u2019entend d\u00e9finitivement pas\u00a0!<\/p>\n<p><strong>46\u00a0km. <\/strong>Rappelons que Julian Alaphilippe, pr\u00e9sent dans le groupe de t\u00eate, est tomb\u00e9 dimanche dernier et s\u2019\u00e9tait remis l\u2019\u00e9paule en place tout seul. \u00ab\u00a0C\u2019est douloureux, mais bon je peux rouler. Je suis content de pouvoir continuer le Tour\u00a0\u00bb, disait-il ce matin. Et il ne se contente pas de faire de la figuration\u00a0!<\/p>\n<p><strong>48\u00a0km. <\/strong>Le groupe de t\u00eate compte 1&rsquo;12 sur celui de Ben Healy. \u00c7a ne s\u2019entend pas dans ce contre\u2026<\/p>\n<p><strong>59\u00a0km. <\/strong>Jonas Abrahamsen passe en premi\u00e8re position au sprint interm\u00e9diaire.<\/p>\n<p><strong>Le classement au sprint interm\u00e9diaire<\/strong><\/p>\n<p>1. Jonas Abrahamsen 20\u00a0pt<br \/>2. Simone Velasco 17\u00a0pt<br \/>3. Matteo Trentin 15\u00a0pt<br \/>4. Thymen Arensman 13\u00a0pt<br \/>5. Enric Mas 11\u00a0pt<br \/>6. Julian Alaphilippe 10\u00a0pt<br \/>7. Fred Wright 9\u00a0pt<br \/>8. Pascal Eenkhoorn 8\u00a0pt<br \/>9. Jarrad Drizners 7\u00a0pt<br \/>10. Krits Neilands 6\u00a0pt<br \/>11. Marco Haller 5\u00a0pt<br \/>12. Brent Van Moer 4\u00a0pt<br \/>13. Alex Aranburu 3\u00a0pt<br \/>14. Pavel Sivakov 2\u00a0pt<br \/>15. Santiago Buitrago 1\u00a0pt<\/p>\n<p><strong>60\u00a0km. <\/strong>Pascal Eenkhoorn se rel\u00e8ve du groupe de t\u00eate, d\u00e9sormais compos\u00e9 de sept hommes. Derri\u00e8re, Rickaert et Verstrynge ont rejoint le groupe des poursuivants.<\/p>\n<p><strong>61\u00a0km. <\/strong>La gal\u00e8re continue pour Thomas Gachignard qui s\u2019accroche, lui qui est point\u00e9 \u00e0 dix minutes de la t\u00eate de course, soit six minutes du peloton.<\/p>\n<p><strong>64\u00a0km. <\/strong>Le groupe de t\u00eate s\u2019est scind\u00e9. Ils sont huit \u00e0 ouvrir la route\u00a0: Arensman (Ineos), Mas (Movistar), Eenkhoorn (Soudal), Velasco (Astana), Alaphilippe (Tudor), Abrahamsen (Uno-X), Wright (Bahrain) et Trentin (Tutor). Ils ont 16 secondes d\u2019avance sur leurs 27 poursuivants.<\/p>\n<p><strong>67\u00a0km. <\/strong>\u00c0 noter que les \u00e9quipes Jayco et Decathlon ne sont pas repr\u00e9sent\u00e9es \u00e0 l\u2019avant.<\/p>\n<p><strong>72\u00a0km. <\/strong>Les 35 hommes de t\u00eate ont 27 secondes sur les deux poursuivants et 3&rsquo;21 sur le peloton.<\/p>\n<p><strong>81\u00a0km.<\/strong> Ils sont m\u00eame 35 en t\u00eate, puisque Mick Van Dijke (Red Bull) est \u00e9galement pr\u00e9sent. Ils ont 42 secondes d\u2019avance sur le duo d\u2019Alpecin et 2&rsquo;50 sur le peloton.<\/p>\n<p><strong>87\u00a0km. <\/strong>Voici les 34 coureurs de t\u00eate\u00a0: Healy (EF), Arensman (Ineos), Mas (Movistar), M\u00fchlberger (Movistar), Meurisse (Alpecin), Van Wilder (Soudal), Campenaerts (Visma), Garcia Pierna (Ark\u00e9a), Soler (UAE), Eenkhoorn (Soudal), Velasco (Astana), Alaphilippe (Tudor), Benoot (Visma), Woods (Isra\u00ebl), Burgaudeau (TotalEnergies), Buitrago (Bahrain), V.\u00a0Paret-Peintre (Soudal), Leknessund (Uno-X), Costiou (Ark\u00e9a), Neilands (Israel), Sivakov (UAE), Van Moer (Lotto), J.\u00a0Abrahamsen (Uno-X), Haller (Tudor), Champoussin (Astana), Skujins (Lidl-Trek), Aranburu (Cofidis), Hirschi (Tudor), Barr\u00e9 (Intermarch\u00e9), Wright (Bahrain), Russo (Groupama-FDJ), Trentin (Tudor), Bittner (Picnic) et Drizners (Lotto).<\/p>\n<p><strong>88\u00a0km. <\/strong>Jonas Rickaert et Emiel Verstrynge (Alpecin) sont intercal\u00e9s entre le groupe de t\u00eate et le peloton.<\/p>\n<p><strong>91\u00a0km. <\/strong>Tentons de faire le point sur cette course compl\u00e8tement d\u00e9brid\u00e9e. Ils sont 34 en t\u00eate, avec 1&rsquo;44 d\u2019avance sur le peloton qui semble enfin leur avoir donn\u00e9 un bon de sortie\u2026<\/p>\n<p><strong>92\u00a0km. <\/strong>Thomas Gachignard est point\u00e9 \u00e0 plus de quatre minutes\u2026<\/p>\n<p><strong>93\u00a0km.<\/strong> Louis Barr\u00e9 (Intermarch\u00e9) relance dans le groupe de t\u00eate. Pascal Eenkhoorn et Brent van Moer (Lotto) le suivent. Mais ils sont tous repris. Au tour de Julian Alaphilippe d\u2019y aller\u00a0!<\/p>\n<p><strong>98\u00a0km. <\/strong>Ils sont 24 en t\u00eate\u00a0! On y retrouve Ben Healy (EF, le mieux class\u00e9 au g\u00e9n\u00e9ral puisqu\u2019il est 10e), Enric Mas (Movistar), Victor Campenaerts (Visma), Ewen Costiou (Ark\u00e9a), Jonas Abrahamsen (Uno-X) ou encore Louis Barr\u00e9 (Intermarch\u00e9). Il y a deux \u00e9quipiers de Pogacar (Soler et Sivakov).<\/p>\n<p><strong>99\u00a0km. <\/strong>Le trio de t\u00eate a \u00e9t\u00e9 repris par un gros groupe de contre-attaquants d\u2019une vingtaine de coureurs, qui a dix secondes d\u2019avance. Thomas Gachignard, lui, est point\u00e9 \u00e0 plus de deux minutes du peloton.<\/p>\n<p><img alt=\"Le trio qui a ouvert la route pendant plus d\u2019une heure a \u00e9t\u00e9 repris.\" loading=\"lazy\" width=\"980\" height=\"573\" decoding=\"async\" data-nimg=\"1\" class=\"img-responsive spinner-show\" style=\"color:transparent;background-size:cover;background-position:50% 50%;background-repeat:no-repeat;background-image:url(&quot;data:image\/svg+xml;charset=utf-8,%3Csvg xmlns='http:\/\/www.w3.org\/2000\/svg' viewBox='0 0 980 573'%3E%3Cfilter id='b' color-interpolation-filters='sRGB'%3E%3CfeGaussianBlur stdDeviation='20'\/%3E%3CfeColorMatrix values='1 0 0 0 0 0 1 0 0 0 0 0 1 0 0 0 0 0 100 -1' result='s'\/%3E%3CfeFlood x='0' y='0' width='100%25' height='100%25'\/%3E%3CfeComposite operator='out' in='s'\/%3E%3CfeComposite in2='SourceGraphic'\/%3E%3CfeGaussianBlur stdDeviation='20'\/%3E%3C\/filter%3E%3Cimage width='100%25' height='100%25' x='0' y='0' preserveAspectRatio='none' style='filter: url(%23b);' href='https:\/\/images.lanouvellerepublique.fr\/image\/upload\/t_88w\/f_auto\/687f7e41b13d55e9208b45b4.jpg'\/%3E%3C\/svg%3E&quot;)\"   src=\"https:\/\/images.lanouvellerepublique.fr\/image\/upload\/f_auto\/v1753192463\/687f7e41b13d55e9208b45b4.jpg\"\/><\/p>\n<p style=\"background-color:#F2F2F2;padding:5px;margin-top:0px;margin-bottom:10px\">Le trio qui a ouvert la route pendant plus d\u2019une heure a \u00e9t\u00e9 repris.<br \/> \u00a9 (Photo ASO, Billy Ceusters)<\/p>\n<p><strong>105\u00a0km. <\/strong>Movistar relance\u00a0! \u00c7a ne pla\u00eet pas \u00e0 l\u2019\u00e9quipe du maillot jaune, mais les attaquants n\u2019ont pas l\u2019intention d\u2019abdiquer. Cons\u00e9quence de ces acc\u00e9l\u00e9rations successives\u00a0: le trio n\u2019a plus que 25 secondes d\u2019avance\u2026<\/p>\n<p><strong>108\u00a0km. <\/strong>C\u2019est dur, c\u2019est tr\u00e8s dur pour Thomas Gachignard, de nouveau l\u00e2ch\u00e9\u2026<\/p>\n<p><strong>109\u00a0km. <\/strong>Nils Politt tente d\u2019intimider les coureurs de Movistar, qui ont relanc\u00e9. Mais \u00e7a ne les emp\u00eache pas de recommencer\u00a0!<\/p>\n<p><strong>111\u00a0km. <\/strong>Apr\u00e8s un petit temps mort, \u00e7a relance finalement en t\u00eate de peloton\u00a0! Mauro Schmid et Luke Plapp, tous les deux de l\u2019\u00e9quipe Jayco, ont tent\u00e9 de s\u2019en aller mais ont \u00e9t\u00e9 repris. Le trio de t\u00eate a 1&rsquo;45 d\u2019avance.<\/p>\n<p><strong>117\u00a0km. <\/strong>La situation se stabilise, les attaques s\u2019arr\u00eatent et les \u00e9chapp\u00e9s comptent d\u00e9sormais une minute d\u2019avance.<\/p>\n<p>51,5<\/p>\n<p>C\u2019est le nombre de kilom\u00e8tres parcourus lors de cette premi\u00e8re heure de course.<\/p>\n<p><strong>123\u00a0km. <\/strong>Regroupement entre les poursuivants et le peloton.<\/p>\n<p><strong>126\u00a0km.<\/strong> Et \u00e7a continue d\u2019attaquer en t\u00eate de peloton\u00a0! Un gros s\u2019en est extirp\u00e9 et a repris Delettre.<\/p>\n<p><strong>129\u00a0km. <\/strong>Nils Politt se rel\u00e8ve et laisse finalement Alexandre Delettre filer. Le Fran\u00e7ais va toutefois devoir cravacher pour rejoindre la t\u00eate de course, qui a plus d\u2019une minute d\u2019avance. Et \u00e7a relance encore en t\u00eate de peloton\u00a0!<\/p>\n<p><strong>132\u00a0km. <\/strong>Alexandre Delettre relance, Nils Politt (UAE) le prend en chasse pour l\u2019emp\u00eacher de s\u2019en aller. Le trio a d\u00e9sormais 40 secondes d\u2019avance et l\u2019\u00e9quipe du maillot jaune semble vouloir les laisser partir. Mais Delettre refuse de baisser les bras.<\/p>\n<p><strong>133\u00a0km. <\/strong>L\u2019\u00e9cart fait le yo-yo, les trois hommes de t\u00eate ont d\u00e9sormais 28 secondes d\u2019avance apr\u00e8s avoir vu le peloton revenir sur leur talon\u2026<\/p>\n<p><strong>138\u00a0km. <\/strong>Les cinq hommes sont repris par le peloton, tandis que le trio ouvre toujours la route, mais avec seulement 11 secondes d\u2019avance\u2026<\/p>\n<p><strong>140\u00a0km. <\/strong>Il est l\u2019heure de d\u00e9couvrir le pronostic de notre envoy\u00e9e sp\u00e9ciale, Anna\u00efck Mainguy\u00a0: \u00ab\u00a0\u00c9tape prestigieuse s\u2019il en est aujourd\u2019hui avec l\u2019arriv\u00e9e au Mont Ventoux. Alors forc\u00e9ment, on pense \u00e0 Tadej Pogacar, qui pourrait aller d\u00e9crocher l\u00e0 son cinqui\u00e8me succ\u00e8s d\u2019\u00e9tape de ce Tour. Une \u00e9chapp\u00e9e a-t-elle une chance aujourd\u2019hui\u00a0? Dans l\u2019absolu, oui, avec 130 kilom\u00e8tres de plat relatif avant les contreforts du Ventoux puis la mont\u00e9e s\u00e8che de 15,7\u00a0km \u00e0 8,8\u00a0%. Et on peut alors imaginer un Lenny Martinez essayer de prendre un coup d\u2019avance. Mais tout d\u00e9pendra des vell\u00e9it\u00e9s d\u2019UAE, \u00e9videmment\u2026\u00a0\u00bb<\/p>\n<p><strong>141\u00a0km. <\/strong>Benjamin Thomas est rejoint par quatre coureurs\u00a0: Alexandre Delettre (TotalEnergies), Mauro Schmid (Jayco), Ivan Garcia Cortina (Movistar) et Davide Ballerini (Astana). Il y a donc trois hommes, cinq en contre-attaque et le peloton derri\u00e8re. Quant \u00e0 Thomas Gachignard, il est de nouveau distanc\u00e9\u2026<\/p>\n<p><strong>142\u00a0km. <\/strong>Benjamin Thomas (Cofidis) tente \u00e0 nouveau sa chance, il a 24 secondes \u00e0 combler sur le trio.<\/p>\n<p><strong>144\u00a0km. <\/strong>L\u2019avance du trio de t\u00eate ne grandit pas, elle diminue m\u00eame\u00a0: elle n\u2019est que de 19 secondes sur le peloton, dont Thomas Gachignard, lui, retrouve l\u2019arri\u00e8re.<\/p>\n<p><strong>148\u00a0km. <\/strong>Le Deux-S\u00e9vrien Thomas Gachignard est distanc\u00e9 du peloton. Comme nous l\u2019apprenait notre envoy\u00e9e sp\u00e9ciale Anna\u00efck Mainguy, le coureur de\u00a0TotalEnergies est malade.<\/p>\n<p><strong>151\u00a0km. <\/strong>Tadej Pogacar la veut-il vraiment, cette victoire\u00a0? Voil\u00e0 ce qu\u2019il a d\u00e9clar\u00e9 au micro d\u2019Eurosport\u00a0: \u00ab\u00a0Gagner en haut en jaune, ce serait mythique, mais la priorit\u00e9, c\u2019est de ramener le maillot \u00e0 Paris.\u00a0\u00bb \u00c0 vous de vous faire votre avis\u00a0!<\/p>\n<p><strong>154\u00a0km. <\/strong>Le trio compte 26 secondes d\u2019avance sur le peloton. L\u2019avant du peloton est toujours secou\u00e9 par des acc\u00e9l\u00e9rations.<\/p>\n<p><strong>157\u00a0km. <\/strong>Trois coureurs ont pris quelques longueurs d\u2019avance\u00a0: le Belge Xandro Meurisse (Alpecin), l\u2019Autrichien Marco Haller (Tudor) et le Suisse Marc Hirschi (Tudor).<\/p>\n<p><strong>163\u00a0km. <\/strong>Julian Alaphilippe (Tudor) tente sa chance, Wout van Aert continue \u00e0 attaquer. \u00ab\u00a0Je suis motiv\u00e9 pour cette derni\u00e8re partie du Tour, annon\u00e7ait le Fran\u00e7ais ce matin au micro d\u2019Eurosport. On est motiv\u00e9, il faudra faire attention si un grand groupe part. On sait que Pogacar voudra probablement gagner l\u2019\u00e9tape, mais on a vu lors de l\u2019\u00e9tape du Tourmalet qu\u2019il faut essayer chaque jour et \u00eatre devant. Il faudra \u00eatre consacr\u00e9, \u00eatre l\u00e0 si une grande \u00e9chapp\u00e9e part.\u00a0\u00bb<\/p>\n<p><strong>165\u00a0km. <\/strong>On a \u00e9voqu\u00e9 les batailles pour les maillots jaune, blanc et \u00e0 pois, mais m\u00eame si cette \u00e9tape est montagneuse, elle peut aussi \u00eatre d\u00e9terminante pour le maillot vert. Car Jonathan Milan (Lidl-Trek), porteur du maillot vert avec 251\u00a0pt en poche, a besoin de creuser l\u2019\u00e9cart sur Tadej Pogacar (223). Le sprint interm\u00e9diaire sera l\u2019occasion r\u00eav\u00e9e pour l\u2019Italien de prendre des points. Mais faut-il encore pour cela int\u00e9grer l\u2019\u00e9chapp\u00e9e\u2026<\/p>\n<p><strong>168\u00a0km. <\/strong>Sans surprise, on aper\u00e7oit le maillot \u00e0 pois de Lenny Martinez en t\u00eate de peloton, lui qui tente de prendre l\u2019\u00e9chapp\u00e9e. Benjamin Thomas (Cofidis) est \u00e9galement \u00e0 l\u2019attaque.<\/p>\n<p><strong>170\u00a0km.<\/strong> C\u2019est parti\u00a0! Le d\u00e9part r\u00e9el est donn\u00e9 et \u00e7a attaque d\u00e8s le km 0, avec Wout van Aert\u00a0!<\/p>\n<p>Avant course<\/p>\n<p><strong>12\u00a0h\u00a035. <\/strong>\u00c0 noter que de nombreux coureurs sont souffrants au sein du peloton, \u00e0 l\u2019image de Tadej Pogacar qui tra\u00eene un rhume depuis plusieurs jours, de Julian Alaphilippe (Tudor) mais aussi du Deux-S\u00e9vrien Thomas Gachignard (TotalEnergies).<\/p>\n<p><strong>12\u00a0h\u00a030. <\/strong>Forc\u00e9ment, c\u2019est l\u2019une des images qui nous vient imm\u00e9diatement \u00e0 l\u2019esprit lorsque l\u2019on pense au Mont Ventoux\u00a0: Chris Froome, maillot jaune sur le dos, grimpant sur les routes du G\u00e9ant de Provence\u2026 en courant\u00a0! C\u2019\u00e9tait en 2016 et le Britannique avait \u00e9t\u00e9 victime d\u2019un accrochage avec une moto. \u00ab\u00a0Surr\u00e9aliste\u00a0\u00bb, s\u2019exclamait Nicolas Geay, commentateur pour France TV.<\/p>\n<p>L\u2019organisation vous a concoct\u00e9 une petite vid\u00e9o avec huit anecdotes qui ont eu lieu sur ces pentes.<\/p>\n<p><strong>12\u00a0h\u00a025. <\/strong>Le Mont Ventoux inspire les coureurs, mais aussi les journalistes. Voici ce que nous \u00e9crivions \u00e0 son propos en 2021, lors du dernier passage du Tour, qui avait sacr\u00e9 Wout van Aert en solitaire\u00a0: \u00ab\u00a0Il est \u00e0 nul autre pareil. Splendide dans sa rigueur. Cruel dans sa beaut\u00e9. L\u00e9gendaire dans sa d\u00e9solation. Le Mont Ventoux n\u2019a pas d\u2019\u00e9gal. Pas d\u2019\u00e9quivalent. Il est unique. Hors norme. Hors cat\u00e9gorie.<\/p>\n<p>Par son paysage. D\u2019abord bois\u00e9 puis, soudainement, sans transition, d\u00e9sertique. Lunaire. Par ses pentes, si difficiles, si longues, si interminables. M\u00eame en voiture, on a l\u2019impression qu\u2019on n\u2019en verra jamais le bout. Et par sa place dans le Tour de France. Peu d\u2019ascensions ont marqu\u00e9 l\u2019histoire de la Grande Boucle comme le g\u00e9ant de Provence. Par des exploits. Par des incidents. Personne n\u2019oubliera jamais l\u2019image de Chris Froome en jaune, courant alors que son v\u00e9lo est inutilisable apr\u00e8s une chute caus\u00e9e par une moto. Par un drame, aussi. Celui de Tom Simpson, mort sur ces pentes lors d\u2019un sombre 13\u00a0juillet 1967, dont le souvenir restera immortel gr\u00e2ce \u00e0 la st\u00e8le qui s\u2019\u00e9l\u00e8ve d\u00e9sormais l\u00e0 o\u00f9 il a perdu la vie. Le mont chauve fait partie, \u00e0 jamais, du Tour de France. Et il a probablement encore bien des \u00e9motions \u00e0 nous faire vivre.\u00a0\u00bb<\/p>\n<p><strong>12\u00a0h\u00a018. <\/strong>\u00c0 noter que le Fran\u00e7ais Jordan Jegat, 11e\u00a0du classement g\u00e9n\u00e9ral, a \u00e9t\u00e9 \u00e9lu combatif de la deuxi\u00e8me semaine. Le voil\u00e0 en lice pour le titre de Super combatif de cette 112e \u00e9dition.<\/p>\n<p><strong>12\u00a0h\u00a015. <\/strong>Le sc\u00e9nario de cette \u00e9tape est incertain, entre un Tadej Pogacar \u00e0 l\u2019app\u00e9tit digne d\u2019un Cannibale qui a d\u00e9j\u00e0 remport\u00e9 quatre \u00e9tapes et ne laisse que des miettes au reste du peloton, et des coureurs qui veulent encore y croire. \u00ab\u00a0Je ne crois pas beaucoup en l\u2019\u00e9chapp\u00e9e aujourd\u2019hui, d\u00e9clarait ainsi Ilan van Wilder (Soudal) avant le d\u00e9part. C\u2019est une mont\u00e9e mythique et les favoris au g\u00e9n\u00e9ral voudront la victoire.\u00a0\u00bb<\/p>\n<p>Ce sera une bataille entre Tadej et Jonas<\/p>\n<p><strong>Victor Campenaerts, coureur de l\u2019\u00e9quipe Visma<\/strong><\/p>\n<p>\u00ab\u00a0Ce sera une bataille entre Tadej et Jonas\u00a0\u00bb, assure Victor Campenaerts, le co\u00e9quipier de Vingegaard chez Visma et 2e\u00a0de la 15e\u00a0\u00e9tape, dimanche.<\/p>\n<p>\u00ab\u00a0Il n\u2019y a pas que Tadej qui veut la victoire aujourd\u2019hui, on est un certain nombre de coureurs \u00e0 la vouloir\u00a0\u00bb, rappelle de son c\u00f4t\u00e9 Guillaume Martin-Guyonnet (Groupama-FDJ).<\/p>\n<p><strong>12\u00a0h\u00a010. Le d\u00e9part fictif est donn\u00e9\u00a0!<\/strong><\/p>\n<p><strong>12\u00a0h\u00a009. <\/strong>Florian Lipowitz, 3e\u00a0du g\u00e9n\u00e9ral, porte le maillot blanc du meilleur jeune, <a target=\"_self\" href=\"https:\/\/www.lanouvellerepublique.fr\/a-la-une\/tour-de-france-en-2025-la-course-fete-les-cinquante-bougies-du-maillot-a-pois-du-maillot-blanc-et-de-l-arrivee-sur-les-champs-1751549841\" rel=\"nofollow noopener\">qui f\u00eate ses 50\u00a0ans<\/a>\u00a0! \u00ab\u00a0Je suis super excit\u00e9 de monter le Ventoux, j\u2019ai h\u00e2te\u00a0! C\u2019est un honneur de pouvoir le gravir pendant le Tour.\u00a0Je l\u2019ai escalad\u00e9 quand j\u2019avais 15 ou 16\u00a0ans, cela avait \u00e9t\u00e9 assez sp\u00e9cial pour moi.\u00a0\u00bb<\/p>\n<p>Avec l\u2019Allemand, Oscar Onley (4e), K\u00e9vin Vauquelin (5e), Carlos Rodriguez (9e) et Ben Healy (10e), cinq coureurs du classement du meilleur jeune sont dans le top\u00a010 du classement g\u00e9n\u00e9ral\u00a0!<\/p>\n<p><img alt=\"Florian Lipowitz au d\u00e9part \u00e0 Montpellier, ce mardi 22\u00a0juillet 2025.\" loading=\"lazy\" width=\"980\" height=\"573\" decoding=\"async\" data-nimg=\"1\" class=\"img-responsive spinner-show\" style=\"color:transparent;background-size:cover;background-position:50% 50%;background-repeat:no-repeat;background-image:url(&quot;data:image\/svg+xml;charset=utf-8,%3Csvg xmlns='http:\/\/www.w3.org\/2000\/svg' viewBox='0 0 980 573'%3E%3Cfilter id='b' color-interpolation-filters='sRGB'%3E%3CfeGaussianBlur stdDeviation='20'\/%3E%3CfeColorMatrix values='1 0 0 0 0 0 1 0 0 0 0 0 1 0 0 0 0 0 100 -1' result='s'\/%3E%3CfeFlood x='0' y='0' width='100%25' height='100%25'\/%3E%3CfeComposite operator='out' in='s'\/%3E%3CfeComposite in2='SourceGraphic'\/%3E%3CfeGaussianBlur stdDeviation='20'\/%3E%3C\/filter%3E%3Cimage width='100%25' height='100%25' x='0' y='0' preserveAspectRatio='none' style='filter: url(%23b);' href='https:\/\/images.lanouvellerepublique.fr\/image\/upload\/t_88w\/f_auto\/687f6476ca8ab56e738b45d2.jpg'\/%3E%3C\/svg%3E&quot;)\"   src=\"https:\/\/www.europesays.com\/fr\/wp-content\/uploads\/2025\/07\/687f6476ca8ab56e738b45d2.jpg\"\/><\/p>\n<p style=\"background-color:#F2F2F2;padding:5px;margin-top:0px;margin-bottom:10px\">Florian Lipowitz au d\u00e9part \u00e0 Montpellier, ce mardi 22\u00a0juillet 2025.<br \/> \u00a9 (Photo NR, Anna\u00efck Mainguy)<\/p>\n<p><strong>12\u00a0h\u00a007. <\/strong>Et K\u00e9vin Vauquelin (Ark\u00e9a), le meilleur Fran\u00e7ais au g\u00e9n\u00e9ral, que pense-t-il de cette ascension du Mont Ventoux\u00a0? \u00ab\u00a0Je ne l\u2019ai jamais escalad\u00e9 ni en entra\u00eenement ni en course, \u00e7a va \u00eatre une d\u00e9couverte\u00a0\u00bb, admet le 5e\u00a0du g\u00e9n\u00e9ral.<\/p>\n<p><strong>12\u00a0h\u00a002. <\/strong>Alors, bataille pour le g\u00e9n\u00e9ral ou pas\u00a0? Jonas Vingegaard (Visma), 2e\u00a0du g\u00e9n\u00e9ral, n\u2019a pas l\u2019intention de s\u2019avouer vaincu\u00a0: \u00ab\u00a0Il s\u2019agit de l\u2019un des Monts les plus iconiques dans l\u2019histoire du Tour de France, soulignait le Danois ce matin. Le Tour compte encore trois grosses \u00e9tapes de montagne, donc \u00e9videmment, on va continuer \u00e0 se battre jusqu\u2019au bout\u00a0!\u00a0\u00bb<\/p>\n<p>Jonas Vingegaard aborde cette troisi\u00e8me semaine avec 4&rsquo;13 de retard sur Tadej Pogacar (UAE).<\/p>\n<p><strong>Le top\u00a015 du classement g\u00e9n\u00e9ral<\/strong><\/p>\n<p>1. Tadej Pogacar (UAE) en 54\u00a0h\u00a020&rsquo;44<br \/>2. Jonas Vingegaard (Visma) \u00e0 4&rsquo;13<br \/>3. Florian Lipowitz (Red Bull) 7&rsquo;53<br \/>4. Oscar Onley (Picnic) 9&rsquo;18<br \/>5. K\u00e9vin Vauquelin (Ark\u00e9a) 10&rsquo;21<br \/>6. Primoz Roglic (Red Bull) 10&rsquo;34<br \/>7. Felix Gall (Decathlon) 12&rsquo;00<br \/>8. Tobias Johannessen (Uno-X) 12&rsquo;33<br \/>9. Carlos Rodriguez (Ineos) 18&rsquo;26<br \/>10. Ben Healy (EF) 18&rsquo;41<br \/>11. Jordan Jegat (TotalEnergies) 19&rsquo;47<br \/>12. Ben O\u2019Connor (Jayco) 25&rsquo;44<br \/>13. Guillaume Martin-Guyonnet (Groupama-FDJ) 27&rsquo;03<br \/>14. Jhonatan Narvaez (UAE) 31&rsquo;55<br \/>15. Matteo Jorgenson (Visma) 32&rsquo;09<strong>\ufeff<\/strong><\/p>\n<p><strong>11\u00a0h\u00a058. <\/strong>S\u2019il y en a un qui a vraiment h\u00e2te de retrouver le Mont Chauve, c\u2019est Lenny Martinez\u00a0! Car c\u2019est l\u00e0 que le Fran\u00e7ais de l\u2019\u00e9quipe Bahrain a sign\u00e9 son premier succ\u00e8s professionnel, en 2023, lors du CIC-Mont Ventoux. Et cerise sur le g\u00e2teau, il va l\u2019escalader avec le maillot de meilleur grimpeur sur les \u00e9paules. \u00ab\u00a0Le Ventoux, c\u2019est une belle \u00e9tape, je suis super content d\u2019y retourner, disait-il dimanche. Mais je pense que \u00e7a va plut\u00f4t se jouer entre les mecs du g\u00e9n\u00e9ral, je ne suis pas s\u00fbr que l\u2019\u00e9chapp\u00e9e puisse aller au bout. Au classement de la montagne, je n\u2019ai pas beaucoup d\u2019avance sur Tadej Pogacar (8\u00a0pt), je sens qu\u2019il va encore gagner des \u00e9tapes donc il faudra prendre tous les points possibles\u2026\u00a0\u00bb<\/p>\n<p><strong>11\u00a0h\u00a056.<\/strong> Jacky Durand, consultant pour Eurosport, se voulait particuli\u00e8rement enthousiaste dimanche \u00e0 propos de cette \u00e9tape\u00a0: \u00ab\u00a0Cette mont\u00e9e du Mont Ventoux est pour moi l\u2019ascension la plus dure sur ce Tour, mais il n\u2019y a pas d\u2019encha\u00eenement de difficult\u00e9s sur cette \u00e9tape, d\u00e9taillait-il pour la cha\u00eene. Le vent, apr\u00e8s Chalet Reynard, peut provoquer des bordures. Donc des pourcentages, du vent, de la chaleur, un lendemain de jour de repos\u2026 \u00c7a en fait des ingr\u00e9dients pour avoir une belle \u00e9tape\u00a0!\u00a0\u00bb<\/p>\n<p><strong>11\u00a0h\u00a054.<\/strong> Cette 16e \u00e9tape pr\u00e9sente deux parties distinctes\u00a0: une premi\u00e8re, entre Montpellier et B\u00e9doin, quasi plate, sans la moindre difficult\u00e9 \u00e0 se mettre sous la dent, mais avec un sprint interm\u00e9diaire plac\u00e9 \u00e0 Ch\u00e2teauneuf-du-Pape (km 112,4). Puis la deuxi\u00e8me partie, lorsque d\u00e9butera l\u2019ascension du Mont Ventoux, col mythique class\u00e9 hors cat\u00e9gorie, long de 15,7\u00a0km avec une pente moyenne de 8,8\u00a0%. \u00c9pique\u00a0!<\/p>\n<p>Il y a\u00a0des options pour attaquer \u00e0 tous les \u00e9tages<\/p>\n<p><strong>Christian Prudhomme, patron du Tour, \u00e0 propos de l\u2019ascension du Mont Ventoux<\/strong><\/p>\n<p>\u00ab\u00a0La configuration g\u00e9ographique insolite du G\u00e9ant de Provence le place souvent comme unique difficult\u00e9 de la journ\u00e9e, souligne Christian Prudhomme, le patron du Tour. Apr\u00e8s avoir travers\u00e9 l\u2019H\u00e9rault, le Gard et le Vaucluse, il ne restera qu\u2019une seule route pour une explication qui peut virer \u00e0 la d\u00e9monstration. Entre le village de B\u00e9doin et l\u2019observatoire qui surplombe la ligne d\u2019arriv\u00e9e, il y a 15,7\u00a0km \u00e0 escalader \u00e0 8,8\u00a0% de pentes moyennes\u2026 et des options pour attaquer \u00e0 tous les \u00e9tages.\u00a0\u00bb<\/p>\n<p><strong>11\u00a0h\u00a052.<\/strong> C\u2019est la grande information de ce mardi matin\u00a0: Mathieu van der Poel (Alpecin), grand animateur de cette 112e \u00e9dition dont <a target=\"_self\" href=\"https:\/\/www.lanouvellerepublique.fr\/a-la-une\/direct-tour-de-france-suivez-la-deuxieme-etape-entre-lauwin-planque-et-boulogne-sur-mer-1751795950\" rel=\"nofollow noopener\">il a remport\u00e9 la 2e \u00e9tape<\/a>, ne prendra pas le d\u00e9part de cette 16e \u00e9tape. Le N\u00e9erlandais de 30\u00a0ans souffre d\u2019une pneumonie pour laquelle il a d\u00fb se rendre \u00e0 l\u2019h\u00f4pital lundi, explique son \u00e9quipe.<\/p>\n<p><strong>11\u00a0h\u00a050.<\/strong> Bonjour et bienvenue sur ce direct consacr\u00e9 \u00e0 la 16e\u00a0\u00e9tape du Tour de France masculin\u00a0! Apr\u00e8s une journ\u00e9e de repos bien m\u00e9rit\u00e9e, le peloton de cette 112e \u00e9dition remonte en selle pour 171,5\u00a0km entre Montpellier et le Mont Ventoux, ce mardi 22\u00a0juillet 2025. Le d\u00e9part fictif sera donn\u00e9 \u00e0 12\u00a0h\u00a010\u00a0!<\/p>\n<p><img alt=\"Il fait beau \u00e0 Montpellier pour accueillir le d\u00e9part de cette 16e \u00e9tape, ce mardi 22\u00a0juillet 2025.\" loading=\"lazy\" width=\"980\" height=\"573\" decoding=\"async\" data-nimg=\"1\" class=\"img-responsive spinner-show\" style=\"color:transparent;background-size:cover;background-position:50% 50%;background-repeat:no-repeat;background-image:url(&quot;data:image\/svg+xml;charset=utf-8,%3Csvg xmlns='http:\/\/www.w3.org\/2000\/svg' viewBox='0 0 980 573'%3E%3Cfilter id='b' color-interpolation-filters='sRGB'%3E%3CfeGaussianBlur stdDeviation='20'\/%3E%3CfeColorMatrix values='1 0 0 0 0 0 1 0 0 0 0 0 1 0 0 0 0 0 100 -1' result='s'\/%3E%3CfeFlood x='0' y='0' width='100%25' height='100%25'\/%3E%3CfeComposite operator='out' in='s'\/%3E%3CfeComposite in2='SourceGraphic'\/%3E%3CfeGaussianBlur stdDeviation='20'\/%3E%3C\/filter%3E%3Cimage width='100%25' height='100%25' x='0' y='0' preserveAspectRatio='none' style='filter: url(%23b);' href='https:\/\/images.lanouvellerepublique.fr\/image\/upload\/t_88w\/f_auto\/687f62e2ca8ab5e5688b45c4.jpg'\/%3E%3C\/svg%3E&quot;)\"   src=\"https:\/\/www.europesays.com\/fr\/wp-content\/uploads\/2025\/07\/687f62e2ca8ab5e5688b45c4.jpg\"\/><\/p>\n<p style=\"background-color:#F2F2F2;padding:5px;margin-top:0px;margin-bottom:10px\">Il fait beau \u00e0 Montpellier pour accueillir le d\u00e9part de cette 16e \u00e9tape, ce mardi 22\u00a0juillet 2025.<br \/> \u00a9 (Photo NR, Anna\u00efck Mainguy)<\/p>\n","protected":false},"excerpt":{"rendered":"Ce direct est anim\u00e9 par les journalistes du service des sports de La Nouvelle R\u00e9publique. Course 12,3\u00a0km. Visma&hellip;\n","protected":false},"author":2,"featured_media":265726,"comment_status":"","ping_status":"","sticky":false,"template":"","format":"standard","meta":{"footnotes":""},"categories":[1411],"tags":[328,1154,207,1011,27,74,60,210],"class_list":{"0":"post-265725","1":"post","2":"type-post","3":"status-publish","4":"format-standard","5":"has-post-thumbnail","7":"category-cyclisme","8":"tag-a-la-une","9":"tag-cycling","10":"tag-cyclisme","11":"tag-fr","12":"tag-france","13":"tag-monde","14":"tag-sports","15":"tag-tour-de-france"},"share_on_mastodon":{"url":"https:\/\/pubeurope.com\/@fr\/114897279024659049","error":""},"_links":{"self":[{"href":"https:\/\/www.europesays.com\/fr\/wp-json\/wp\/v2\/posts\/265725","targetHints":{"allow":["GET"]}}],"collection":[{"href":"https:\/\/www.europesays.com\/fr\/wp-json\/wp\/v2\/posts"}],"about":[{"href":"https:\/\/www.europesays.com\/fr\/wp-json\/wp\/v2\/types\/post"}],"author":[{"embeddable":true,"href":"https:\/\/www.europesays.com\/fr\/wp-json\/wp\/v2\/users\/2"}],"replies":[{"embeddable":true,"href":"https:\/\/www.europesays.com\/fr\/wp-json\/wp\/v2\/comments?post=265725"}],"version-history":[{"count":0,"href":"https:\/\/www.europesays.com\/fr\/wp-json\/wp\/v2\/posts\/265725\/revisions"}],"wp:featuredmedia":[{"embeddable":true,"href":"https:\/\/www.europesays.com\/fr\/wp-json\/wp\/v2\/media\/265726"}],"wp:attachment":[{"href":"https:\/\/www.europesays.com\/fr\/wp-json\/wp\/v2\/media?parent=265725"}],"wp:term":[{"taxonomy":"category","embeddable":true,"href":"https:\/\/www.europesays.com\/fr\/wp-json\/wp\/v2\/categories?post=265725"},{"taxonomy":"post_tag","embeddable":true,"href":"https:\/\/www.europesays.com\/fr\/wp-json\/wp\/v2\/tags?post=265725"}],"curies":[{"name":"wp","href":"https:\/\/api.w.org\/{rel}","templated":true}]}}