{"id":265727,"date":"2025-07-22T14:08:10","date_gmt":"2025-07-22T14:08:10","guid":{"rendered":"https:\/\/www.europesays.com\/fr\/265727\/"},"modified":"2025-07-22T14:08:10","modified_gmt":"2025-07-22T14:08:10","slug":"om-arrivee-decalee-pour-aubameyang-maxifoot","status":"publish","type":"post","link":"https:\/\/www.europesays.com\/fr\/265727\/","title":{"rendered":"OM : arriv\u00e9e d\u00e9cal\u00e9e pour Aubameyang &#8211; Maxifoot"},"content":{"rendered":"<ol>\n<li><a href=\"https:\/\/news.google.com\/rss\/articles\/CBMif0FVX3lxTE1zanNBWkgwWFh1UW9weFdKeGhRQVJDdWN2ako2ZlNKQmU4S1VkczNxbVA1dHBpMFgzRVAtemVza21IVUd3enBjUEIwZ0tUYzVCWEZhQUhLVDcyLUU3alRJWWRGTGlCY1Y4VG9Lbzg1cnQzSEJKVDY2VlZYWXJxNEHSAX9BVV95cUxQa01tZktJcWhrNXZUT2RDU09qVjRPTkZ3Uks2U09xMWZGXzRpWDVPaktzNTF6STdzN0JPTDV2MjBLMmVIa29rSDg1VXNfbC1leFZ0UGdxellXTTc4VDl6a2MwMURCOC1nWE82b2ZId3BzOHZheWVQZHo0MkpDdlRV?oc=5\" target=\"_blank\" rel=\"noopener\">OM : arriv\u00e9e d\u00e9cal\u00e9e pour Aubameyang<\/a>&nbsp;&nbsp;Maxifoot<\/li>\n<li><a href=\"https:\/\/news.google.com\/rss\/articles\/CBMipAFBVV95cUxNQXdseWs0QmVWMDBwUXotZVFkbXVyZzhpRjdGb0gxbHJiOE14Q3hLQ0c5c0Y2TER5Nl9OWDRkbkdrVXdCdTgyYUVVUlVfMklTYWgySThKaVJpcDR0SUFDbUsxbFBMSTJTbmk1V25IMjVaNXZ6VE1QaTlSVGRkZlJObS1jc25pbXhRS3ljSHhLX09IRkQ0QVpxSHJYQi13WjdaOVJTUQ?oc=5\" target=\"_blank\" rel=\"noopener\">OM : Pierre-Emerick Aubameyang n\u2019arrivera pas aujourd\u2019hui<\/a>&nbsp;&nbsp;Foot Mercato<\/li>\n<li><a href=\"https:\/\/news.google.com\/rss\/articles\/CBMitgFBVV95cUxOTHpjaFAySHMwU1NTTzJoU3NzOGlISWV5M1NEMFdpazlHcGV6dkpjajBuQ1JCbDNBWEVKZjlZamM4elhXWURHSDktaHNQS1FmaEpYNlQ1UUJhMUJjaTFzc212SlZTWXlidnN0aWU5VHFiVFZ5dWotbjFJbHoxbVV3M0dJSkFkbGZzMDk0eUtHSUxhRWRudjVSM1ZGSVZyaG92Y0FXbHRUZ0tXWHNReWQ0cGFKOGZfQQ?oc=5\" target=\"_blank\" rel=\"noopener\">Mercato OM. Contretemps dans l\u2019arriv\u00e9e d\u2019Aubameyang \u00e0 Marseille<\/a>&nbsp;&nbsp;La Provence<\/li>\n<li><a href=\"https:\/\/news.google.com\/rss\/articles\/CBMingFBVV95cUxQUUNTUl9rNUxxZEVzZUVha0xpbkFEd1VTT3p3ZU5zMVVpSk91ZThXYnlMR2tEQUpFNU9pUUdNQndPSjYzRkRYbDNXbHFkaHN5ZXpaMnNwOHIwOUJkcUdmeTdDRlRPNWU2eGp2bENndHlHcFlCUHlKX05yLUZfNnJoQ2FELTZpTHBaajJoVFNzX2tsTlZrMVY3NnBSSXpEZw?oc=5\" target=\"_blank\" rel=\"noopener\">Le profil d&rsquo;Aubameyang en stats &#8211; Foot<\/a>&nbsp;&nbsp;Orange Actualit\u00e9s | Sports<\/li>\n<li><a href=\"https:\/\/news.google.com\/rss\/articles\/CBMi3gFBVV95cUxPbmF3ZllBNlNHZ1RmblV0cnNkaks3Q2psUXVxbklya1E5SGxuVmw0M2l5UGsyVHZ2c1kyN01hUjRSTVBNMWxkOV9QcjRQcWpRamVYSkstRHF4OWpQeGlfLWRrMGJjNWZScDcyN09aYWhXcWZGMXRjSWljcFdjc2t5Wm9qQTl6UU5VbTRfbzZ1X2hlel9iaFVrSW9zR1Yxd1VjMm13Q01BSmhGb3duQ2pKcTVNRk1nQzdUOFlfU1YyaXJ1SE1PazUzZ3JxY2R4MTJxS014VjlsUUZCekhKLWc?oc=5\" target=\"_blank\" rel=\"noopener\">Football : un peu de calme \u00e0 Laval pour Pierre-Emerick Aubameyang avant la folle pression de l&rsquo;OM<\/a>&nbsp;&nbsp;francebleu.fr<\/li>\n<\/ol>\n","protected":false},"excerpt":{"rendered":"OM : arriv\u00e9e d\u00e9cal\u00e9e pour Aubameyang&nbsp;&nbsp;Maxifoot OM : Pierre-Emerick Aubameyang n\u2019arrivera pas aujourd\u2019hui&nbsp;&nbsp;Foot Mercato Mercato OM. Contretemps dans&hellip;\n","protected":false},"author":2,"featured_media":265728,"comment_status":"","ping_status":"","sticky":false,"template":"","format":"standard","meta":{"footnotes":""},"categories":[1410],"tags":[2266,2262,2261,1981,83,2260,451,2263,462,2269,2257,63,1011,27,2265,1441,453,66,447,2267,955,2268,241,149,70,1817,93,2264,2258,2259,60,969,455],"class_list":{"0":"post-265727","1":"post","2":"type-post","3":"status-publish","4":"format-standard","5":"has-post-thumbnail","7":"category-football","8":"tag-as-monaco","9":"tag-bundesligua","10":"tag-calcio","11":"tag-classement","12":"tag-coupe-de-france","13":"tag-coupe-de-la-ligue","14":"tag-coupe-du-monde","15":"tag-equipe","16":"tag-fc-nantes","17":"tag-fifa","18":"tag-foot","19":"tag-football","20":"tag-fr","21":"tag-france","22":"tag-girondins-bordeaux","23":"tag-joueur","24":"tag-liga","25":"tag-ligue-1","26":"tag-ligue-des-champions","27":"tag-losc","28":"tag-match","29":"tag-ogc-nice","30":"tag-ol","31":"tag-om","32":"tag-premier-league","33":"tag-pronostic","34":"tag-psg","35":"tag-rc-lens","36":"tag-resultat","37":"tag-score","38":"tag-sports","39":"tag-transfert","40":"tag-uefa"},"share_on_mastodon":{"url":"https:\/\/pubeurope.com\/@fr\/114897282899310717","error":""},"_links":{"self":[{"href":"https:\/\/www.europesays.com\/fr\/wp-json\/wp\/v2\/posts\/265727","targetHints":{"allow":["GET"]}}],"collection":[{"href":"https:\/\/www.europesays.com\/fr\/wp-json\/wp\/v2\/posts"}],"about":[{"href":"https:\/\/www.europesays.com\/fr\/wp-json\/wp\/v2\/types\/post"}],"author":[{"embeddable":true,"href":"https:\/\/www.europesays.com\/fr\/wp-json\/wp\/v2\/users\/2"}],"replies":[{"embeddable":true,"href":"https:\/\/www.europesays.com\/fr\/wp-json\/wp\/v2\/comments?post=265727"}],"version-history":[{"count":0,"href":"https:\/\/www.europesays.com\/fr\/wp-json\/wp\/v2\/posts\/265727\/revisions"}],"wp:featuredmedia":[{"embeddable":true,"href":"https:\/\/www.europesays.com\/fr\/wp-json\/wp\/v2\/media\/265728"}],"wp:attachment":[{"href":"https:\/\/www.europesays.com\/fr\/wp-json\/wp\/v2\/media?parent=265727"}],"wp:term":[{"taxonomy":"category","embeddable":true,"href":"https:\/\/www.europesays.com\/fr\/wp-json\/wp\/v2\/categories?post=265727"},{"taxonomy":"post_tag","embeddable":true,"href":"https:\/\/www.europesays.com\/fr\/wp-json\/wp\/v2\/tags?post=265727"}],"curies":[{"name":"wp","href":"https:\/\/api.w.org\/{rel}","templated":true}]}}