{"id":265731,"date":"2025-07-22T14:10:22","date_gmt":"2025-07-22T14:10:22","guid":{"rendered":"https:\/\/www.europesays.com\/fr\/265731\/"},"modified":"2025-07-22T14:10:22","modified_gmt":"2025-07-22T14:10:22","slug":"fleurance-une-nouvelle-installation-photos","status":"publish","type":"post","link":"https:\/\/www.europesays.com\/fr\/265731\/","title":{"rendered":"Fleurance. Une nouvelle installation photos"},"content":{"rendered":"<p>Les panneaux photos install\u00e9s sur le chemin des entrepreneurs viennent d\u2019\u00eatre chang\u00e9s par quelques b\u00e9n\u00e9voles du photo Club de Gascogne qui pr\u00e9sente la nouvelle \u00e9dition 2025. Ils sont trait\u00e9s de fa\u00e7on th\u00e9matique exprim\u00e9e en anglais, espagnol, italien, hollandais : faune sauvage, gros gibier, fleurs, papillons, les insectes, les oiseaux, les corvid\u00e9s, les champignons, les petits oiseaux, les oiseaux du milieu aquatique, les fleurs toxiques, les plantes comestibles. La r\u00e9alisation de ces panneaux photos par Duckprint est rendue possible gr\u00e2ce au partenariat avec l\u2019entreprise Gimbert Oc\u00e9an. On y d\u00e9couvre une jolie mise en sc\u00e8ne photographique de qualit\u00e9 et les noms de la plupart des esp\u00e8ces pr\u00e9sent\u00e9es afin de se mettre \u00e0 la port\u00e9e des gens et de les int\u00e9resser. Pour cette th\u00e9matique de la faune sauvage, cette ann\u00e9e les photographes ont ouvert les portes du d\u00e9partement pour rapporter d\u2019autres esp\u00e8ces.<\/p>\n<p>Le photo club se porte bien, avec de nouveaux adh\u00e9rents int\u00e9ress\u00e9s, assidus et imaginatifs. La pr\u00e9paration du festival d\u2019automne Phot\u2019Art est en cours. Actualit\u00e9 : Patrick Barbier expose en ce moment \u00ab\u00a0Nuages gersois\u00a0\u00bb au domaine de Beaulieu \u00e0 Auch, Fabien Robert exposera \u00e0 la m\u00e9diath\u00e8que de Saint-Clar au mois de septembre.<\/p>\n","protected":false},"excerpt":{"rendered":"Les panneaux photos install\u00e9s sur le chemin des entrepreneurs viennent d\u2019\u00eatre chang\u00e9s par quelques b\u00e9n\u00e9voles du photo Club&hellip;\n","protected":false},"author":2,"featured_media":265732,"comment_status":"","ping_status":"","sticky":false,"template":"","format":"standard","meta":{"footnotes":""},"categories":[1358],"tags":[1348,1384,1385,1386,58,59,1011,27],"class_list":{"0":"post-265731","1":"post","2":"type-post","3":"status-publish","4":"format-standard","5":"has-post-thumbnail","7":"category-arts-et-design","8":"tag-arts","9":"tag-arts-and-design","10":"tag-arts-et-design","11":"tag-design","12":"tag-divertissement","13":"tag-entertainment","14":"tag-fr","15":"tag-france"},"share_on_mastodon":{"url":"https:\/\/pubeurope.com\/@fr\/114897290809263244","error":""},"_links":{"self":[{"href":"https:\/\/www.europesays.com\/fr\/wp-json\/wp\/v2\/posts\/265731","targetHints":{"allow":["GET"]}}],"collection":[{"href":"https:\/\/www.europesays.com\/fr\/wp-json\/wp\/v2\/posts"}],"about":[{"href":"https:\/\/www.europesays.com\/fr\/wp-json\/wp\/v2\/types\/post"}],"author":[{"embeddable":true,"href":"https:\/\/www.europesays.com\/fr\/wp-json\/wp\/v2\/users\/2"}],"replies":[{"embeddable":true,"href":"https:\/\/www.europesays.com\/fr\/wp-json\/wp\/v2\/comments?post=265731"}],"version-history":[{"count":0,"href":"https:\/\/www.europesays.com\/fr\/wp-json\/wp\/v2\/posts\/265731\/revisions"}],"wp:featuredmedia":[{"embeddable":true,"href":"https:\/\/www.europesays.com\/fr\/wp-json\/wp\/v2\/media\/265732"}],"wp:attachment":[{"href":"https:\/\/www.europesays.com\/fr\/wp-json\/wp\/v2\/media?parent=265731"}],"wp:term":[{"taxonomy":"category","embeddable":true,"href":"https:\/\/www.europesays.com\/fr\/wp-json\/wp\/v2\/categories?post=265731"},{"taxonomy":"post_tag","embeddable":true,"href":"https:\/\/www.europesays.com\/fr\/wp-json\/wp\/v2\/tags?post=265731"}],"curies":[{"name":"wp","href":"https:\/\/api.w.org\/{rel}","templated":true}]}}