{"id":265735,"date":"2025-07-22T14:12:12","date_gmt":"2025-07-22T14:12:12","guid":{"rendered":"https:\/\/www.europesays.com\/fr\/265735\/"},"modified":"2025-07-22T14:12:12","modified_gmt":"2025-07-22T14:12:12","slug":"meme-la-nuit-de-noel-il-nest-pas-gentil","status":"publish","type":"post","link":"https:\/\/www.europesays.com\/fr\/265735\/","title":{"rendered":"M\u00eame la nuit de No\u00ebl, il n\u2019est pas gentil"},"content":{"rendered":"<p>Ces derniers mois n\u2019ont pas \u00e9t\u00e9 tendres avec <strong>Isabelle<br \/>\nMorini-Bosc<\/strong>. L\u2019arr\u00eat d\u00e9finitif de la cha\u00eene C8 l\u2019a<br \/>\ncontrainte \u00e0 dire adieu \u00e0 son poste dans l\u2019\u00e9mission de<br \/>\n<strong>Cyril Hanouna<\/strong>. Pr\u00e9sente depuis les d\u00e9buts de<br \/>\nTouche Pas \u00e0 Mon Poste, elle faisait partie des figures<br \/>\nembl\u00e9matiques du programme. Un coup dur pour celle qui a vu na\u00eetre<br \/>\nl\u2019\u00e9mission et contribu\u00e9 \u00e0 son succ\u00e8s. Heureusement, la journaliste<br \/>\nconserve son micro sur RTL, une maison qu\u2019elle conna\u00eet depuis les<br \/>\nann\u00e9es 90.<\/p>\n<p>Quel avenir pour Isabelle Morini-Bosc apr\u00e8s TPMP ?<\/p>\n<p>Avec la fin de Touche Pas \u00e0 Mon Poste et la disparition<br \/>\nde C8, chacun des anciens chroniqueurs a suivi son propre chemin.<br \/>\nTandis que <a href=\"https:\/\/www.melty.fr\/people\/guillaume-genton-papa-pour-la-seconde-fois-il-lache-cyril-hanouna-2245649.html\" target=\"_blank\" rel=\"noopener\"><br \/>\ncertains sont devenus papa pour la seconde fois<\/a>, d\u2019autres se<br \/>\nsont offert un peu de r\u00e9pit. Cyril Hanouna, de son c\u00f4t\u00e9, pr\u00e9pare<br \/>\nune nouvelle \u00e9mission sur W9 \u00e0 la rentr\u00e9e. Ce projet baptis\u00e9<br \/>\nTout beau, tout neuf r\u00e9unira notamment <strong>Val\u00e9rie<br \/>\nB\u00e9na\u00efm, Raymond et G\u00e9raldine Maillet<\/strong> comme anciens membres<br \/>\nde la clique \u00e0 Baba. La question reste enti\u00e8re concernant Isabelle<br \/>\nMorini-Bosc.<\/p>\n<p>Appartenant d\u00e9j\u00e0 au groupe M6, la pr\u00e9sence de la femme de m\u00e9dias<br \/>\npara\u00eetrait logique. Pourtant, rien n\u2019est confirm\u00e9. Invit\u00e9e dans<br \/>\nl\u2019\u00e9mission Jet De Luxe, elle a laiss\u00e9 entendre qu\u2019elle<br \/>\nrestait dans l\u2019attente d\u2019une \u00e9ventuelle proposition. \u00ab\u00a0Je<br \/>\nn\u00a0\u00bbenvole pas de textos comme \u00e7a je ne suis pas bless\u00e9e s&rsquo;il ne me<br \/>\nr\u00e9pond pas. (&#8230;) J&rsquo;ai des nouvelles par le groupe, je sais qu&rsquo;ils<br \/>\nse voient, qu&rsquo;il y a des r\u00e9unions qui se passent bien. <strong>Je<br \/>\nne veux pas l&#8217;emmerder<\/strong>\u00ab\u00a0, confie-t-elle avec<br \/>\nfranchise.<\/p>\n<p>La journaliste d\u00e9monte Nagui<\/p>\n<p>Parmi les animateurs qu\u2019elle a c\u00f4toy\u00e9s, Isabelle Morini-Bosc<br \/>\ngarde de bons souvenirs de certains, comme <strong>Jean-Luc<br \/>\nDelarue<\/strong> ou <strong>Arthur<\/strong>. Elle cite aussi Nagui,<br \/>\nqu\u2019elle appr\u00e9cie beaucoup malgr\u00e9 quelques sorties inattendues.<br \/>\nInvit\u00e9e par Jordan de Luxe, elle a racont\u00e9 une sc\u00e8ne surprenante<br \/>\nv\u00e9cue avec lui lors d\u2019un r\u00e9veillon pass\u00e9 \u00e0 RTL. \u201cPardon Nagui<br \/>\nde le raconter&#8230; Quand Nagui \u00e9tait un brillant animateur \u00e0 RTL, il<br \/>\ny a une nuit de No\u00ebl, il a s\u00fbrement oubli\u00e9 o\u00f9 il y avait un<br \/>\npr\u00e9sentateur qui s&rsquo;appelait <strong>Herv\u00e9 Laviale<\/strong> et il y<br \/>\navait une animatrice qui s&rsquo;en allait et moi. Et la nuit de No\u00ebl,<br \/>\nNagui et le pr\u00e9sentateur : &lsquo;Nagui, joyeuse nuit de No\u00ebl&rsquo;. Et Nagui<br \/>\nr\u00e9pond : &lsquo;bah oui je vois que c&rsquo;est bien la nuit de No\u00ebl, il y a<br \/>\nd\u00e9j\u00e0 le chapeau et les deux dindes\u2019\u201d.<\/p>\n<p>L\u2019ambiance festive a d\u00e9rap\u00e9 \u00e0 l\u2019antenne, provoquant une r\u00e9action<br \/>\ninattendue des auditeurs. La suite du sketch improvis\u00e9 n\u2019a pas non<br \/>\nplus fait l\u2019unanimit\u00e9. \u201cAlors le chapon c&rsquo;est un animal qui ne<br \/>\npeut pas se reproduire. Donc le journaliste a dit &lsquo;Je vais monter<br \/>\nvous montrer si je suis un chapon&rsquo; et nous on a dit : &lsquo;attention<br \/>\nNagui parce qu&rsquo;avec les dindes il y a des marrons&rsquo;, et les<br \/>\nauditeurs ont pas aim\u00e9 du tout en disant : &lsquo;<strong>m\u00eame la nuit de<br \/>\nNo\u00ebl il n&rsquo;est pas gentil<\/strong>&lsquo;. Alors nous, moi, \u00e7a nous a fait<br \/>\nrire parce que par ailleurs il est brillantissime donc mais c&rsquo;est<br \/>\nvrai que cette nuit l\u00e0 je me suis dit &lsquo;mais p*** Nagui fais un<br \/>\neffort\u2019\u201d, a confi\u00e9 la journaliste avec humour. Une parenth\u00e8se<br \/>\npiquante, r\u00e9v\u00e9latrice d\u2019un Nagui parfois plus mordant que<br \/>\npr\u00e9vu.<\/p>\n<p>Pourquoi Isabelle Morini-Bosc ne jure<br \/>\nque par le rouge ?<\/p>\n<p>Invit\u00e9e \u00e0 r\u00e9agir sur le nouveau visage d\u2019Intervilles sans<br \/>\nvachette toujours au cours de cette interview, elle n\u2019a pas m\u00e2ch\u00e9<br \/>\nses mots. Selon <a href=\"https:\/\/www.melty.fr\/people\/isabelle-morini-bosc-sans-detour-sur-la-fin-de-sa-vie-sa-volonte-pour-son-enterrement-risque-de-bloquer-2246869.html\" target=\"_blank\" rel=\"noopener\"><br \/>\ncelle qui s&rsquo;est livr\u00e9e sans d\u00e9tour sur son enterrement<\/a>, ce<br \/>\nchangement ne suffit pas \u00e0 rendre le programme plus \u00e9cologique.<br \/>\nElle pointe du doigt les <strong>installations massives sur les<br \/>\nterrains<\/strong> qui, selon ses mots, \u00ab ne sont pas bons pour<br \/>\nles tympans des petits animaux \u00bb et d\u00e9rangent aussi bien les<br \/>\nhiboux que les chauves-souris. Une prise de parole franche, comme<br \/>\nelle en a l\u2019habitude.<\/p>\n<p>Dans un autre registre, la chroniqueuse est aussi revenue avec<br \/>\nhumour sur son \u00e9ternel amour pour la couleur rouge, d\u00e9sormais<br \/>\nindissociable de son image. \u00c0 la question de Jordan De Luxe sur ce<br \/>\nchoix vestimentaire devenu signature, elle r\u00e9pond sans d\u00e9tour : \u00ab<br \/>\n<strong>Parce que tout simplement, j\u2019aime le rouge<br \/>\n!<\/strong> \u00bb Une teinte qui attire l\u2019\u0153il, un clin d&rsquo;\u0153il \u00e0 sa<br \/>\nm\u00e8re qui l&rsquo;adorait aussi. Et si cela \u00e9voque la passion, elle<br \/>\npr\u00e9cise : \u00ab Je suis pas un \u00eatre passionn\u00e9. \u00bb Tout est dit,<br \/>\navec son franc-parler habituel.<\/p>\n","protected":false},"excerpt":{"rendered":"Ces derniers mois n\u2019ont pas \u00e9t\u00e9 tendres avec Isabelle Morini-Bosc. L\u2019arr\u00eat d\u00e9finitif de la cha\u00eene C8 l\u2019a contrainte&hellip;\n","protected":false},"author":2,"featured_media":265736,"comment_status":"","ping_status":"","sticky":false,"template":"","format":"standard","meta":{"footnotes":""},"categories":[1356],"tags":[905,58,59,1011,27,16182,10477,252,1364],"class_list":{"0":"post-265735","1":"post","2":"type-post","3":"status-publish","4":"format-standard","5":"has-post-thumbnail","7":"category-television","8":"tag-a-la-une-melty","9":"tag-divertissement","10":"tag-entertainment","11":"tag-fr","12":"tag-france","13":"tag-isabelle-morini-bosc","14":"tag-nagui","15":"tag-television","16":"tag-tv"},"share_on_mastodon":{"url":"https:\/\/pubeurope.com\/@fr\/114897298585549473","error":""},"_links":{"self":[{"href":"https:\/\/www.europesays.com\/fr\/wp-json\/wp\/v2\/posts\/265735","targetHints":{"allow":["GET"]}}],"collection":[{"href":"https:\/\/www.europesays.com\/fr\/wp-json\/wp\/v2\/posts"}],"about":[{"href":"https:\/\/www.europesays.com\/fr\/wp-json\/wp\/v2\/types\/post"}],"author":[{"embeddable":true,"href":"https:\/\/www.europesays.com\/fr\/wp-json\/wp\/v2\/users\/2"}],"replies":[{"embeddable":true,"href":"https:\/\/www.europesays.com\/fr\/wp-json\/wp\/v2\/comments?post=265735"}],"version-history":[{"count":0,"href":"https:\/\/www.europesays.com\/fr\/wp-json\/wp\/v2\/posts\/265735\/revisions"}],"wp:featuredmedia":[{"embeddable":true,"href":"https:\/\/www.europesays.com\/fr\/wp-json\/wp\/v2\/media\/265736"}],"wp:attachment":[{"href":"https:\/\/www.europesays.com\/fr\/wp-json\/wp\/v2\/media?parent=265735"}],"wp:term":[{"taxonomy":"category","embeddable":true,"href":"https:\/\/www.europesays.com\/fr\/wp-json\/wp\/v2\/categories?post=265735"},{"taxonomy":"post_tag","embeddable":true,"href":"https:\/\/www.europesays.com\/fr\/wp-json\/wp\/v2\/tags?post=265735"}],"curies":[{"name":"wp","href":"https:\/\/api.w.org\/{rel}","templated":true}]}}