{"id":265737,"date":"2025-07-22T14:13:10","date_gmt":"2025-07-22T14:13:10","guid":{"rendered":"https:\/\/www.europesays.com\/fr\/265737\/"},"modified":"2025-07-22T14:13:10","modified_gmt":"2025-07-22T14:13:10","slug":"cigarettes-alcool-zaz-revient-avec-un-nouvel-album-liberee-de-ses-exces","status":"publish","type":"post","link":"https:\/\/www.europesays.com\/fr\/265737\/","title":{"rendered":"Cigarettes, alcool&#8230;Zaz revient avec un nouvel album lib\u00e9r\u00e9e de ses exc\u00e8s"},"content":{"rendered":"<p>De retour avec un sixi\u00e8me opus intitul\u00e9 Sains et saufs, pr\u00e9vu pour septembre, la chanteuse de 45 ans a \u00e9voqu\u00e9 ses addictions pass\u00e9es et se dit r\u00e9concili\u00e9e avec elle-m\u00eame.<\/p>\n<p class=\"fig-paragraph\">Apr\u00e8s une pause de trois ans, Zaz est revenue sur le devant de la sc\u00e8ne cette ann\u00e9e en participant \u00e0 l\u2019\u00e9mission \u00ab\u00a0The Voice\u00a0\u00bb sur TF1. Un retour marqu\u00e9 par l\u2019annonce d\u2019un sixi\u00e8me album intitul\u00e9 Sains et saufs qui sortira le 19 septembre prochain. Quinze ans apr\u00e8s son plus grand succ\u00e8s, Je veux, une ode manouche \u00e0 la libert\u00e9, l\u2019artiste de 45 ans, ancienne chanteuse de rue aux 5 millions d\u2019albums vendus et 2 milliards de streams, se dit r\u00e9concili\u00e9e avec elle-m\u00eame, \u00e9tant venue \u00e0 bout de ses mauvaises habitudes.<\/p>\n<p class=\"fig-paragraph\">\u00ab Je picolais pas mal et je fumais, j\u2019avais plein de b\u00e9quilles partout. J\u2019avais l\u2019alcool festif mais souvent j\u2019allais dans le mur. J\u2019\u00e9tais jamais satisfaite et en plus j\u2019avais peur de me tromper, de faire les mauvais choix\u00a0\u00bb, a notamment confi\u00e9 l\u2019artiste \u00e0 l\u2019AFP. La chanteuse explique qu\u2019au-del\u00e0 de ses addictions, elle s\u2019\u00e9puisait \u00e0 vouloir jouer les \u00absuper-h\u00e9ros\u00bb. \u00ab J\u2019ai cr\u00e9\u00e9 je ne sais pas combien de projets pour aider (notamment via son association Zazimut, NDLR), j\u2019ai mis mon pognon, pour moi c\u2019\u00e9tait logique, il fallait donner. Je ne savais pas mettre des limites, comme dans ma vie tout court. J\u2019ai toujours \u00e9t\u00e9 dans l\u2019exc\u00e8s, je suis intense et absolue.\u00bb<\/p>\n<p>                                    <a class=\"fig-a11y-skip a11y-hidden\" href=\"#fig-a11y-skip-main-inarticle\"><br \/>\n        Passer la publicit\u00e9<br \/>\n    <\/a><\/p>\n<p>Duos avec Vianney et Rapha\u00ebl<\/p>\n<p class=\"fig-paragraph\">Le premier confinement au moment de la pand\u00e9mie a constitu\u00e9 un salutaire point de bascule. \u00ab J\u2019ai chop\u00e9 le Covid, j\u2019ai fait un je\u00fbne de trois jours donc j\u2019ai arr\u00eat\u00e9 de boire, de fumer, \u00e7a a eu un grand impact.\u00bb<\/p>\n<p class=\"fig-paragraph\">Au-del\u00e0 d\u2019un retour \u00e0 une vie plus saine, ce sevrage lui a permis de \u00ab r\u00e9apprendre \u00e0 s\u2019aimer\u00a0\u00bb. \u00ab En arr\u00eatant tout \u00e7a, je me suis respect\u00e9e, je me suis reconnue, je me suis valoris\u00e9e\u00a0\u00bb, t\u00e9moigne celle qui se r\u00e9jouit de revenir \u00e0 la musique.\u00a0Dans son nouvel opus, le premier avec le label ind\u00e9pendant parisien T\u00f4t ou tard, elle sera accompagn\u00e9e par plusieurs artistes tel que\u00a0<a href=\"http:\/\/www.lefigaro.fr\/musique\/vianney-veut-reapprendre-a-devenir-chanteur-dans-une-cabane-20250623\" data-fig-type=\"Article\" data-gtm-custom-categorie=\"navigation\" data-gtm-custom-action=\"crossclick\" data-gtm-custom-label=\"Contextuel\" data-gtm-event=\"customEventSPE\" data-fig-domain=\"LEFIGARO\" target=\"_blank\" rel=\"noopener\">Vianney\u00a0<\/a>avec qui elle a fait The Voice, Rapha\u00ebl ou encore No\u00e9 Preszow.<\/p>\n","protected":false},"excerpt":{"rendered":"De retour avec un sixi\u00e8me opus intitul\u00e9 Sains et saufs, pr\u00e9vu pour septembre, la chanteuse de 45 ans&hellip;\n","protected":false},"author":2,"featured_media":265738,"comment_status":"","ping_status":"","sticky":false,"template":"","format":"standard","meta":{"footnotes":""},"categories":[1355],"tags":[6654,58,59,1011,27,1361,873,29055],"class_list":{"0":"post-265737","1":"post","2":"type-post","3":"status-publish","4":"format-standard","5":"has-post-thumbnail","7":"category-musique","8":"tag-addiction","9":"tag-divertissement","10":"tag-entertainment","11":"tag-fr","12":"tag-france","13":"tag-music","14":"tag-musique","15":"tag-variete-francaise"},"share_on_mastodon":{"url":"https:\/\/pubeurope.com\/@fr\/114897302673298247","error":""},"_links":{"self":[{"href":"https:\/\/www.europesays.com\/fr\/wp-json\/wp\/v2\/posts\/265737","targetHints":{"allow":["GET"]}}],"collection":[{"href":"https:\/\/www.europesays.com\/fr\/wp-json\/wp\/v2\/posts"}],"about":[{"href":"https:\/\/www.europesays.com\/fr\/wp-json\/wp\/v2\/types\/post"}],"author":[{"embeddable":true,"href":"https:\/\/www.europesays.com\/fr\/wp-json\/wp\/v2\/users\/2"}],"replies":[{"embeddable":true,"href":"https:\/\/www.europesays.com\/fr\/wp-json\/wp\/v2\/comments?post=265737"}],"version-history":[{"count":0,"href":"https:\/\/www.europesays.com\/fr\/wp-json\/wp\/v2\/posts\/265737\/revisions"}],"wp:featuredmedia":[{"embeddable":true,"href":"https:\/\/www.europesays.com\/fr\/wp-json\/wp\/v2\/media\/265738"}],"wp:attachment":[{"href":"https:\/\/www.europesays.com\/fr\/wp-json\/wp\/v2\/media?parent=265737"}],"wp:term":[{"taxonomy":"category","embeddable":true,"href":"https:\/\/www.europesays.com\/fr\/wp-json\/wp\/v2\/categories?post=265737"},{"taxonomy":"post_tag","embeddable":true,"href":"https:\/\/www.europesays.com\/fr\/wp-json\/wp\/v2\/tags?post=265737"}],"curies":[{"name":"wp","href":"https:\/\/api.w.org\/{rel}","templated":true}]}}