{"id":265739,"date":"2025-07-22T14:14:25","date_gmt":"2025-07-22T14:14:25","guid":{"rendered":"https:\/\/www.europesays.com\/fr\/265739\/"},"modified":"2025-07-22T14:14:25","modified_gmt":"2025-07-22T14:14:25","slug":"photos-de-tournages-devoilees-nouvel-amoureux-dandy-sachs-revele-les-infos-excitantes-de-la-suite-du-film-culte","status":"publish","type":"post","link":"https:\/\/www.europesays.com\/fr\/265739\/","title":{"rendered":"Photos de tournages d\u00e9voil\u00e9es, nouvel amoureux d&rsquo;Andy Sachs r\u00e9v\u00e9l\u00e9&#8230; Les infos excitantes de la suite du film culte"},"content":{"rendered":"<p>Vingt ans apr\u00e8s le succ\u00e8s de son premier volet, <a href=\"https:\/\/www.programme-tv.net\/news\/evenement\/disney-plus-streaming\/356665-18-ans-apres-ce-film-culte-qui-a-rapporte-326-millions-de-dollars-va-enfin-avoir-une-suite\/\" data-api-deeplink=\"teleloisirs:\/\/news\/356665\" target=\"_blank\" rel=\"noopener\">Le Diable s&rsquo;habille en Prada, qui a rapport\u00e9 326 millions de dollars reviendra bient\u00f4t pour un nouveau film<\/a>, attendu aux \u00c9tats-Unis le 1er mai 2026. Alors que <a href=\"https:\/\/www.programme-tv.net\/news\/cinema\/346620-le-diable-shabille-en-prada-pourquoi-les-acteurs-ne-veulent-pas-voir-de-suite\/\" data-api-deeplink=\"teleloisirs:\/\/news\/346620\" target=\"_blank\" rel=\"noopener\">certains acteurs ne voulaient pas voir de suite<\/a>, celle-ci verra donc bien le jour, ce qui semble r\u00e9jouir Anne Hathaway qui a partag\u00e9 sur Instagram une photo d&rsquo;elle sur le tournage avec, en guise de l\u00e9gende : \u00ab\u00a0Andy Sachs 2025\u00a0\u00bb. Dans Le Diable s&rsquo;habille en Prada, adapt\u00e9 du roman \u00e9ponyme de Lauren Weisberg, sorti le 27 septembre 2006, l&rsquo;actrice pr\u00eatait ses traits \u00e0 Andrea Sachs, \u00ab\u00a0Andy\u00a0\u00bb, une journaliste en herbe fra\u00eechement dipl\u00f4m\u00e9e qui devient l&rsquo;assistante personnelle de Miranda Priestly, la reine ind\u00e9tr\u00f4nable de la mode \u00e0 New York, \u00e0 la t\u00eate du magazine Runway. Malgr\u00e9 l&rsquo;enthousiasme de sa jeune recrue, la tyrannique quinquag\u00e9naire, incarn\u00e9e par <a href=\"https:\/\/www.programme-tv.net\/news\/evenement\/disney-plus-streaming\/330008-seule-et-deprimee-meryl-streep-a-tres-mal-vecu-le-tournage-du-diable-s-habille-en-prada\/\" data-api-deeplink=\"teleloisirs:\/\/news\/330008\" target=\"_blank\" rel=\"noopener\">Meryl Streep, qui a tr\u00e8s mal v\u00e9cu le tournage<\/a>, va lui mener la vie dure.<\/p>\n<p>                        Le Diable s&rsquo;habille en Prada 2 : un casting toujours aussi riche pour la suite<\/p>\n<p>Dans cette suite tr\u00e8s attendue, on retrouvera \u00e9videmment Meryl Streep, Anne Hathaway, Emily Blunt ou encore <a href=\"https:\/\/www.programme-tv.net\/biographie\/3347-tucci-stanley\/\" data-link-people=\"b09d38c2-6fea-428c-b092-354388199e13\" target=\"_blank\" rel=\"noopener\">Stanley Tucci<\/a>. \u00c0 leurs c\u00f4t\u00e9s, il y aura \u00e9galement <a href=\"https:\/\/www.programme-tv.net\/biographie\/217-liu-lucy\/\" data-link-people=\"c72ba104-6439-4838-af07-8a5950b1a41c\" target=\"_blank\" rel=\"noopener\">Lucy Liu<\/a>, <a href=\"https:\/\/www.programme-tv.net\/biographie\/16678-theroux-justin\/\" data-link-people=\"2e6ffec2-d667-47c1-b1dd-f2e49ebd5b32\" target=\"_blank\" rel=\"noopener\">Justin Theroux<\/a>, B.J. Novak, <a href=\"https:\/\/www.programme-tv.net\/biographie\/429234-ashley-simone\/\" data-link-people=\"e99da470-4eb5-44b4-8def-2e9d4772c060\" target=\"_blank\" rel=\"noopener\">Simone Ashley<\/a> et <a href=\"https:\/\/www.programme-tv.net\/biographie\/886969-chalamet-pauline\/\" data-link-people=\"3e25d4ff-7fff-4e18-a8d6-08d0944deeb9\" target=\"_blank\" rel=\"noopener\">Pauline Chalamet<\/a>. <a href=\"https:\/\/www.programme-tv.net\/biographie\/3386-branagh-kenneth\/\" data-link-people=\"293275b5-9cef-4bcc-9a00-0f41376123bb\" target=\"_blank\" rel=\"noopener\">Kenneth Branagh<\/a> devrait \u00e9galement rejoindre ce casting, dans le r\u00f4le du mari de Miranda Priestly. En revanche, <a href=\"https:\/\/www.programme-tv.net\/biographie\/4680-grenier-adrian\/\" data-link-people=\"00f4af9d-6eaa-4fdc-b809-81893c1f40c8\" target=\"_blank\" rel=\"noopener\">Adrian Grenier<\/a>, qui incarnait Nate, le petit ami d&rsquo;Andy Sachs dans le premier film, ne sera pas dans la suite, a confirm\u00e9 <a href=\"https:\/\/www.hollywoodreporter.com\/movies\/movie-news\/adrian-grenier-not-returning-for-devil-wears-prada-sequel-1236303704\/\" rel=\"nofollow noopener\" target=\"_blank\">The Hollywood Reporter<\/a>. Il va \u00eatre en quelque sorte remplac\u00e9 par Patrick Brammall, qui va tenter de conqu\u00e9rir le c\u0153ur de la jeune femme.<\/p>\n<p>Le Diable s&rsquo;habille en Prada 2 : que peut-on attendre de la suite ? Des photos du tournage d\u00e9voil\u00e9es<\/p>\n<p>Dans la suite, Miranda Priestly, toujours \u00e0 la t\u00eate de Runway, va devoir faire face aux difficult\u00e9s du monde de l&rsquo;\u00e9dition, le magazine papier \u00e9tant d\u00e9sormais en d\u00e9clin. Comment vont interagir les personnages jou\u00e9s par Meryl Streep, Anne Hathaway, <a href=\"https:\/\/www.programme-tv.net\/biographie\/28384-blunt-emily\/\" data-link-people=\"e7d66fa1-ef69-4efa-89f0-6141b2b1b539\" target=\"_blank\" rel=\"noopener\">Emily Blunt<\/a>, dans ce nouveau volet ? Si vous voulez d\u00e9couvrir des photos du tournage pour un petit aper\u00e7u en avant-premi\u00e8re, d\u00e9couvrez notre diaporama ci-dessus !<\/p>\n<blockquote class=\"instagram-media\" data-instgrm-captioned=\"\" data-instgrm-permalink=\"https:\/\/www.instagram.com\/p\/DMX0fQURDYr\/?utm_source=ig_embed&amp;utm_campaign=loading\" data-instgrm-version=\"14\" style=\" background:#FFF; border:0; border-radius:3px; box-shadow:0 0 1px 0 rgba(0,0,0,0.5),0 1px 10px 0 rgba(0,0,0,0.15); margin: 1px; max-width:658px; min-width:326px; padding:0; width:99.375%; width:-webkit-calc(100% - 2px); width:calc(100% - 2px);\"\/>\n<p>Article \u00e9crit en collaboration avec 6Medias<\/p>\n<p>    <script async src=\"\/\/www.instagram.com\/embed.js\"><\/script><\/p>\n","protected":false},"excerpt":{"rendered":"Vingt ans apr\u00e8s le succ\u00e8s de son premier volet, Le Diable s&rsquo;habille en Prada, qui a rapport\u00e9 326&hellip;\n","protected":false},"author":2,"featured_media":265740,"comment_status":"","ping_status":"","sticky":false,"template":"","format":"standard","meta":{"footnotes":""},"categories":[1354],"tags":[11607,244,58,40529,59,1346,1011,27,34829,40528,1360,36266],"class_list":{"0":"post-265739","1":"post","2":"type-post","3":"status-publish","4":"format-standard","5":"has-post-thumbnail","7":"category-films","8":"tag-anne-hathaway","9":"tag-commentaire","10":"tag-divertissement","11":"tag-emily-blunt","12":"tag-entertainment","13":"tag-films","14":"tag-fr","15":"tag-france","16":"tag-le-diable-shabille-en-prada","17":"tag-meryl-streep","18":"tag-movies","19":"tag-sorties-cinu00e9ma"},"share_on_mastodon":{"url":"https:\/\/pubeurope.com\/@fr\/114897306506915263","error":""},"_links":{"self":[{"href":"https:\/\/www.europesays.com\/fr\/wp-json\/wp\/v2\/posts\/265739","targetHints":{"allow":["GET"]}}],"collection":[{"href":"https:\/\/www.europesays.com\/fr\/wp-json\/wp\/v2\/posts"}],"about":[{"href":"https:\/\/www.europesays.com\/fr\/wp-json\/wp\/v2\/types\/post"}],"author":[{"embeddable":true,"href":"https:\/\/www.europesays.com\/fr\/wp-json\/wp\/v2\/users\/2"}],"replies":[{"embeddable":true,"href":"https:\/\/www.europesays.com\/fr\/wp-json\/wp\/v2\/comments?post=265739"}],"version-history":[{"count":0,"href":"https:\/\/www.europesays.com\/fr\/wp-json\/wp\/v2\/posts\/265739\/revisions"}],"wp:featuredmedia":[{"embeddable":true,"href":"https:\/\/www.europesays.com\/fr\/wp-json\/wp\/v2\/media\/265740"}],"wp:attachment":[{"href":"https:\/\/www.europesays.com\/fr\/wp-json\/wp\/v2\/media?parent=265739"}],"wp:term":[{"taxonomy":"category","embeddable":true,"href":"https:\/\/www.europesays.com\/fr\/wp-json\/wp\/v2\/categories?post=265739"},{"taxonomy":"post_tag","embeddable":true,"href":"https:\/\/www.europesays.com\/fr\/wp-json\/wp\/v2\/tags?post=265739"}],"curies":[{"name":"wp","href":"https:\/\/api.w.org\/{rel}","templated":true}]}}