{"id":265741,"date":"2025-07-22T14:15:09","date_gmt":"2025-07-22T14:15:09","guid":{"rendered":"https:\/\/www.europesays.com\/fr\/265741\/"},"modified":"2025-07-22T14:15:09","modified_gmt":"2025-07-22T14:15:09","slug":"les-etats-anxieux-nont-pas-augmente-durant-la-pandemie-contrairement-aux-episodes-depressifs","status":"publish","type":"post","link":"https:\/\/www.europesays.com\/fr\/265741\/","title":{"rendered":"les \u00ab\u00a0\u00e9tats anxieux\u00a0\u00bb n&rsquo;ont pas augment\u00e9 durant la pand\u00e9mie, \u00ab\u00a0contrairement aux \u00e9pisodes d\u00e9pressifs\u00a0\u00bb"},"content":{"rendered":"<p>Une \u00e9tude publi\u00e9e ce mardi 22 juillet par l&rsquo;agence Sant\u00e9 publique France indique une stagnation des chiffres des \u00ab\u00a0\u00e9tats anxieux\u00a0\u00bb, globalement rest\u00e9s les m\u00eames entre 2017 et 2021.<\/p>\n<p>La crise sanitaire du Covid n&rsquo;a pas provoqu\u00e9 de hausse durable des troubles anxieux dans la population fran\u00e7aise, contrairement \u00e0 ce qui a \u00e9t\u00e9 observ\u00e9 pour les d\u00e9pressions, conclut une \u00e9tude publi\u00e9e ce mardi 22 juillet par l&rsquo;agence <a href=\"https:\/\/www.santepubliquefrance.fr\/recherche\/#search=trouble%20anxieux\" target=\"_blank\" class=\"external_link\" rel=\"nofollow noopener\">Sant\u00e9 publique France<\/a>.<\/p>\n<blockquote class=\"embed embed_quote\"><p>\u00ab\u00a0Contrairement aux \u00e9pisodes d\u00e9pressifs dont la pr\u00e9valence a significativement augment\u00e9 entre 2017 et 2021 (&#8230;), la fr\u00e9quence des \u00e9tats anxieux est rest\u00e9e stable\u00a0\u00bb, r\u00e9sume cette \u00e9tude.<\/p><\/blockquote>\n<p>Des chiffres stables entre 2017 et 2021<\/p>\n<p>La pand\u00e9mie de Covid, qui s&rsquo;est traduite en 2020 par des restrictions sanitaires d&rsquo;une ampleur sans pr\u00e9c\u00e9dent avec de stricts confinements dans de nombreux pays, est g\u00e9n\u00e9ralement consid\u00e9r\u00e9e comme un facteur qui a aggrav\u00e9 de nombreux troubles mentaux.<\/p>\n<p>Un vaste travail de synth\u00e8se, publi\u00e9 en 2021 dans <a href=\"https:\/\/www.thelancet.com\/coronavirus\" target=\"_blank\" class=\"external_link\" rel=\"nofollow noopener\">The Lancet<\/a>, avait notamment conclu \u00e0 une aggravation des troubles d\u00e9pressifs comme anxieux dans le cadre de la pand\u00e9mie.<\/p>\n<blockquote class=\"embed embed_quote\"><p>Les chercheurs de Sant\u00e9 publique France ont donc cherch\u00e9 \u00e0 tester l&rsquo;hypoth\u00e8se \u00ab\u00a0selon laquelle les \u00e9tats anxieux auraient pu augmenter \u00e0 la suite de la crise sanitaire\u00a0\u00bb.<\/p><\/blockquote>\n<p>Mais les r\u00e9sultats ne sont pas probants. Au terme de l&rsquo;\u00e9tude, men\u00e9e par sondage t\u00e9l\u00e9phonique aupr\u00e8s de milliers de Fran\u00e7ais sur la base d&rsquo;un questionnaire mesurant les principaux sympt\u00f4mes anxieux, les chiffres sont globalement rest\u00e9s les m\u00eames entre 2017 et 2021.<\/p>\n<p>La pand\u00e9mie de Covid n&rsquo;a pas aggrav\u00e9 les choses<\/p>\n<p>Les sept questions pos\u00e9es comprenaient par exemple la fr\u00e9quence \u00e0 laquelle la personne fait l&rsquo;exp\u00e9rience d&rsquo;une \u00ab\u00a0sensation de peur comme si quelque chose d&rsquo;horrible allait (&#8230;) arriver\u00a0\u00bb, ou sa capacit\u00e9 \u00e0 \u00ab\u00a0rester tranquillement assise \u00e0 ne rien faire et (se) sentir d\u00e9contract\u00e9e\u00a0\u00bb.<\/p>\n<p>Les r\u00e9sultats sont jug\u00e9s pr\u00e9occupants par les chercheurs, avec 12,5% des personnes interrog\u00e9es qui pr\u00e9sentent des sympt\u00f4mes anxieux. Et ils correspondent \u00e0 des in\u00e9galit\u00e9s sociales: ils apparaissent plus fr\u00e9quents chez les personnes en difficult\u00e9 financi\u00e8re ou d&rsquo;un faible niveau d&rsquo;\u00e9ducation.<\/p>\n<p>En revanche, la pand\u00e9mie de Covid n&rsquo;a pas aggrav\u00e9 les choses. Cela para\u00eet contre-intuitif, puisqu&rsquo;aux premiers temps de la pand\u00e9mie, des \u00e9tudes rapides avaient t\u00e9moign\u00e9 d&rsquo;un bond des sentiments d&rsquo;anxi\u00e9t\u00e9 en France.<\/p>\n<p>Mais \u00ab\u00a0les fortes pr\u00e9valences observ\u00e9es au d\u00e9but de la phase pand\u00e9mique ont pu \u00eatre transitoires\u00a0\u00bb, avancent les chercheurs, mettant en contraste cette observation avec les \u00e9pisodes d\u00e9pressifs qui, eux, semblent souvent avoir pu \u00eatre aggrav\u00e9s de mani\u00e8re durable.<\/p>\n","protected":false},"excerpt":{"rendered":"Une \u00e9tude publi\u00e9e ce mardi 22 juillet par l&rsquo;agence Sant\u00e9 publique France indique une stagnation des chiffres des&hellip;\n","protected":false},"author":2,"featured_media":265742,"comment_status":"","ping_status":"","sticky":false,"template":"","format":"standard","meta":{"footnotes":""},"categories":[10],"tags":[1011,27,72,71],"class_list":{"0":"post-265741","1":"post","2":"type-post","3":"status-publish","4":"format-standard","5":"has-post-thumbnail","7":"category-sante","8":"tag-fr","9":"tag-france","10":"tag-health","11":"tag-sante"},"share_on_mastodon":{"url":"https:\/\/pubeurope.com\/@fr\/114897310486085647","error":""},"_links":{"self":[{"href":"https:\/\/www.europesays.com\/fr\/wp-json\/wp\/v2\/posts\/265741","targetHints":{"allow":["GET"]}}],"collection":[{"href":"https:\/\/www.europesays.com\/fr\/wp-json\/wp\/v2\/posts"}],"about":[{"href":"https:\/\/www.europesays.com\/fr\/wp-json\/wp\/v2\/types\/post"}],"author":[{"embeddable":true,"href":"https:\/\/www.europesays.com\/fr\/wp-json\/wp\/v2\/users\/2"}],"replies":[{"embeddable":true,"href":"https:\/\/www.europesays.com\/fr\/wp-json\/wp\/v2\/comments?post=265741"}],"version-history":[{"count":0,"href":"https:\/\/www.europesays.com\/fr\/wp-json\/wp\/v2\/posts\/265741\/revisions"}],"wp:featuredmedia":[{"embeddable":true,"href":"https:\/\/www.europesays.com\/fr\/wp-json\/wp\/v2\/media\/265742"}],"wp:attachment":[{"href":"https:\/\/www.europesays.com\/fr\/wp-json\/wp\/v2\/media?parent=265741"}],"wp:term":[{"taxonomy":"category","embeddable":true,"href":"https:\/\/www.europesays.com\/fr\/wp-json\/wp\/v2\/categories?post=265741"},{"taxonomy":"post_tag","embeddable":true,"href":"https:\/\/www.europesays.com\/fr\/wp-json\/wp\/v2\/tags?post=265741"}],"curies":[{"name":"wp","href":"https:\/\/api.w.org\/{rel}","templated":true}]}}