{"id":265745,"date":"2025-07-22T14:17:10","date_gmt":"2025-07-22T14:17:10","guid":{"rendered":"https:\/\/www.europesays.com\/fr\/265745\/"},"modified":"2025-07-22T14:17:10","modified_gmt":"2025-07-22T14:17:10","slug":"largue-par-audrey-crespo-mara-thierry-ardisson-balance-sur-cette-periode-sombre-jetais-en-larmes","status":"publish","type":"post","link":"https:\/\/www.europesays.com\/fr\/265745\/","title":{"rendered":"Largu\u00e9 par Audrey Crespo-Mara, Thierry Ardisson balance sur cette p\u00e9riode sombre : \u00ab\u00a0J\u2019\u00e9tais en larmes\u00a0\u00bb"},"content":{"rendered":"<p>Une histoire d\u2019amour avec un grand A. Amoureux durant seize ans<br \/>\njusqu\u2019\u00e0 la r\u00e9cente mort de l\u2019animateur, Thierry Ardisson et Audrey<br \/>\nCrespo-Mara ont franchi le cap symbolique du mariage en 2014. Une<br \/>\nrencontre qui bouleversera \u00e0 jamais la journaliste de 49 ans.<br \/>\n\u00ab\u00a0Thierry m\u2019a donn\u00e9 confiance en moi. Il m\u2019a rendue plus<br \/>\nsereine. Il y a encore du travail mais je progresse, gr\u00e2ce \u00e0<br \/>\nlui\u00a0\u00bb, d\u00e9voilait-elle notamment aupr\u00e8s de nos confr\u00e8res de<br \/>\nGala.<\/p>\n<p>Thierry Ardisson raconte son coup de foudre pour Audrey<br \/>\nCrespo-Mara<\/p>\n<p>Il faut dire que le d\u00e9but de leur histoire d\u2019amour avait tout<br \/>\nd\u2019un conte de f\u00e9es. Et pour cause, celle-ci a commenc\u00e9 via<br \/>\n<strong>une rencontre sur nos petits \u00e9crans<\/strong>. \u00ab\u00a0J\u2019avais<br \/>\nun appartement \u00e0 Paris [\u2026] o\u00f9 j\u2019avais des tableaux de Jean-Gabriel<br \/>\nDomergue qui peignait, dans les ann\u00e9es 1950, des cocottes avec des<br \/>\nlongs cous, un peu hautaines. Et <strong>un jour, j\u2019allume ma t\u00e9l\u00e9<br \/>\net je vois Audrey avec un port de t\u00eate semblable \u00e0 un<br \/>\nDomergue\u00a0\u00bb<\/strong>, s\u2019\u00e9tait souvenu l\u2019homme en noir en 2017 au<br \/>\nmicro d\u2019Europe 1.<\/p>\n<p>C\u2019est donc en voyant la jolie blonde \u00e0 la t\u00e9l\u00e9vision que Thierry<br \/>\nArdisson craque. Dans la foul\u00e9e, celui qui s\u2019est confi\u00e9 <a href=\"https:\/\/www.melty.fr\/people\/thierry-ardisson-on-faisait-lamour-a-plusieurs-sans-filtre-sur-sa-vie-intime-ce-netait-pas-un-peche-2250691.html\" target=\"_blank\" rel=\"noopener\"><br \/>\nsans d\u00e9tour sur sa vie intime<\/a> a tout fait pour <strong>d\u00e9goter<br \/>\nle num\u00e9ro d\u2019Audrey Crespo-Mara<\/strong>. <strong>Un jeu de<br \/>\ns\u00e9duction s\u2019installe rapidement entre eux<\/strong> comme l\u2019a<br \/>\nracont\u00e9 le r\u00e9dacteur en chef de Paris Match lors de la soir\u00e9e en<br \/>\nhommage \u00e0 Thierry Ardisson : \u00ab\u00a0Il lui envoie un message :<br \/>\n<strong>\u00ab\u00a0Je vous trouve bien mais, si vous m\u2019autorisez \u00e0 continuer<br \/>\n\u00e0 vous \u00e9crire, demain, mettez une robe rouge&rsquo;<\/strong>. Le<br \/>\nlendemain, <strong>elle avait une robe rouge<\/strong>. Apr\u00e8s, il<br \/>\navance comme \u00e7a. &lsquo;Est-ce qu\u2019on pourrait d\u00eener ensemble ? Si vous<br \/>\nacceptez, mettez une robe jaune&rsquo;. Et elle a une robe jaune ! C\u2019est<br \/>\ncomme \u00e7a que les choses ont commenc\u00e9\u00a0\u00bb. Un sc\u00e9nario digne d\u2019un<br \/>\nfilm.<\/p>\n<p>Ce \u00ab\u00a0break\u00a0\u00bb qui a fait beaucoup de mal \u00e0 l\u2019animateur<\/p>\n<p>Malgr\u00e9 tout, <strong>aucun des deux n\u2019est libre sentimentalement<br \/>\nparlant<\/strong>. A l\u2019\u00e9poque, Audrey Crespo-Mara est <strong>encore<br \/>\nmari\u00e9e<\/strong> \u00e0 l\u2019entrepreneur Aliou Mara avec qui elle partage<br \/>\ndeux enfants, S\u00e9kou et Lamine. De son c\u00f4t\u00e9, <strong>Thierry<br \/>\nArdisson est uni \u00e0 B\u00e9atrice<\/strong>, la m\u00e8re de ses trois<br \/>\nenfants.<\/p>\n<p>Une situation pour le moins compliqu\u00e9e qui pousse Audrey<br \/>\nCrespo-Mara \u00e0 prendre <strong>une d\u00e9cision radicale<\/strong>. Et<br \/>\npas des moindres puisque cette derni\u00e8re <strong>coupe court \u00e0 son<br \/>\nd\u00e9but d\u2019histoire avec Thierry Ardisson<\/strong> et d\u00e9cide alors de<br \/>\nle larguer. <strong>\u00ab\u00a0Elle m\u2019a dit : &lsquo;Je t\u2019aime, mais on va<br \/>\nfaire un break'\u00a0\u00bb<\/strong>, s\u2019est souvenu l\u2019animateur.<\/p>\n<p>Thierry Ardisson : cette phrase avec<br \/>\nlaquelle il a reconquis Audrey Crespo-Mara<\/p>\n<p><strong>Une d\u00e9cision douloureuse \u00e0 vivre<\/strong> pour <a href=\"https:\/\/www.melty.fr\/people\/avant-audrey-crespo-mara-thierry-ardisson-tres-franc-sur-sa-double-vie-des-mecs-avec-des-btes-enormes-2250568.html\" target=\"_blank\" rel=\"noopener\"><br \/>\ncelui qui a v\u00e9cu une double vie<\/a>. \u00ab\u00a0Et puis, au bout d\u2019une<br \/>\nsemaine, \u00e9mission. Ce jeudi-l\u00e0, alors que j\u2019avais toujours fait mes<br \/>\n\u00e9missions, je n\u2019arrive pas \u00e0 la faire. J\u2019appelle Fran\u00e7oise, mon<br \/>\nattach\u00e9e de presse, je dis : <strong>&lsquo;J\u2019arrive pas \u00e0 y<br \/>\naller'\u00a0\u00bb<\/strong>, se souvenait Thierry Ardisson avant d\u2019\u00eatre<br \/>\nencourag\u00e9 \u00e0 contacter Audrey Crespo-Mara : \u00ab\u00a0Je lui dis cette<br \/>\nphrase inoubliable : <strong>&lsquo;Tu n\u2019es pas l\u00e0, il est mort le<br \/>\nsoleil&rsquo;<\/strong>, de la chanson de Nicoletta\u00a0\u00bb.<\/p>\n<p>En lan\u00e7ant ces quelques mots, <strong>l\u2019animateur r\u00e9ussit \u00e0<br \/>\nreconqu\u00e9rir sa bien-aim\u00e9e<\/strong> qui finira par le rejoindre.<br \/>\n\u00ab\u00a0J\u2019\u00e9tais en larmes dans le salon et je lui ai dit : <strong>&lsquo;\u00c0<br \/>\npartir de maintenant, on ne se quitte plus&rsquo;<\/strong>. Et<br \/>\n<strong>j\u2019ai divorc\u00e9. C\u2019est un coup de foudre\u00a0\u00bb<\/strong>. La<br \/>\nsuite de l\u2019histoire, elle, n\u2019en a \u00e9t\u00e9 que plus belle et le couple<br \/>\nvivra des ann\u00e9es de bonheur ensemble.<\/p>\n","protected":false},"excerpt":{"rendered":"Une histoire d\u2019amour avec un grand A. Amoureux durant seize ans jusqu\u2019\u00e0 la r\u00e9cente mort de l\u2019animateur, Thierry&hellip;\n","protected":false},"author":2,"featured_media":265746,"comment_status":"","ping_status":"","sticky":false,"template":"","format":"standard","meta":{"footnotes":""},"categories":[8],"tags":[905,17979,58,59,1011,27,10058],"class_list":{"0":"post-265745","1":"post","2":"type-post","3":"status-publish","4":"format-standard","5":"has-post-thumbnail","7":"category-divertissement","8":"tag-a-la-une-melty","9":"tag-audrey-crespo-mara","10":"tag-divertissement","11":"tag-entertainment","12":"tag-fr","13":"tag-france","14":"tag-thierry-ardisson"},"share_on_mastodon":{"url":"https:\/\/pubeurope.com\/@fr\/114897318365805404","error":""},"_links":{"self":[{"href":"https:\/\/www.europesays.com\/fr\/wp-json\/wp\/v2\/posts\/265745","targetHints":{"allow":["GET"]}}],"collection":[{"href":"https:\/\/www.europesays.com\/fr\/wp-json\/wp\/v2\/posts"}],"about":[{"href":"https:\/\/www.europesays.com\/fr\/wp-json\/wp\/v2\/types\/post"}],"author":[{"embeddable":true,"href":"https:\/\/www.europesays.com\/fr\/wp-json\/wp\/v2\/users\/2"}],"replies":[{"embeddable":true,"href":"https:\/\/www.europesays.com\/fr\/wp-json\/wp\/v2\/comments?post=265745"}],"version-history":[{"count":0,"href":"https:\/\/www.europesays.com\/fr\/wp-json\/wp\/v2\/posts\/265745\/revisions"}],"wp:featuredmedia":[{"embeddable":true,"href":"https:\/\/www.europesays.com\/fr\/wp-json\/wp\/v2\/media\/265746"}],"wp:attachment":[{"href":"https:\/\/www.europesays.com\/fr\/wp-json\/wp\/v2\/media?parent=265745"}],"wp:term":[{"taxonomy":"category","embeddable":true,"href":"https:\/\/www.europesays.com\/fr\/wp-json\/wp\/v2\/categories?post=265745"},{"taxonomy":"post_tag","embeddable":true,"href":"https:\/\/www.europesays.com\/fr\/wp-json\/wp\/v2\/tags?post=265745"}],"curies":[{"name":"wp","href":"https:\/\/api.w.org\/{rel}","templated":true}]}}