{"id":265759,"date":"2025-07-22T14:24:13","date_gmt":"2025-07-22T14:24:13","guid":{"rendered":"https:\/\/www.europesays.com\/fr\/265759\/"},"modified":"2025-07-22T14:24:13","modified_gmt":"2025-07-22T14:24:13","slug":"badoit-perennise-son-activite-grace-a-deux-nouveaux-forages","status":"publish","type":"post","link":"https:\/\/www.europesays.com\/fr\/265759\/","title":{"rendered":"Badoit\u00a0p\u00e9rennise son activit\u00e9 gr\u00e2ce \u00e0 deux nouveaux forages"},"content":{"rendered":"<p class=\"is-style-chapo\">La nouvelle \u00e9tait attendue. Elle est le fruit d\u2019un investissement de 20 millions d\u2019euros, d\u2019ann\u00e9es de n\u00e9gociations et d\u2019une volont\u00e9 d\u2019anticiper pour ne pas agir dans l\u2019urgence. Deux nouveaux forages, situ\u00e9s \u00e0 Saint-Andr\u00e9-le-Puy et Bellegarde-en-Forez, vont ainsi permettre \u00e0 Badoit d\u2019assurer sa p\u00e9rennit\u00e9 \u00e9conomique, de maintenir sa production, et de pr\u00e9server l\u2019approvisionnement du territoire.<\/p>\n<p><img loading=\"lazy\" decoding=\"async\" width=\"1024\" height=\"576\" src=\"https:\/\/www.europesays.com\/fr\/wp-content\/uploads\/2025\/07\/IMG_2256-1-1024x576.jpg\" alt=\"Badoit\" class=\"wp-image-80147\"  \/>Deux nouveaux forages vont permettre \u00e0 Badoit de maintenir sa production. \u00a9JT\/ If Saint-Etienne.<\/p>\n<p>\u00ab\u00a0Non il n\u2019y a pas d\u2019inqui\u00e9tude \u00e0 avoir, Badoit n\u2019est pas menac\u00e9e, il s\u2019agit simplement d\u2019avoir quelque chose de plus diversifi\u00e9 et de plus p\u00e9renne, pr\u00e9cise Franck Maillot, directeur du site <a href=\"https:\/\/www.badoit.fr\/\" target=\"_blank\" rel=\"noreferrer noopener nofollow\">Badoit<\/a>. L\u2019id\u00e9e est d\u2019op\u00e9rer un r\u00e9\u00e9quilibrage avec deux forages suppl\u00e9mentaires, tout en continuant d\u2019exploiter dix forages, comme c\u2019est le cas actuellement\u00a0\u00bb. Pas de production suppl\u00e9mentaire, mais bien une assurance pour l\u2019avenir, et une volont\u00e9 de prot\u00e9ger la ressource. <\/p>\n<p>L\u2019entreprise Badoit, le Syndicat intercommunal Val d\u2019Anzieux Plancieux (Sivap), et la Communaut\u00e9 de communes Forez Est ont sign\u00e9 une convention pour 20 ans, qui sera comp\u00e9tente d\u00e8s le 1er janvier 2026. Un partenariat ambitieux qui vise \u00e0 prot\u00e9ger les ressources en eau, et \u00e0 garantir les activit\u00e9s de Badoit face aux fluctuations g\u00e9ologiques et climatiques en cours et \u00e0 venir.<\/p>\n<p>10 forages actifs<\/p>\n<p>Badoit a r\u00e9alis\u00e9 plusieurs \u00e9tudes qui ont confirm\u00e9 que la quantit\u00e9 d\u2019eau \u00e0 Saint-Galmier \u00e9tait r\u00e9partie de mani\u00e8re in\u00e9gale dans la nappe. Pas de p\u00e9nurie en vue, mais les deux forages suppl\u00e9mentaires, situ\u00e9s \u00e0 Saint-Andr\u00e9-le-Puy et Bellegarde-en-Forez, vont permettre \u00e0 la filiale du groupe Danone de ne pas avoir \u00e0 \u00e9ventuellement agir dans l\u2019urgence par manque d\u2019anticipation. Actuellement, Badoit compte dix forages actifs. Les deux points de captage suppl\u00e9mentaires permettront de laisser du temps \u00e0 deux existants. Ainsi, l\u2019eau pourra rester assez longtemps en sous-sol afin de se remin\u00e9raliser et la nappe se remplir correctement. <\/p>\n<p>Jusqu\u2019alors, ils \u00e9taient utilis\u00e9s pour l\u2019eau potable par la Communaut\u00e9 de communes de Forez Est. \u00ab\u00a0La question de la p\u00e9rennit\u00e9, que ce soit en termes de quantit\u00e9 ou de qualit\u00e9, c\u2019est quelque chose de majeur parce que c\u2019est la propre p\u00e9rennit\u00e9 de l\u2019entreprise dont il s\u2019agit, et aussi assumer pleinement la responsabilit\u00e9 vis-\u00e0-vis du territoire, explique Cathy le Hec, directrice des Sources d\u2019eaux min\u00e9rales du groupe Danone Waters Europe. Ce projet a valeur d\u2019exemple dans la co-gestion de l\u2019eau et de partage de la ressource\u00a0\u00bb.<\/p>\n<p>Cap sur 2027<\/p>\n<p>Elle pr\u00e9cise que les volumes d\u2019eau qui seront pr\u00e9lev\u00e9s pour Badoit seront compens\u00e9s gr\u00e2ce \u00e0 des nappes du territoire de la Communaut\u00e9 de communes Forez Est qui n\u2019\u00e9taient pas capt\u00e9es pour l\u2019eau potable. \u00ab Chaque litre pr\u00e9lev\u00e9 sera remplac\u00e9 deux fois, pointe Cathy le Hec. G\u00e9rer une ressource telle que l\u2019eau est une responsabilit\u00e9 par rapport aux territoires. C\u2019est donc un partenariat gagnant-gagnant \u00bb.<\/p>\n<p>A partir de la signature de cette convention, deux ans d\u2019instruction r\u00e9glementaire et de travaux seront n\u00e9cessaires. Danone esp\u00e8re un nouveau mill\u00e9sime pour Badoit en 2027, ainsi que pour l\u2019eau potable, afin de continuer \u00e0 produire 200 millions de litres chaque ann\u00e9e, dont 80 % conditionn\u00e9es en bouteilles plastique, et 20 % en verre.<\/p>\n<p>Au total, l\u2019entreprise, qui compte 170 salari\u00e9s, a r\u00e9alis\u00e9 un investissement de 20 millions d\u2019euros, pris en charge par Danone, pour pouvoir r\u00e9aliser les \u00e9tudes n\u00e9cessaires et exploiter ces nouveaux forages.<\/p>\n<p><img loading=\"lazy\" decoding=\"async\" width=\"1024\" height=\"576\" src=\"https:\/\/www.europesays.com\/fr\/wp-content\/uploads\/2025\/07\/IMG_2277-1-1024x576.jpg\" alt=\"\" class=\"wp-image-80149\"  \/>\u00a9JT\/ If Saint-Etienne.<\/p>\n","protected":false},"excerpt":{"rendered":"La nouvelle \u00e9tait attendue. Elle est le fruit d\u2019un investissement de 20 millions d\u2019euros, d\u2019ann\u00e9es de n\u00e9gociations et&hellip;\n","protected":false},"author":2,"featured_media":265760,"comment_status":"","ping_status":"","sticky":false,"template":"","format":"standard","meta":{"footnotes":""},"categories":[9653],"tags":[1111,11,2430,40531,40532,1777,674,11536,1011,27,12,25,4001,40533,40534],"class_list":{"0":"post-265759","1":"post","2":"type-post","3":"status-publish","4":"format-standard","5":"has-post-thumbnail","7":"category-saint-etienne","8":"tag-actu","9":"tag-actualites","10":"tag-auvergne-rhone-alpes","11":"tag-badoit-saint-galmier","12":"tag-danone","13":"tag-eu","14":"tag-europe","15":"tag-evolutif","16":"tag-fr","17":"tag-france","18":"tag-news","19":"tag-republique-francaise","20":"tag-saint-etienne","21":"tag-source-badoit","22":"tag-usine-badoit"},"share_on_mastodon":{"url":"https:\/\/pubeurope.com\/@fr\/114897345863088389","error":""},"_links":{"self":[{"href":"https:\/\/www.europesays.com\/fr\/wp-json\/wp\/v2\/posts\/265759","targetHints":{"allow":["GET"]}}],"collection":[{"href":"https:\/\/www.europesays.com\/fr\/wp-json\/wp\/v2\/posts"}],"about":[{"href":"https:\/\/www.europesays.com\/fr\/wp-json\/wp\/v2\/types\/post"}],"author":[{"embeddable":true,"href":"https:\/\/www.europesays.com\/fr\/wp-json\/wp\/v2\/users\/2"}],"replies":[{"embeddable":true,"href":"https:\/\/www.europesays.com\/fr\/wp-json\/wp\/v2\/comments?post=265759"}],"version-history":[{"count":0,"href":"https:\/\/www.europesays.com\/fr\/wp-json\/wp\/v2\/posts\/265759\/revisions"}],"wp:featuredmedia":[{"embeddable":true,"href":"https:\/\/www.europesays.com\/fr\/wp-json\/wp\/v2\/media\/265760"}],"wp:attachment":[{"href":"https:\/\/www.europesays.com\/fr\/wp-json\/wp\/v2\/media?parent=265759"}],"wp:term":[{"taxonomy":"category","embeddable":true,"href":"https:\/\/www.europesays.com\/fr\/wp-json\/wp\/v2\/categories?post=265759"},{"taxonomy":"post_tag","embeddable":true,"href":"https:\/\/www.europesays.com\/fr\/wp-json\/wp\/v2\/tags?post=265759"}],"curies":[{"name":"wp","href":"https:\/\/api.w.org\/{rel}","templated":true}]}}