{"id":26576,"date":"2025-04-15T13:08:08","date_gmt":"2025-04-15T13:08:08","guid":{"rendered":"https:\/\/www.europesays.com\/fr\/26576\/"},"modified":"2025-04-15T13:08:08","modified_gmt":"2025-04-15T13:08:08","slug":"marseille-la-librairie-rupture-imbernon-au-decor-par-pierre-gonalons","status":"publish","type":"post","link":"https:\/\/www.europesays.com\/fr\/26576\/","title":{"rendered":"Marseille : la librairie Rupture &#038; Imbernon au d\u00e9cor par Pierre Gonalons"},"content":{"rendered":"<p class=\"has-drop-cap\">Fond\u00e9e en 2000 au sein de la Cit\u00e9 Radieuse de Marseille, la Librairie Imbernon a \u00e9t\u00e9 renomm\u00e9e <strong>Rupture &amp; Imbernon<\/strong> en 2022 apr\u00e8s avoir \u00e9t\u00e9 reprise par le r\u00e9seau emmen\u00e9 par Alexandre Sap, Anne-Marie Gaultier, Jean-Paul Lubot et Beno\u00eet Migneaux. Cette ann\u00e9e, le collectif c\u00e9l\u00e8bre ses 25 ans et d\u00e9voile le nouveau d\u00e9cor de sa librairie install\u00e9e dans le village vertical sign\u00e9e Le Corbusier. <\/p>\n<p>Sa m\u00e9tamorphose est pens\u00e9e par l\u2019architecte d\u2019int\u00e9rieur et designer <strong>Pierre Gonalons<\/strong>. Ce dernier ponctue l\u2019espace de couleurs, notamment \u00e0 travers un fauteuil Duvivier et un bar aux teintes franches. \u00ab D\u00e8s la premi\u00e8re d\u00e9couverte du lieu, il m\u2019a sembl\u00e9 essentiel de retrouver le sol et donc le socle original. L\u2019ancrage initial. Et parce que la couleur tr\u00e8s embl\u00e9matique de l\u2019oeuvre de Le Corbusier r\u00e9sonne particuli\u00e8rement avec mon approche de l\u2019espace, j\u2019ai choisi d\u2019utiliser son embl\u00e9matique palette. Tout en gardant la structure initiale de l\u2019espace, nous avons fluidifi\u00e9 la circulation, am\u00e9nag\u00e9 un petit salon de lecture et cr\u00e9\u00e9 un plan de travail entre le bureau et la librairie. Et ce bloc bureau, peint en rouge carmin, comme une pi\u00e8ce dans la pi\u00e8ce, fait \u00e9cho au c\u00e9l\u00e8bre \u00ab Cabanon \u00bb de Le Corbusier. Clin d\u2019\u0153il \u00e0 l\u2019homme et ses ouvrages hors les murs\u00bb,\u00a0retrace <strong>Pierre Gonalons<\/strong> de son intervention. Un renouveau pour ce lieu inspirant qui compl\u00e8te la panoplie d\u2019adresses situ\u00e9es \u00e0 Venise, Tanger et bient\u00f4t \u00e0 Ath\u00e8nes avec une ouverture pr\u00e9vue en 2026.<\/p>\n","protected":false},"excerpt":{"rendered":"Fond\u00e9e en 2000 au sein de la Cit\u00e9 Radieuse de Marseille, la Librairie Imbernon a \u00e9t\u00e9 renomm\u00e9e Rupture&hellip;\n","protected":false},"author":2,"featured_media":26577,"comment_status":"","ping_status":"","sticky":false,"template":"","format":"standard","meta":{"footnotes":""},"categories":[2814],"tags":[1111,11,1777,674,1011,27,4025,884,12,882,25],"class_list":{"0":"post-26576","1":"post","2":"type-post","3":"status-publish","4":"format-standard","5":"has-post-thumbnail","7":"category-marseille","8":"tag-actu","9":"tag-actualites","10":"tag-eu","11":"tag-europe","12":"tag-fr","13":"tag-france","14":"tag-le-corbusier","15":"tag-marseille","16":"tag-news","17":"tag-provence-alpes-cote-dazur","18":"tag-republique-francaise"},"share_on_mastodon":{"url":"https:\/\/pubeurope.com\/@fr\/114342140938336134","error":""},"_links":{"self":[{"href":"https:\/\/www.europesays.com\/fr\/wp-json\/wp\/v2\/posts\/26576","targetHints":{"allow":["GET"]}}],"collection":[{"href":"https:\/\/www.europesays.com\/fr\/wp-json\/wp\/v2\/posts"}],"about":[{"href":"https:\/\/www.europesays.com\/fr\/wp-json\/wp\/v2\/types\/post"}],"author":[{"embeddable":true,"href":"https:\/\/www.europesays.com\/fr\/wp-json\/wp\/v2\/users\/2"}],"replies":[{"embeddable":true,"href":"https:\/\/www.europesays.com\/fr\/wp-json\/wp\/v2\/comments?post=26576"}],"version-history":[{"count":0,"href":"https:\/\/www.europesays.com\/fr\/wp-json\/wp\/v2\/posts\/26576\/revisions"}],"wp:featuredmedia":[{"embeddable":true,"href":"https:\/\/www.europesays.com\/fr\/wp-json\/wp\/v2\/media\/26577"}],"wp:attachment":[{"href":"https:\/\/www.europesays.com\/fr\/wp-json\/wp\/v2\/media?parent=26576"}],"wp:term":[{"taxonomy":"category","embeddable":true,"href":"https:\/\/www.europesays.com\/fr\/wp-json\/wp\/v2\/categories?post=26576"},{"taxonomy":"post_tag","embeddable":true,"href":"https:\/\/www.europesays.com\/fr\/wp-json\/wp\/v2\/tags?post=26576"}],"curies":[{"name":"wp","href":"https:\/\/api.w.org\/{rel}","templated":true}]}}