{"id":265761,"date":"2025-07-22T14:25:08","date_gmt":"2025-07-22T14:25:08","guid":{"rendered":"https:\/\/www.europesays.com\/fr\/265761\/"},"modified":"2025-07-22T14:25:08","modified_gmt":"2025-07-22T14:25:08","slug":"la-ville-de-nancy-veut-interdire-les-voitures-dans-cette-rue-tres-frequentee-on-vous-explique-pourquoi","status":"publish","type":"post","link":"https:\/\/www.europesays.com\/fr\/265761\/","title":{"rendered":"La Ville de Nancy veut interdire les voitures dans cette rue tr\u00e8s fr\u00e9quent\u00e9e : on vous explique\u00a0pourquoi"},"content":{"rendered":"<p>            Par<br \/>\n        <strong><br \/>\n            <a href=\"https:\/\/actu.fr\/auteur\/amandine-mehl\" title=\"Consulter tous les articles de Amandine Mehl\" rel=\"nofollow noopener\" target=\"_blank\">Amandine Mehl<\/a><br \/>\n        <\/strong><\/p>\n<p>        Publi\u00e9 le<\/p>\n<p>            22 juil. 2025 \u00e0 16h08        <\/p>\n<p>Il y a peu, le <strong>Grand Nancy<\/strong> annon\u00e7ait sa volont\u00e9 de <a href=\"https:\/\/actu.fr\/grand-est\/nancy_54395\/reseau-stan-le-grand-nancy-veut-transformer-la-ligne-2-sur-le-meme-modele-que-celui-du-trolleybus_62821958.html\" rel=\"nofollow noopener\" target=\"_blank\">transformer la ligne 2<\/a> sur le m\u00eame mod\u00e8le que celui du trolleybus. Mercredi 9\u00a0juillet 2025, lors du bilan de mandat de <strong>Mathieu Klein<\/strong>, en ses qualit\u00e9s de maire de Nancy et de pr\u00e9sident de la M\u00e9tropole du Grand Nancy, le sujet est revenu sur la table.<\/p>\n<p class=\" wall-content\">Le cas de la <strong>m\u00e9tamorphose de la rue Saint-Dizier<\/strong>, axe tr\u00e8s fr\u00e9quent\u00e9 par les automobilistes, mais aussi les bus du <a href=\"https:\/\/actu.fr\/tag\/reseau-stan\" rel=\"nofollow noopener\" target=\"_blank\">r\u00e9seau Stan<\/a>, dont ceux de la ligne 2, a \u00e9t\u00e9 \u00e9voqu\u00e9 parmi les <a href=\"https:\/\/actu.fr\/grand-est\/nancy_54395\/a-huit-mois-des-municipales-a-nancy-voici-les-grands-projets-que-mathieu-klein-souhaite-porter_62917982.html\" rel=\"nofollow noopener\" target=\"_blank\">grands projets que Mathieu Klein souhaite porter<\/a>.<\/p>\n<p>Interdire les voitures rue Saint-Dizier au profit des transports en commun<\/p>\n<p class=\" wall-content\">\u00ab\u2009La ligne Tempo 2 est la <strong>deuxi\u00e8me ligne de bus structurante<\/strong> de la m\u00e9tropole. Elle doit \u00eatre d\u00e9carbon\u00e9e. Elle doit offrir une qualit\u00e9 de service \u00e9quivalente \u00e0 la ligne 1 avec un site propre et la priorit\u00e9 aux feux\u2009\u00bb, a d\u00e9taill\u00e9 Mathieu Klein. Toutefois, <strong>cela ne s\u2019arr\u00eate pas l\u00e0<\/strong> puisque la transformation de la ligne comprend aussi des <strong>changements au sein de l\u2019espace public<\/strong>. Plus pr\u00e9cis\u00e9ment sur l\u2019axe Saint-Dizier.<\/p>\n<p class=\" wall-content\">Alors qu\u2019un <strong>nouveau plan<\/strong> de <a href=\"https:\/\/actu.fr\/tag\/circulation\" rel=\"nofollow noopener\" target=\"_blank\">circulation<\/a> automobile en centre-ville devrait \u00eatre pr\u00e9sent\u00e9 \u00e0 l\u2019automne, l\u2019\u00e9lu a annonc\u00e9 que <strong>seuls les transports en commun<\/strong> pourraient emprunter la rue Saint-Dizier \u00e0 l\u2019avenir. Les automobilistes, qui ne pourront plus traverser cet axe structurant, devront <strong>se rabattre sur la rue des Quatre-\u00c9glises qui passera en double sens<\/strong>.<\/p>\n<p class=\" wall-content\">Pour l\u2019heure, le projet reste en phase d\u2019\u00e9tude et le calendrier des travaux, qui pourrait s\u2019\u00e9taler sur trois ans, n\u2019est pas encore act\u00e9.<\/p>\n<p class=\" wall-content\">Suivez toute l\u2019actualit\u00e9 de vos villes et m\u00e9dias favoris en vous inscrivant \u00e0 <a href=\"https:\/\/moncompte.actu.fr\" title=\"D\u00e9couvez Mon Actu\" rel=\"nofollow noopener\" data-trk=\"{&quot;cta&quot;:{&quot;action&quot;:&quot;https:\\\/\\\/moncompte.actu.fr&quot;,&quot;category&quot;:&quot;mon compte&quot;,&quot;from&quot;:&quot;article footer&quot;,&quot;name&quot;:&quot;Mon actu&quot;,&quot;type&quot;:&quot;cta&quot;}}\" target=\"_blank\">Mon Actu<\/a>.<\/p>\n<ul class=\"ac-article-tag wall-content\">\n<li><a href=\"https:\/\/actu.fr\/tag\/circulation\" data-trk=\"{&quot;cta&quot;:{&quot;action&quot;:&quot;Circulation&quot;,&quot;category&quot;:&quot;tag&quot;,&quot;from&quot;:&quot;article footer&quot;,&quot;name&quot;:&quot;Circulation&quot;,&quot;type&quot;:&quot;cta&quot;}}\" rel=\"nofollow noopener\" target=\"_blank\">#Circulation<\/a><\/li>\n<li><a href=\"https:\/\/actu.fr\/tag\/reseau-stan\" data-trk=\"{&quot;cta&quot;:{&quot;action&quot;:&quot;R\\u00e9seau Stan&quot;,&quot;category&quot;:&quot;tag&quot;,&quot;from&quot;:&quot;article footer&quot;,&quot;name&quot;:&quot;R\\u00e9seau Stan&quot;,&quot;type&quot;:&quot;cta&quot;}}\" rel=\"nofollow noopener\" target=\"_blank\">#R\u00e9seau Stan<\/a><\/li>\n<\/ul>\n","protected":false},"excerpt":{"rendered":"Par Amandine Mehl Publi\u00e9 le 22 juil. 2025 \u00e0 16h08 Il y a peu, le Grand Nancy annon\u00e7ait&hellip;\n","protected":false},"author":2,"featured_media":265762,"comment_status":"","ping_status":"","sticky":false,"template":"","format":"standard","meta":{"footnotes":""},"categories":[9635],"tags":[1111,11,3542,1777,674,1011,27,775,1702,12,25,9849,104],"class_list":{"0":"post-265761","1":"post","2":"type-post","3":"status-publish","4":"format-standard","5":"has-post-thumbnail","7":"category-nancy","8":"tag-actu","9":"tag-actualites","10":"tag-circulation","11":"tag-eu","12":"tag-europe","13":"tag-fr","14":"tag-france","15":"tag-grand-est","16":"tag-nancy","17":"tag-news","18":"tag-republique-francaise","19":"tag-reseau-stan","20":"tag-societe"},"share_on_mastodon":{"url":"https:\/\/pubeurope.com\/@fr\/114897349711943784","error":""},"_links":{"self":[{"href":"https:\/\/www.europesays.com\/fr\/wp-json\/wp\/v2\/posts\/265761","targetHints":{"allow":["GET"]}}],"collection":[{"href":"https:\/\/www.europesays.com\/fr\/wp-json\/wp\/v2\/posts"}],"about":[{"href":"https:\/\/www.europesays.com\/fr\/wp-json\/wp\/v2\/types\/post"}],"author":[{"embeddable":true,"href":"https:\/\/www.europesays.com\/fr\/wp-json\/wp\/v2\/users\/2"}],"replies":[{"embeddable":true,"href":"https:\/\/www.europesays.com\/fr\/wp-json\/wp\/v2\/comments?post=265761"}],"version-history":[{"count":0,"href":"https:\/\/www.europesays.com\/fr\/wp-json\/wp\/v2\/posts\/265761\/revisions"}],"wp:featuredmedia":[{"embeddable":true,"href":"https:\/\/www.europesays.com\/fr\/wp-json\/wp\/v2\/media\/265762"}],"wp:attachment":[{"href":"https:\/\/www.europesays.com\/fr\/wp-json\/wp\/v2\/media?parent=265761"}],"wp:term":[{"taxonomy":"category","embeddable":true,"href":"https:\/\/www.europesays.com\/fr\/wp-json\/wp\/v2\/categories?post=265761"},{"taxonomy":"post_tag","embeddable":true,"href":"https:\/\/www.europesays.com\/fr\/wp-json\/wp\/v2\/tags?post=265761"}],"curies":[{"name":"wp","href":"https:\/\/api.w.org\/{rel}","templated":true}]}}