{"id":265763,"date":"2025-07-22T14:26:13","date_gmt":"2025-07-22T14:26:13","guid":{"rendered":"https:\/\/www.europesays.com\/fr\/265763\/"},"modified":"2025-07-22T14:26:13","modified_gmt":"2025-07-22T14:26:13","slug":"en-direct-suivez-le-match-de-preparation-de-las-nancy-lorraine-face-a-strasbourg-avec-nous","status":"publish","type":"post","link":"https:\/\/www.europesays.com\/fr\/265763\/","title":{"rendered":"En direct. Suivez le match de pr\u00e9paration de l&rsquo;AS Nancy-Lorraine face \u00e0 Strasbourg avec nous"},"content":{"rendered":"<p>Troisi\u00e8me match de pr\u00e9paration ce mardi soir pour l&rsquo;ASNL, qui va croiser le fer avec Strasbourg, du c\u00f4t\u00e9 de Colmar (coup d&rsquo;envoi 19 h). Apr\u00e8s Nice samedi, un nouveau galop d&rsquo;essai face \u00e0 une \u00e9curie de Ligue 1 pour les Nanc\u00e9iens. A vivre en direct \u00e0 nos c\u00f4t\u00e9s.<\/p>\n<p>&#13;<br \/>\n              L&rsquo;Est R\u00e9publicain  &#8211; &#13;<br \/>\n        &#13;<br \/>\n          Aujourd&rsquo;hui \u00e0 16:00&#13;<br \/>\n    &#13;<br \/>\n                  | mis \u00e0 jour aujourd&rsquo;hui \u00e0 16:06&#13;<br \/>\n              &#8211; Temps de lecture : &#13;<br \/>\n  &#13;<\/p>\n","protected":false},"excerpt":{"rendered":"Troisi\u00e8me match de pr\u00e9paration ce mardi soir pour l&rsquo;ASNL, qui va croiser le fer avec Strasbourg, du c\u00f4t\u00e9&hellip;\n","protected":false},"author":2,"featured_media":265764,"comment_status":"","ping_status":"","sticky":false,"template":"","format":"standard","meta":{"footnotes":""},"categories":[9635],"tags":[1111,11,3703,3545,3602,1707,1704,1706,1705,10174,1777,674,1701,63,1011,27,775,1702,12,25,517,1700],"class_list":{"0":"post-265763","1":"post","2":"type-post","3":"status-publish","4":"format-standard","5":"has-post-thumbnail","7":"category-nancy","8":"tag-actu","9":"tag-actualites","10":"tag-asnl","11":"tag-direct-sport","12":"tag-edition-bar-le-duc","13":"tag-edition-luneville","14":"tag-edition-nancy-et-agglomeration","15":"tag-edition-pont-a-mousson","16":"tag-edition-toul","17":"tag-edition-verdun","18":"tag-eu","19":"tag-europe","20":"tag-fil-info-sport","21":"tag-football","22":"tag-fr","23":"tag-france","24":"tag-grand-est","25":"tag-nancy","26":"tag-news","27":"tag-republique-francaise","28":"tag-sport","29":"tag-sport-lorrain"},"share_on_mastodon":{"url":"https:\/\/pubeurope.com\/@fr\/114897353626177430","error":""},"_links":{"self":[{"href":"https:\/\/www.europesays.com\/fr\/wp-json\/wp\/v2\/posts\/265763","targetHints":{"allow":["GET"]}}],"collection":[{"href":"https:\/\/www.europesays.com\/fr\/wp-json\/wp\/v2\/posts"}],"about":[{"href":"https:\/\/www.europesays.com\/fr\/wp-json\/wp\/v2\/types\/post"}],"author":[{"embeddable":true,"href":"https:\/\/www.europesays.com\/fr\/wp-json\/wp\/v2\/users\/2"}],"replies":[{"embeddable":true,"href":"https:\/\/www.europesays.com\/fr\/wp-json\/wp\/v2\/comments?post=265763"}],"version-history":[{"count":0,"href":"https:\/\/www.europesays.com\/fr\/wp-json\/wp\/v2\/posts\/265763\/revisions"}],"wp:featuredmedia":[{"embeddable":true,"href":"https:\/\/www.europesays.com\/fr\/wp-json\/wp\/v2\/media\/265764"}],"wp:attachment":[{"href":"https:\/\/www.europesays.com\/fr\/wp-json\/wp\/v2\/media?parent=265763"}],"wp:term":[{"taxonomy":"category","embeddable":true,"href":"https:\/\/www.europesays.com\/fr\/wp-json\/wp\/v2\/categories?post=265763"},{"taxonomy":"post_tag","embeddable":true,"href":"https:\/\/www.europesays.com\/fr\/wp-json\/wp\/v2\/tags?post=265763"}],"curies":[{"name":"wp","href":"https:\/\/api.w.org\/{rel}","templated":true}]}}