{"id":26578,"date":"2025-04-15T13:09:23","date_gmt":"2025-04-15T13:09:23","guid":{"rendered":"https:\/\/www.europesays.com\/fr\/26578\/"},"modified":"2025-04-15T13:09:23","modified_gmt":"2025-04-15T13:09:23","slug":"credit-mutuel-lyon-marechal-lyautey-une-assemblee-generale-a-la-sauce-bocuse","status":"publish","type":"post","link":"https:\/\/www.europesays.com\/fr\/26578\/","title":{"rendered":"Cr\u00e9dit Mutuel Lyon Mar\u00e9chal Lyautey. Une assembl\u00e9e g\u00e9n\u00e9rale \u00e0 la sauce Bocuse"},"content":{"rendered":"<p>\t\t\t\t<img fetchpriority=\"high\" decoding=\"async\" width=\"900\" height=\"600\" src=\"https:\/\/www.europesays.com\/fr\/wp-content\/uploads\/2025\/04\/01-Credit-Mutuel-MS.jpg\" alt=\"\" title=\"01 Cr\u00e9dit Mutuel MS\"   class=\"wp-image-158196\"\/><\/p>\n<p style=\"font-weight: 400;\"><strong>Texte\u00a0: Morgan Couturier \u2013 <\/strong>Pour ses 30 ans, le Cr\u00e9dit Mutuel Lyon Mar\u00e9chal Lyautey a dignement c\u00e9l\u00e9br\u00e9 ses soci\u00e9taires, en leur offrant un d\u00eener prestigieux \u00e0 l\u2019Abbaye Paul Bocuse. Une soir\u00e9e gourmande introduite par la traditionnelle assembl\u00e9e g\u00e9n\u00e9rale.<\/p>\n<p style=\"font-weight: 400;\">\u00c0 date exceptionnelle, cadre exceptionnel\u00a0! Les ann\u00e9es pr\u00e9c\u00e9dentes avaient d\u00e9j\u00e0 illustr\u00e9 la capacit\u00e9 du Cr\u00e9dit Mutuel Lyon Mar\u00e9chal Lyautey \u00e0 g\u00e2ter ses soci\u00e9taires, mais des noces de perles se doivent de briller avec plus d\u2019\u00e9clat. Avec peut-\u00eatre ce qui se fait de mieux\u00a0: l\u2019Abbaye Paul Bocuse.<\/p>\n<p style=\"font-weight: 400;\"><a href=\"https:\/\/www.lyonpeople.com\/?attachment_id=158194\" rel=\"attachment wp-att-158194 noopener\" target=\"_blank\"><img loading=\"lazy\" decoding=\"async\" class=\"lazy lazy-hidden alignnone size-full wp-image-158194\" data-lazy-type=\"image\" src=\"https:\/\/www.europesays.com\/fr\/wp-content\/uploads\/2025\/04\/03-Credit-Mutuel-MS.jpg\" alt=\"\" width=\"900\" height=\"600\"  \/><\/a><\/p>\n<p style=\"font-weight: 400;\">Un cadre de choix pour les 30 ans de la caisse et un site all\u00e9chant pour ce d\u00eener automnal en pr\u00e9sence de <strong>Sabine Guggiari<\/strong>, vice-pr\u00e9sidente de la F\u00e9d\u00e9ration du Sud-Est. Et m\u00eame si le parfum des plats pr\u00e9par\u00e9s par les \u00e9quipes de <strong>Vincent Le Roux<\/strong> ont pu d\u00e9tourner l\u2019attention, le Cr\u00e9dit Mutuel Lyon Mar\u00e9chal Lyautey a pu r\u00e9affirmer sa propension \u00e0 r\u00e9pondre aux exigences de ses clients, en d\u00e9pit d\u2019un contexte compliqu\u00e9.<\/p>\n<p style=\"font-weight: 400;\">D\u00e8s lors, si en 2024, l\u2019activit\u00e9 de cr\u00e9dit a \u00e9t\u00e9 moindre, la caisse lyonnaise peut se satisfaire d\u2019une activit\u00e9 d\u2019\u00e9pargne en progression. De quoi permettre \u00e0 l\u2019\u00e9quipe dynamique des salari\u00e9s et \u00e0 leur directeur <strong>Denis Duchesne<\/strong> de pr\u00e9senter de solides arguments pour fid\u00e9liser la client\u00e8le. Pour s\u00e9duire les plus jeunes aussi.<\/p>\n<p style=\"font-weight: 400;\"><a href=\"https:\/\/www.lyonpeople.com\/?attachment_id=158195\" rel=\"attachment wp-att-158195 noopener\" target=\"_blank\"><img loading=\"lazy\" decoding=\"async\" class=\"lazy lazy-hidden alignnone size-full wp-image-158195\" data-lazy-type=\"image\" src=\"https:\/\/www.europesays.com\/fr\/wp-content\/uploads\/2025\/04\/05-Credit-Mutuel-MS.jpg\" alt=\"\" width=\"900\" height=\"600\"  \/><\/a><\/p>\n<p style=\"font-weight: 400;\">Le tout, en c\u00e9l\u00e9brant ses cadres, \u00e0 l\u2019image de <strong>Bruno Miotti<\/strong>, dont le d\u00e9part fut c\u00e9l\u00e9br\u00e9 comme il se doit, apr\u00e8s 5 ann\u00e9es pass\u00e9es \u00e0 la t\u00eate du conseil de surveillance. Soit la meilleure illustration pour le pr\u00e9sident du conseil d\u2019administration, <strong>Jacques Leval<\/strong>, qu\u2019une \u00ab\u00a0banque qui appartient \u00e0 ses clients, \u00e7a change tout\u00a0\u00bb\u00a0!<\/p>\n<p style=\"font-weight: 400; text-align: center;\"><strong>Abbaye Paul Bocuse<br \/>Mercredi 2 avril 2025<\/strong><\/p>\n<p>                                <a href=\"https:\/\/www.europesays.com\/fr\/wp-content\/uploads\/2025\/04\/1Credit-Mutuel-MS.jpg\" title=\"1. Bruno Miotti, pr\u00e9sident du conseil de surveillance, Sabine Guggiari, vice-pr\u00e9sidente de la caisse f\u00e9d\u00e9rale Cr\u00e9dit Mutuel, Denis Duchesne, directeur de l\u2019agence Mar\u00e9chal-Lyautey et Jacques Leval, pr\u00e9sident du conseil d\u2019administration du Cr\u00e9dit Mutuel Mar\u00e9chal-Lyautey\" data-rl_title=\"1. Bruno Miotti, pr\u00e9sident du conseil de surveillance, Sabine Guggiari, vice-pr\u00e9sidente de la caisse f\u00e9d\u00e9rale Cr\u00e9dit Mutuel, Denis Duchesne, directeur de l\u2019agence Mar\u00e9chal-Lyautey et Jacques Leval, pr\u00e9sident du conseil d\u2019administration du Cr\u00e9dit Mutuel Mar\u00e9chal-Lyautey\" class=\"rl-gallery-link\" data-rl_caption=\"\" data-rel=\"lightbox-gallery-bGlnaHRib3gtZ2FsbGVyeS0w\" data-rl_><img loading=\"lazy\" decoding=\"async\" width=\"900\" height=\"600\" data-lazy-type=\"image\" src=\"https:\/\/www.europesays.com\/fr\/wp-content\/uploads\/2025\/04\/1Credit-Mutuel-MS.jpg\" class=\"lazy lazy-hidden attachment-large size-large\" alt=\"\" aria-describedby=\"gallery--158197\"  \/><\/a><\/p>\n<p>\n                                1. Bruno Miotti, pr\u00e9sident du conseil de surveillance, Sabine Guggiari, vice-pr\u00e9sidente de la caisse f\u00e9d\u00e9rale Cr\u00e9dit Mutuel, Denis Duchesne, directeur de l\u2019agence Mar\u00e9chal-Lyautey et Jacques Leval, pr\u00e9sident du conseil d\u2019administration du Cr\u00e9dit Mutuel Mar\u00e9chal-Lyautey <\/p>\n<p>                                <a href=\"https:\/\/www.europesays.com\/fr\/wp-content\/uploads\/2025\/04\/2Credit-Mutuel-MS.jpg\" title=\"2. Serge Bouvier, Philippe Vorburger, administrateurs (Cr\u00e9dit Mutuel) et Ma\u00eetre Thierry Jullien, notaire\" data-rl_title=\"2. Serge Bouvier, Philippe Vorburger, administrateurs (Cr\u00e9dit Mutuel) et Ma\u00eetre Thierry Jullien, notaire\" class=\"rl-gallery-link\" data-rl_caption=\"\" data-rel=\"lightbox-gallery-bGlnaHRib3gtZ2FsbGVyeS0w\" data-rl_><img loading=\"lazy\" decoding=\"async\" width=\"900\" height=\"600\" data-lazy-type=\"image\" src=\"https:\/\/www.europesays.com\/fr\/wp-content\/uploads\/2025\/04\/2Credit-Mutuel-MS.jpg\" class=\"lazy lazy-hidden attachment-large size-large\" alt=\"\" aria-describedby=\"gallery--158198\"  \/><\/a><\/p>\n<p>\n                                2.  Serge Bouvier, Philippe Vorburger, administrateurs (Cr\u00e9dit Mutuel) et Ma\u00eetre Thierry Jullien, notaire <\/p>\n<p><br style=\"clear: both\"\/><\/p>\n<p>                                <a href=\"https:\/\/www.europesays.com\/fr\/wp-content\/uploads\/2025\/04\/3Credit-Mutuel-MS.jpg\" title=\"3. L\u2019\u00e9quipe du Cr\u00e9dit Mutuel Mar\u00e9chal Lyautey\" data-rl_title=\"3. L\u2019\u00e9quipe du Cr\u00e9dit Mutuel Mar\u00e9chal Lyautey\" class=\"rl-gallery-link\" data-rl_caption=\"\" data-rel=\"lightbox-gallery-bGlnaHRib3gtZ2FsbGVyeS0w\" data-rl_><img loading=\"lazy\" decoding=\"async\" width=\"900\" height=\"600\" data-lazy-type=\"image\" src=\"https:\/\/www.europesays.com\/fr\/wp-content\/uploads\/2025\/04\/3Credit-Mutuel-MS.jpg\" class=\"lazy lazy-hidden attachment-large size-large\" alt=\"\" aria-describedby=\"gallery--158199\"  \/><\/a><\/p>\n<p>\n                                3. L\u2019\u00e9quipe du Cr\u00e9dit Mutuel Mar\u00e9chal Lyautey <\/p>\n<p>                                <a href=\"https:\/\/www.europesays.com\/fr\/wp-content\/uploads\/2025\/04\/4Credit-Mutuel-MS.jpg\" title=\"4. Denis Duchesne, directeur de l\u2019agence Mar\u00e9chal-Lyautey\" data-rl_title=\"4. Denis Duchesne, directeur de l\u2019agence Mar\u00e9chal-Lyautey\" class=\"rl-gallery-link\" data-rl_caption=\"\" data-rel=\"lightbox-gallery-bGlnaHRib3gtZ2FsbGVyeS0w\" data-rl_><img loading=\"lazy\" decoding=\"async\" width=\"900\" height=\"600\" data-lazy-type=\"image\" src=\"https:\/\/www.europesays.com\/fr\/wp-content\/uploads\/2025\/04\/4Credit-Mutuel-MS.jpg\" class=\"lazy lazy-hidden attachment-large size-large\" alt=\"\" aria-describedby=\"gallery--158200\"  \/><\/a><\/p>\n<p>\n                                4. Denis Duchesne, directeur de l\u2019agence Mar\u00e9chal-Lyautey <\/p>\n<p><br style=\"clear: both\"\/><\/p>\n<p>                                <a href=\"https:\/\/www.europesays.com\/fr\/wp-content\/uploads\/2025\/04\/5Credit-Mutuel-MS.jpg\" title=\"5. Bruno Miotti, pr\u00e9sident du conseil de surveillance\" data-rl_title=\"5. Bruno Miotti, pr\u00e9sident du conseil de surveillance\" class=\"rl-gallery-link\" data-rl_caption=\"\" data-rel=\"lightbox-gallery-bGlnaHRib3gtZ2FsbGVyeS0w\" data-rl_><img loading=\"lazy\" decoding=\"async\" width=\"900\" height=\"600\" data-lazy-type=\"image\" src=\"https:\/\/www.europesays.com\/fr\/wp-content\/uploads\/2025\/04\/5Credit-Mutuel-MS.jpg\" class=\"lazy lazy-hidden attachment-large size-large\" alt=\"\" aria-describedby=\"gallery--158201\"  \/><\/a><\/p>\n<p>\n                                5. Bruno Miotti, pr\u00e9sident du conseil de surveillance <\/p>\n<p>                                <a href=\"https:\/\/www.europesays.com\/fr\/wp-content\/uploads\/2025\/04\/6Credit-Mutuel-MS.jpg\" title=\"6. Sabine Guggiari, vice-pr\u00e9sidente de la caisse f\u00e9d\u00e9rale Cr\u00e9dit Mutuel\" data-rl_title=\"6. Sabine Guggiari, vice-pr\u00e9sidente de la caisse f\u00e9d\u00e9rale Cr\u00e9dit Mutuel\" class=\"rl-gallery-link\" data-rl_caption=\"\" data-rel=\"lightbox-gallery-bGlnaHRib3gtZ2FsbGVyeS0w\" data-rl_><img loading=\"lazy\" decoding=\"async\" width=\"900\" height=\"600\" data-lazy-type=\"image\" src=\"https:\/\/www.europesays.com\/fr\/wp-content\/uploads\/2025\/04\/6Credit-Mutuel-MS.jpg\" class=\"lazy lazy-hidden attachment-large size-large\" alt=\"\" aria-describedby=\"gallery--158202\"  \/><\/a><\/p>\n<p>\n                                6. Sabine Guggiari, vice-pr\u00e9sidente de la caisse f\u00e9d\u00e9rale Cr\u00e9dit Mutuel <\/p>\n<p><br style=\"clear: both\"\/><\/p>\n<p>                                <a href=\"https:\/\/www.europesays.com\/fr\/wp-content\/uploads\/2025\/04\/7Credit-Mutuel-MS.jpg\" title=\"7. Jacques Leval, pr\u00e9sident du conseil d\u2019administration du Cr\u00e9dit Mutuel Mar\u00e9chal-Lyautey\" data-rl_title=\"7. Jacques Leval, pr\u00e9sident du conseil d\u2019administration du Cr\u00e9dit Mutuel Mar\u00e9chal-Lyautey\" class=\"rl-gallery-link\" data-rl_caption=\"\" data-rel=\"lightbox-gallery-bGlnaHRib3gtZ2FsbGVyeS0w\" data-rl_><img loading=\"lazy\" decoding=\"async\" width=\"900\" height=\"600\" data-lazy-type=\"image\" src=\"https:\/\/www.europesays.com\/fr\/wp-content\/uploads\/2025\/04\/7Credit-Mutuel-MS.jpg\" class=\"lazy lazy-hidden attachment-large size-large\" alt=\"\" aria-describedby=\"gallery--158229\"  \/><\/a><\/p>\n<p>\n                                7. Jacques Leval, pr\u00e9sident du conseil d\u2019administration du Cr\u00e9dit Mutuel Mar\u00e9chal-Lyautey <\/p>\n<p>                                <a href=\"https:\/\/www.europesays.com\/fr\/wp-content\/uploads\/2025\/04\/8Credit-Mutuel-MS.jpg\" title=\"8. Top d\u00e9part de l\u2019assembl\u00e9e g\u00e9n\u00e9rale du Cr\u00e9dit Mutuel\" data-rl_title=\"8. Top d\u00e9part de l\u2019assembl\u00e9e g\u00e9n\u00e9rale du Cr\u00e9dit Mutuel\" class=\"rl-gallery-link\" data-rl_caption=\"\" data-rel=\"lightbox-gallery-bGlnaHRib3gtZ2FsbGVyeS0w\" data-rl_><img loading=\"lazy\" decoding=\"async\" width=\"900\" height=\"600\" data-lazy-type=\"image\" src=\"https:\/\/www.europesays.com\/fr\/wp-content\/uploads\/2025\/04\/8Credit-Mutuel-MS.jpg\" class=\"lazy lazy-hidden attachment-large size-large\" alt=\"\" aria-describedby=\"gallery--158203\"  \/><\/a><\/p>\n<p>\n                                8. Top d\u00e9part de l\u2019assembl\u00e9e g\u00e9n\u00e9rale du Cr\u00e9dit Mutuel  <\/p>\n<p><br style=\"clear: both\"\/><\/p>\n<p>                                <a href=\"https:\/\/www.europesays.com\/fr\/wp-content\/uploads\/2025\/04\/9Credit-Mutuel-MS.jpg\" title=\"9. Sandrine Berthaud et Albert Ballet (Orenda)\" data-rl_title=\"9. Sandrine Berthaud et Albert Ballet (Orenda)\" class=\"rl-gallery-link\" data-rl_caption=\"\" data-rel=\"lightbox-gallery-bGlnaHRib3gtZ2FsbGVyeS0w\" data-rl_><img loading=\"lazy\" decoding=\"async\" width=\"900\" height=\"600\" data-lazy-type=\"image\" src=\"https:\/\/www.europesays.com\/fr\/wp-content\/uploads\/2025\/04\/9Credit-Mutuel-MS.jpg\" class=\"lazy lazy-hidden attachment-large size-large\" alt=\"\" aria-describedby=\"gallery--158204\"  \/><\/a><\/p>\n<p>\n                                9. Sandrine Berthaud et Albert Ballet (Orenda) <\/p>\n<p>                                <a href=\"https:\/\/www.europesays.com\/fr\/wp-content\/uploads\/2025\/04\/10Credit-Mutuel-MS.jpg\" title=\"10. Edith Vial et St\u00e9phane Namsi, charg\u00e9 d\u2019affaires sp\u00e9cialis\u00e9s (Cr\u00e9dit Mutuel)\" data-rl_title=\"10. Edith Vial et St\u00e9phane Namsi, charg\u00e9 d\u2019affaires sp\u00e9cialis\u00e9s (Cr\u00e9dit Mutuel)\" class=\"rl-gallery-link\" data-rl_caption=\"\" data-rel=\"lightbox-gallery-bGlnaHRib3gtZ2FsbGVyeS0w\" data-rl_><img loading=\"lazy\" decoding=\"async\" width=\"900\" height=\"600\" data-lazy-type=\"image\" src=\"https:\/\/www.europesays.com\/fr\/wp-content\/uploads\/2025\/04\/10Credit-Mutuel-MS.jpg\" class=\"lazy lazy-hidden attachment-large size-large\" alt=\"\" aria-describedby=\"gallery--158205\"  \/><\/a><\/p>\n<p>\n                                10. Edith Vial et St\u00e9phane Namsi, charg\u00e9 d\u2019affaires sp\u00e9cialis\u00e9s (Cr\u00e9dit Mutuel) <\/p>\n<p><br style=\"clear: both\"\/><\/p>\n<p>                                <a href=\"https:\/\/www.europesays.com\/fr\/wp-content\/uploads\/2025\/04\/11Credit-Mutuel-MS.jpg\" title=\"11. Jean-Louis Vial, son \u00e9pouse Edith et St\u00e9phane Namsi, charg\u00e9 d\u2019affaires sp\u00e9cialis\u00e9s (Cr\u00e9dit Mutuel)\" data-rl_title=\"11. Jean-Louis Vial, son \u00e9pouse Edith et St\u00e9phane Namsi, charg\u00e9 d\u2019affaires sp\u00e9cialis\u00e9s (Cr\u00e9dit Mutuel)\" class=\"rl-gallery-link\" data-rl_caption=\"\" data-rel=\"lightbox-gallery-bGlnaHRib3gtZ2FsbGVyeS0w\" data-rl_><img loading=\"lazy\" decoding=\"async\" width=\"900\" height=\"600\" data-lazy-type=\"image\" src=\"https:\/\/www.europesays.com\/fr\/wp-content\/uploads\/2025\/04\/11Credit-Mutuel-MS.jpg\" class=\"lazy lazy-hidden attachment-large size-large\" alt=\"\" aria-describedby=\"gallery--158206\"  \/><\/a><\/p>\n<p>\n                                11. Jean-Louis Vial, son \u00e9pouse Edith et St\u00e9phane Namsi, charg\u00e9 d\u2019affaires sp\u00e9cialis\u00e9s (Cr\u00e9dit Mutuel) <\/p>\n<p>                                <a href=\"https:\/\/www.europesays.com\/fr\/wp-content\/uploads\/2025\/04\/12Credit-Mutuel-MS.jpg\" title=\"12. Sophie Prebet et Johan Duque (Cr\u00e9dit Mutuel)\" data-rl_title=\"12. Sophie Prebet et Johan Duque (Cr\u00e9dit Mutuel)\" class=\"rl-gallery-link\" data-rl_caption=\"\" data-rel=\"lightbox-gallery-bGlnaHRib3gtZ2FsbGVyeS0w\" data-rl_><img loading=\"lazy\" decoding=\"async\" width=\"900\" height=\"600\" data-lazy-type=\"image\" src=\"https:\/\/www.europesays.com\/fr\/wp-content\/uploads\/2025\/04\/12Credit-Mutuel-MS.jpg\" class=\"lazy lazy-hidden attachment-large size-large\" alt=\"\" aria-describedby=\"gallery--158207\"  \/><\/a><\/p>\n<p>\n                                12. Sophie Prebet et Johan Duque (Cr\u00e9dit Mutuel) <\/p>\n<p><br style=\"clear: both\"\/><\/p>\n<p>                                <a href=\"https:\/\/www.europesays.com\/fr\/wp-content\/uploads\/2025\/04\/13Credit-Mutuel-MS.jpg\" title=\"13. Isabelle Avinenc et \u00c9ric Ceniot, soci\u00e9taires (Cr\u00e9dit Mutuel)\" data-rl_title=\"13. Isabelle Avinenc et \u00c9ric Ceniot, soci\u00e9taires (Cr\u00e9dit Mutuel)\" class=\"rl-gallery-link\" data-rl_caption=\"\" data-rel=\"lightbox-gallery-bGlnaHRib3gtZ2FsbGVyeS0w\" data-rl_><img loading=\"lazy\" decoding=\"async\" width=\"900\" height=\"600\" data-lazy-type=\"image\" src=\"https:\/\/www.europesays.com\/fr\/wp-content\/uploads\/2025\/04\/13Credit-Mutuel-MS.jpg\" class=\"lazy lazy-hidden attachment-large size-large\" alt=\"\" aria-describedby=\"gallery--158208\"  \/><\/a><\/p>\n<p>\n                                13. Isabelle Avinenc et \u00c9ric Ceniot, soci\u00e9taires (Cr\u00e9dit Mutuel) <\/p>\n<p>                                <a href=\"https:\/\/www.europesays.com\/fr\/wp-content\/uploads\/2025\/04\/14Credit-Mutuel-MS.jpg\" title=\"14. Emmanuelle Lefrere (L\u2019Enjoliveuse) et sa fille Clarisse (Universit\u00e9 Lyon 2)\" data-rl_title=\"14. Emmanuelle Lefrere (L\u2019Enjoliveuse) et sa fille Clarisse (Universit\u00e9 Lyon 2)\" class=\"rl-gallery-link\" data-rl_caption=\"\" data-rel=\"lightbox-gallery-bGlnaHRib3gtZ2FsbGVyeS0w\" data-rl_><img loading=\"lazy\" decoding=\"async\" width=\"900\" height=\"600\" data-lazy-type=\"image\" src=\"https:\/\/www.europesays.com\/fr\/wp-content\/uploads\/2025\/04\/14Credit-Mutuel-MS.jpg\" class=\"lazy lazy-hidden attachment-large size-large\" alt=\"\" aria-describedby=\"gallery--158209\"  \/><\/a><\/p>\n<p>\n                                14. Emmanuelle Lefrere (L\u2019Enjoliveuse) et sa fille Clarisse (Universit\u00e9 Lyon 2) <\/p>\n<p><br style=\"clear: both\"\/><\/p>\n<p>                                <a href=\"https:\/\/www.europesays.com\/fr\/wp-content\/uploads\/2025\/04\/15Credit-Mutuel-MS.jpg\" title=\"15. V\u00e9ronique Esmilaire (Soins et Sant\u00e9), Pernelle Rousselot et sa s\u0153ur Amandine Manquant (Macoloc-lyon.fr)\" data-rl_title=\"15. V\u00e9ronique Esmilaire (Soins et Sant\u00e9), Pernelle Rousselot et sa s\u0153ur Amandine Manquant (Macoloc-lyon.fr)\" class=\"rl-gallery-link\" data-rl_caption=\"\" data-rel=\"lightbox-gallery-bGlnaHRib3gtZ2FsbGVyeS0w\" data-rl_><img loading=\"lazy\" decoding=\"async\" width=\"900\" height=\"600\" data-lazy-type=\"image\" src=\"https:\/\/www.europesays.com\/fr\/wp-content\/uploads\/2025\/04\/15Credit-Mutuel-MS.jpg\" class=\"lazy lazy-hidden attachment-large size-large\" alt=\"\" aria-describedby=\"gallery--158210\"  \/><\/a><\/p>\n<p>\n                                15. V\u00e9ronique Esmilaire (Soins et Sant\u00e9), Pernelle Rousselot et sa s\u0153ur Amandine Manquant (Macoloc-lyon.fr) <\/p>\n<p>                                <a href=\"https:\/\/www.europesays.com\/fr\/wp-content\/uploads\/2025\/04\/16Credit-Mutuel-MS.jpg\" title=\"16. Yves et Marie-Fr\u00e9d\u00e9rique Petit (Y2P Consulting)\" data-rl_title=\"16. Yves et Marie-Fr\u00e9d\u00e9rique Petit (Y2P Consulting)\" class=\"rl-gallery-link\" data-rl_caption=\"\" data-rel=\"lightbox-gallery-bGlnaHRib3gtZ2FsbGVyeS0w\" data-rl_><img loading=\"lazy\" decoding=\"async\" width=\"900\" height=\"600\" data-lazy-type=\"image\" src=\"https:\/\/www.europesays.com\/fr\/wp-content\/uploads\/2025\/04\/16Credit-Mutuel-MS.jpg\" class=\"lazy lazy-hidden attachment-large size-large\" alt=\"\" aria-describedby=\"gallery--158211\"  \/><\/a><\/p>\n<p>\n                                16. Yves et Marie-Fr\u00e9d\u00e9rique Petit (Y2P Consulting)  <\/p>\n<p><br style=\"clear: both\"\/><\/p>\n<p>                                <a href=\"https:\/\/www.europesays.com\/fr\/wp-content\/uploads\/2025\/04\/17Credit-Mutuel-MS.jpg\" title=\"17. Philippe Vorburger, administrateur Cr\u00e9dit Mutuel et St\u00e9phanie Morghese (Cr\u00e9dit Mutuel)\" data-rl_title=\"17. Philippe Vorburger, administrateur Cr\u00e9dit Mutuel et St\u00e9phanie Morghese (Cr\u00e9dit Mutuel)\" class=\"rl-gallery-link\" data-rl_caption=\"\" data-rel=\"lightbox-gallery-bGlnaHRib3gtZ2FsbGVyeS0w\" data-rl_><img loading=\"lazy\" decoding=\"async\" width=\"900\" height=\"600\" data-lazy-type=\"image\" src=\"https:\/\/www.europesays.com\/fr\/wp-content\/uploads\/2025\/04\/17Credit-Mutuel-MS.jpg\" class=\"lazy lazy-hidden attachment-large size-large\" alt=\"\" aria-describedby=\"gallery--158230\"  \/><\/a><\/p>\n<p>\n                                17. Philippe Vorburger, administrateur Cr\u00e9dit Mutuel et St\u00e9phanie Morghese (Cr\u00e9dit Mutuel) <\/p>\n<p>                                <a href=\"https:\/\/www.europesays.com\/fr\/wp-content\/uploads\/2025\/04\/18Credit-Mutuel-MS.jpg\" title=\"18. Bertrand Consigli, son papa Michel (BGCI) et Fran\u00e7ois Jarrosson (Lyon International Finance)\" data-rl_title=\"18. Bertrand Consigli, son papa Michel (BGCI) et Fran\u00e7ois Jarrosson (Lyon International Finance)\" class=\"rl-gallery-link\" data-rl_caption=\"\" data-rel=\"lightbox-gallery-bGlnaHRib3gtZ2FsbGVyeS0w\" data-rl_><img loading=\"lazy\" decoding=\"async\" width=\"900\" height=\"600\" data-lazy-type=\"image\" src=\"https:\/\/www.europesays.com\/fr\/wp-content\/uploads\/2025\/04\/18Credit-Mutuel-MS.jpg\" class=\"lazy lazy-hidden attachment-large size-large\" alt=\"\" aria-describedby=\"gallery--158212\"  \/><\/a><\/p>\n<p>\n                                18. Bertrand Consigli, son papa Michel (BGCI) et Fran\u00e7ois Jarrosson (Lyon International Finance)  <\/p>\n<p><br style=\"clear: both\"\/><\/p>\n<p>                                <a href=\"https:\/\/www.europesays.com\/fr\/wp-content\/uploads\/2025\/04\/19Credit-Mutuel-MS.jpg\" title=\"19. Laurence et Laurent Eychenne (Agitec)\" data-rl_title=\"19. Laurence et Laurent Eychenne (Agitec)\" class=\"rl-gallery-link\" data-rl_caption=\"\" data-rel=\"lightbox-gallery-bGlnaHRib3gtZ2FsbGVyeS0w\" data-rl_><img loading=\"lazy\" decoding=\"async\" width=\"900\" height=\"600\" data-lazy-type=\"image\" src=\"https:\/\/www.europesays.com\/fr\/wp-content\/uploads\/2025\/04\/19Credit-Mutuel-MS.jpg\" class=\"lazy lazy-hidden attachment-large size-large\" alt=\"\" aria-describedby=\"gallery--158213\"  \/><\/a><\/p>\n<p>\n                                19. Laurence et Laurent Eychenne (Agitec) <\/p>\n<p>                                <a href=\"https:\/\/www.europesays.com\/fr\/wp-content\/uploads\/2025\/04\/20Credit-Mutuel-MS.jpg\" title=\"20. Val\u00e9rie Asti (Le Journal des Entreprises), son \u00e9poux Marco et Lucie Braconnier (Galerie Partage)\" data-rl_title=\"20. Val\u00e9rie Asti (Le Journal des Entreprises), son \u00e9poux Marco et Lucie Braconnier (Galerie Partage)\" class=\"rl-gallery-link\" data-rl_caption=\"\" data-rel=\"lightbox-gallery-bGlnaHRib3gtZ2FsbGVyeS0w\" data-rl_><img loading=\"lazy\" decoding=\"async\" width=\"900\" height=\"600\" data-lazy-type=\"image\" src=\"https:\/\/www.europesays.com\/fr\/wp-content\/uploads\/2025\/04\/20Credit-Mutuel-MS.jpg\" class=\"lazy lazy-hidden attachment-large size-large\" alt=\"\" aria-describedby=\"gallery--158214\"  \/><\/a><\/p>\n<p>\n                                20. Val\u00e9rie Asti (Le Journal des Entreprises), son \u00e9poux Marco et Lucie Braconnier (Galerie Partage) <\/p>\n<p><br style=\"clear: both\"\/><\/p>\n<p>                                <a href=\"https:\/\/www.europesays.com\/fr\/wp-content\/uploads\/2025\/04\/21Credit-Mutuel-MS.jpg\" title=\"21. Alain Mutzig, ancien directeur du Cr\u00e9dit Mutuel, sa compagne Mireille Labourie et Daniel Lourd, expert de justice\" data-rl_title=\"21. Alain Mutzig, ancien directeur du Cr\u00e9dit Mutuel, sa compagne Mireille Labourie et Daniel Lourd, expert de justice\" class=\"rl-gallery-link\" data-rl_caption=\"\" data-rel=\"lightbox-gallery-bGlnaHRib3gtZ2FsbGVyeS0w\" data-rl_><img loading=\"lazy\" decoding=\"async\" width=\"900\" height=\"600\" data-lazy-type=\"image\" src=\"https:\/\/www.europesays.com\/fr\/wp-content\/uploads\/2025\/04\/21Credit-Mutuel-MS.jpg\" class=\"lazy lazy-hidden attachment-large size-large\" alt=\"\" aria-describedby=\"gallery--158215\"  \/><\/a><\/p>\n<p>\n                                21. Alain Mutzig, ancien directeur du Cr\u00e9dit Mutuel, sa compagne Mireille Labourie et Daniel Lourd, expert de justice <\/p>\n<p>                                <a href=\"https:\/\/www.europesays.com\/fr\/wp-content\/uploads\/2025\/04\/22Credit-Mutuel-MS.jpg\" title=\"22. Joris Hadj (le Cercle de l\u2019Union) et Edith Simonnet, artiste sculpteur\" data-rl_title=\"22. Joris Hadj (le Cercle de l\u2019Union) et Edith Simonnet, artiste sculpteur\" class=\"rl-gallery-link\" data-rl_caption=\"\" data-rel=\"lightbox-gallery-bGlnaHRib3gtZ2FsbGVyeS0w\" data-rl_><img loading=\"lazy\" decoding=\"async\" width=\"900\" height=\"600\" data-lazy-type=\"image\" src=\"https:\/\/www.europesays.com\/fr\/wp-content\/uploads\/2025\/04\/22Credit-Mutuel-MS.jpg\" class=\"lazy lazy-hidden attachment-large size-large\" alt=\"\" aria-describedby=\"gallery--158216\"  \/><\/a><\/p>\n<p>\n                                22. Joris Hadj (le Cercle de l\u2019Union) et Edith Simonnet, artiste sculpteur <\/p>\n<p><br style=\"clear: both\"\/><\/p>\n<p>                                <a href=\"https:\/\/www.europesays.com\/fr\/wp-content\/uploads\/2025\/04\/23Credit-Mutuel-MS.jpg\" title=\"23. Catherine Cesari (EM Lyon Business School) et son \u00e9poux Jean-Philippe (Carl Berger Levrault)\" data-rl_title=\"23. Catherine Cesari (EM Lyon Business School) et son \u00e9poux Jean-Philippe (Carl Berger Levrault)\" class=\"rl-gallery-link\" data-rl_caption=\"\" data-rel=\"lightbox-gallery-bGlnaHRib3gtZ2FsbGVyeS0w\" data-rl_><img loading=\"lazy\" decoding=\"async\" width=\"900\" height=\"600\" data-lazy-type=\"image\" src=\"https:\/\/www.europesays.com\/fr\/wp-content\/uploads\/2025\/04\/23Credit-Mutuel-MS.jpg\" class=\"lazy lazy-hidden attachment-large size-large\" alt=\"\" aria-describedby=\"gallery--158217\"  \/><\/a><\/p>\n<p>\n                                23. Catherine Cesari (EM Lyon Business School) et son \u00e9poux Jean-Philippe (Carl Berger Levrault) <\/p>\n<p>                                <a href=\"https:\/\/www.europesays.com\/fr\/wp-content\/uploads\/2025\/04\/24Credit-Mutuel-MS.jpg\" title=\"24. Mickael Perret (Cr\u00e9dit Mutuel), Cyril Cornudet (Le Rive Gauche) et Guillaume Bourdeau, soci\u00e9taire Cr\u00e9dit Mutuel\" data-rl_title=\"24. Mickael Perret (Cr\u00e9dit Mutuel), Cyril Cornudet (Le Rive Gauche) et Guillaume Bourdeau, soci\u00e9taire Cr\u00e9dit Mutuel\" class=\"rl-gallery-link\" data-rl_caption=\"\" data-rel=\"lightbox-gallery-bGlnaHRib3gtZ2FsbGVyeS0w\" data-rl_><img loading=\"lazy\" decoding=\"async\" width=\"900\" height=\"600\" data-lazy-type=\"image\" src=\"https:\/\/www.europesays.com\/fr\/wp-content\/uploads\/2025\/04\/24Credit-Mutuel-MS.jpg\" class=\"lazy lazy-hidden attachment-large size-large\" alt=\"\" aria-describedby=\"gallery--158218\"  \/><\/a><\/p>\n<p>\n                                24. Mickael Perret (Cr\u00e9dit Mutuel), Cyril Cornudet (Le Rive Gauche) et Guillaume Bourdeau, soci\u00e9taire Cr\u00e9dit Mutuel <\/p>\n<p><br style=\"clear: both\"\/><\/p>\n<p>                                <a href=\"https:\/\/www.europesays.com\/fr\/wp-content\/uploads\/2025\/04\/25Credit-Mutuel-MS.jpg\" title=\"25. Ma\u00eetre Thierry Jullien, notaire, membre du bureau du conseil de surveillance du Cr\u00e9dit Mutuel et Jacques Leval, pr\u00e9sident du conseil d\u2019administration du Cr\u00e9dit Mutuel Mar\u00e9chal-Lyautey\" data-rl_title=\"25. Ma\u00eetre Thierry Jullien, notaire, membre du bureau du conseil de surveillance du Cr\u00e9dit Mutuel et Jacques Leval, pr\u00e9sident du conseil d\u2019administration du Cr\u00e9dit Mutuel Mar\u00e9chal-Lyautey\" class=\"rl-gallery-link\" data-rl_caption=\"\" data-rel=\"lightbox-gallery-bGlnaHRib3gtZ2FsbGVyeS0w\" data-rl_><img loading=\"lazy\" decoding=\"async\" width=\"900\" height=\"600\" data-lazy-type=\"image\" src=\"https:\/\/www.europesays.com\/fr\/wp-content\/uploads\/2025\/04\/25Credit-Mutuel-MS.jpg\" class=\"lazy lazy-hidden attachment-large size-large\" alt=\"\" aria-describedby=\"gallery--158231\"  \/><\/a><\/p>\n<p>\n                                25. Ma\u00eetre Thierry Jullien, notaire, membre du bureau du conseil de surveillance du Cr\u00e9dit Mutuel et Jacques Leval, pr\u00e9sident du conseil d\u2019administration du Cr\u00e9dit Mutuel Mar\u00e9chal-Lyautey <\/p>\n<p>                                <a href=\"https:\/\/www.europesays.com\/fr\/wp-content\/uploads\/2025\/04\/26Credit-Mutuel-MS.jpg\" title=\"26. Jacques Leval, pr\u00e9sident du conseil d\u2019administration du Cr\u00e9dit Mutuel Mar\u00e9chal-Lyautey entour\u00e9 de Bruno Gignoux, Thomas Reiss et Guy Benarrouch\" data-rl_title=\"26. Jacques Leval, pr\u00e9sident du conseil d\u2019administration du Cr\u00e9dit Mutuel Mar\u00e9chal-Lyautey entour\u00e9 de Bruno Gignoux, Thomas Reiss et Guy Benarrouch\" class=\"rl-gallery-link\" data-rl_caption=\"\" data-rel=\"lightbox-gallery-bGlnaHRib3gtZ2FsbGVyeS0w\" data-rl_><img loading=\"lazy\" decoding=\"async\" width=\"900\" height=\"600\" data-lazy-type=\"image\" src=\"https:\/\/www.europesays.com\/fr\/wp-content\/uploads\/2025\/04\/26Credit-Mutuel-MS.jpg\" class=\"lazy lazy-hidden attachment-large size-large\" alt=\"\" aria-describedby=\"gallery--158219\"  \/><\/a><\/p>\n<p>\n                                26. Jacques Leval, pr\u00e9sident du conseil d\u2019administration du Cr\u00e9dit Mutuel Mar\u00e9chal-Lyautey entour\u00e9 de Bruno Gignoux, Thomas Reiss et Guy Benarrouch <\/p>\n<p><br style=\"clear: both\"\/><\/p>\n<p>                                <a href=\"https:\/\/www.europesays.com\/fr\/wp-content\/uploads\/2025\/04\/27Credit-Mutuel-MS.jpg\" title=\"27. Denis Duchesne, directeur de l\u2019agence Mar\u00e9chal-Lyautey, Aur\u00e9lie Richard et Alexandre Seran\" data-rl_title=\"27. Denis Duchesne, directeur de l\u2019agence Mar\u00e9chal-Lyautey, Aur\u00e9lie Richard et Alexandre Seran\" class=\"rl-gallery-link\" data-rl_caption=\"\" data-rel=\"lightbox-gallery-bGlnaHRib3gtZ2FsbGVyeS0w\" data-rl_><img loading=\"lazy\" decoding=\"async\" width=\"900\" height=\"600\" data-lazy-type=\"image\" src=\"https:\/\/www.europesays.com\/fr\/wp-content\/uploads\/2025\/04\/27Credit-Mutuel-MS.jpg\" class=\"lazy lazy-hidden attachment-large size-large\" alt=\"\" aria-describedby=\"gallery--158220\"  \/><\/a><\/p>\n<p>\n                                27. Denis Duchesne, directeur de l\u2019agence Mar\u00e9chal-Lyautey, Aur\u00e9lie Richard et Alexandre Seran <\/p>\n<p>                                <a href=\"https:\/\/www.europesays.com\/fr\/wp-content\/uploads\/2025\/04\/28Credit-Mutuel-MS.jpg\" title=\"28. Chantale Berard et Annie Petinot\" data-rl_title=\"28. Chantale Berard et Annie Petinot\" class=\"rl-gallery-link\" data-rl_caption=\"\" data-rel=\"lightbox-gallery-bGlnaHRib3gtZ2FsbGVyeS0w\" data-rl_><img loading=\"lazy\" decoding=\"async\" width=\"900\" height=\"600\" data-lazy-type=\"image\" src=\"https:\/\/www.europesays.com\/fr\/wp-content\/uploads\/2025\/04\/28Credit-Mutuel-MS.jpg\" class=\"lazy lazy-hidden attachment-large size-large\" alt=\"\" aria-describedby=\"gallery--158221\"  \/><\/a><\/p>\n<p>\n                                28. Chantale Berard et Annie Petinot <\/p>\n<p><br style=\"clear: both\"\/><\/p>\n<p>                                <a href=\"https:\/\/www.europesays.com\/fr\/wp-content\/uploads\/2025\/04\/29Credit-Mutuel-MS.jpg\" title=\"29. Jean Moubitang, son \u00e9pouse Madeleine et leur fils Jean-Bertin\" data-rl_title=\"29. Jean Moubitang, son \u00e9pouse Madeleine et leur fils Jean-Bertin\" class=\"rl-gallery-link\" data-rl_caption=\"\" data-rel=\"lightbox-gallery-bGlnaHRib3gtZ2FsbGVyeS0w\" data-rl_><img loading=\"lazy\" decoding=\"async\" width=\"900\" height=\"600\" data-lazy-type=\"image\" src=\"https:\/\/www.europesays.com\/fr\/wp-content\/uploads\/2025\/04\/29Credit-Mutuel-MS.jpg\" class=\"lazy lazy-hidden attachment-large size-large\" alt=\"\" aria-describedby=\"gallery--158222\"  \/><\/a><\/p>\n<p>\n                                29. Jean Moubitang, son \u00e9pouse Madeleine et leur fils Jean-Bertin <\/p>\n<p>                                <a href=\"https:\/\/www.europesays.com\/fr\/wp-content\/uploads\/2025\/04\/30Credit-Mutuel-MS.jpg\" title=\"30. Bernard C\u0153ur et son \u00e9pouse Gabrielle\" data-rl_title=\"30. Bernard C\u0153ur et son \u00e9pouse Gabrielle\" class=\"rl-gallery-link\" data-rl_caption=\"\" data-rel=\"lightbox-gallery-bGlnaHRib3gtZ2FsbGVyeS0w\" data-rl_><img loading=\"lazy\" decoding=\"async\" width=\"900\" height=\"600\" data-lazy-type=\"image\" src=\"https:\/\/www.europesays.com\/fr\/wp-content\/uploads\/2025\/04\/30Credit-Mutuel-MS.jpg\" class=\"lazy lazy-hidden attachment-large size-large\" alt=\"\" aria-describedby=\"gallery--158223\"  \/><\/a><\/p>\n<p>\n                                30. Bernard C\u0153ur et son \u00e9pouse Gabrielle <\/p>\n<p><br style=\"clear: both\"\/><\/p>\n<p>                                <a href=\"https:\/\/www.europesays.com\/fr\/wp-content\/uploads\/2025\/04\/31Credit-Mutuel-MS.jpg\" title=\"31. Donia Kebli, Jean-Philippe Cesari (Carl Berger Levrault) et son \u00e9pouse Catherine (EM Lyon Business School)\" data-rl_title=\"31. Donia Kebli, Jean-Philippe Cesari (Carl Berger Levrault) et son \u00e9pouse Catherine (EM Lyon Business School)\" class=\"rl-gallery-link\" data-rl_caption=\"\" data-rel=\"lightbox-gallery-bGlnaHRib3gtZ2FsbGVyeS0w\" data-rl_><img loading=\"lazy\" decoding=\"async\" width=\"900\" height=\"600\" data-lazy-type=\"image\" src=\"https:\/\/www.europesays.com\/fr\/wp-content\/uploads\/2025\/04\/31Credit-Mutuel-MS.jpg\" class=\"lazy lazy-hidden attachment-large size-large\" alt=\"\" aria-describedby=\"gallery--158224\"  \/><\/a><\/p>\n<p>\n                                31. Donia Kebli, Jean-Philippe Cesari (Carl Berger Levrault) et son \u00e9pouse Catherine (EM Lyon Business School)  <\/p>\n<p>                                <a href=\"https:\/\/www.europesays.com\/fr\/wp-content\/uploads\/2025\/04\/32Credit-Mutuel-MS.jpg\" title=\"32. Sylvie Vielliard et Fr\u00e9d\u00e9ric Hudier (Cr\u00e9dit Mutuel)\" data-rl_title=\"32. Sylvie Vielliard et Fr\u00e9d\u00e9ric Hudier (Cr\u00e9dit Mutuel)\" class=\"rl-gallery-link\" data-rl_caption=\"\" data-rel=\"lightbox-gallery-bGlnaHRib3gtZ2FsbGVyeS0w\" data-rl_><img loading=\"lazy\" decoding=\"async\" width=\"900\" height=\"600\" data-lazy-type=\"image\" src=\"https:\/\/www.europesays.com\/fr\/wp-content\/uploads\/2025\/04\/32Credit-Mutuel-MS.jpg\" class=\"lazy lazy-hidden attachment-large size-large\" alt=\"\" aria-describedby=\"gallery--158225\"  \/><\/a><\/p>\n<p>\n                                32. Sylvie Vielliard et Fr\u00e9d\u00e9ric Hudier (Cr\u00e9dit Mutuel) <\/p>\n<p><br style=\"clear: both\"\/><\/p>\n<p>                                <a href=\"https:\/\/www.europesays.com\/fr\/wp-content\/uploads\/2025\/04\/33Credit-Mutuel-MS.jpg\" title=\"33. Nicolas Stempffer (Dify Immobilier), membre du conseil d\u2019administration et Ma\u00eetre Julie Illuminati, notaire, membre du conseil de surveillance (Cr\u00e9dit Mutuel)\" data-rl_title=\"33. Nicolas Stempffer (Dify Immobilier), membre du conseil d\u2019administration et Ma\u00eetre Julie Illuminati, notaire, membre du conseil de surveillance (Cr\u00e9dit Mutuel)\" class=\"rl-gallery-link\" data-rl_caption=\"\" data-rel=\"lightbox-gallery-bGlnaHRib3gtZ2FsbGVyeS0w\" data-rl_><img loading=\"lazy\" decoding=\"async\" width=\"900\" height=\"600\" data-lazy-type=\"image\" src=\"https:\/\/www.europesays.com\/fr\/wp-content\/uploads\/2025\/04\/33Credit-Mutuel-MS.jpg\" class=\"lazy lazy-hidden attachment-large size-large\" alt=\"\" aria-describedby=\"gallery--158226\"  \/><\/a><\/p>\n<p>\n                                33. Nicolas Stempffer (Dify Immobilier), membre du conseil d\u2019administration et Ma\u00eetre Julie Illuminati, notaire, membre du conseil de surveillance (Cr\u00e9dit Mutuel)  <\/p>\n<p>                                <a href=\"https:\/\/www.europesays.com\/fr\/wp-content\/uploads\/2025\/04\/34Credit-Mutuel-MS.jpg\" title=\"34. Bernard Tavella, Christine Arsac (Miss Cri) et Philippe Beaupoil\" data-rl_title=\"34. Bernard Tavella, Christine Arsac (Miss Cri) et Philippe Beaupoil\" class=\"rl-gallery-link\" data-rl_caption=\"\" data-rel=\"lightbox-gallery-bGlnaHRib3gtZ2FsbGVyeS0w\" data-rl_><img loading=\"lazy\" decoding=\"async\" width=\"900\" height=\"600\" data-lazy-type=\"image\" src=\"https:\/\/www.europesays.com\/fr\/wp-content\/uploads\/2025\/04\/34Credit-Mutuel-MS.jpg\" class=\"lazy lazy-hidden attachment-large size-large\" alt=\"\" aria-describedby=\"gallery--158227\"  \/><\/a><\/p>\n<p>\n                                34. Bernard Tavella, Christine Arsac (Miss Cri) et Philippe Beaupoil <\/p>\n<p><br style=\"clear: both\"\/><\/p>\n<p>                                <a href=\"https:\/\/www.europesays.com\/fr\/wp-content\/uploads\/2025\/04\/35Credit-Mutuel-MS.jpg\" title=\"35. G\u00e9rard Carrez, ancien pr\u00e9sident du Ski Nautique Club de Collonges, sa compagne Isabelle Marechal (Biogroup), \u00e9lue responsable formation du Cr\u00e9dit Mutuel, entour\u00e9s d\u2019Edith et Jean-Louis Vial\" data-rl_title=\"35. G\u00e9rard Carrez, ancien pr\u00e9sident du Ski Nautique Club de Collonges, sa compagne Isabelle Marechal (Biogroup), \u00e9lue responsable formation du Cr\u00e9dit Mutuel, entour\u00e9s d\u2019Edith et Jean-Louis Vial\" class=\"rl-gallery-link\" data-rl_caption=\"\" data-rel=\"lightbox-gallery-bGlnaHRib3gtZ2FsbGVyeS0w\" data-rl_><img loading=\"lazy\" decoding=\"async\" width=\"900\" height=\"600\" data-lazy-type=\"image\" src=\"https:\/\/www.europesays.com\/fr\/wp-content\/uploads\/2025\/04\/35Credit-Mutuel-MS.jpg\" class=\"lazy lazy-hidden attachment-large size-large\" alt=\"\" aria-describedby=\"gallery--158228\"  \/><\/a><\/p>\n<p>\n                                35. G\u00e9rard Carrez, ancien pr\u00e9sident du Ski Nautique Club de Collonges, sa compagne Isabelle Marechal (Biogroup), \u00e9lue responsable formation du Cr\u00e9dit Mutuel, entour\u00e9s d\u2019Edith et Jean-Louis Vial  <\/p>\n<p>                        <br style=\"clear: both\"\/><\/p>\n","protected":false},"excerpt":{"rendered":"Texte\u00a0: Morgan Couturier \u2013 Pour ses 30 ans, le Cr\u00e9dit Mutuel Lyon Mar\u00e9chal Lyautey a dignement c\u00e9l\u00e9br\u00e9 ses&hellip;\n","protected":false},"author":2,"featured_media":26579,"comment_status":"","ping_status":"","sticky":false,"template":"","format":"standard","meta":{"footnotes":""},"categories":[1889],"tags":[4257,1111,47,11,9430,2430,1777,674,1011,27,2428,12,25],"class_list":{"0":"post-26578","1":"post","2":"type-post","3":"status-publish","4":"format-standard","5":"has-post-thumbnail","7":"category-lyon","8":"tag-0top","9":"tag-actu","10":"tag-actualite","11":"tag-actualites","12":"tag-assemblee-generale-credit-mutuel-marechal-liautey","13":"tag-auvergne-rhone-alpes","14":"tag-eu","15":"tag-europe","16":"tag-fr","17":"tag-france","18":"tag-lyon","19":"tag-news","20":"tag-republique-francaise"},"share_on_mastodon":{"url":"https:\/\/pubeurope.com\/@fr\/114342144733742136","error":""},"_links":{"self":[{"href":"https:\/\/www.europesays.com\/fr\/wp-json\/wp\/v2\/posts\/26578","targetHints":{"allow":["GET"]}}],"collection":[{"href":"https:\/\/www.europesays.com\/fr\/wp-json\/wp\/v2\/posts"}],"about":[{"href":"https:\/\/www.europesays.com\/fr\/wp-json\/wp\/v2\/types\/post"}],"author":[{"embeddable":true,"href":"https:\/\/www.europesays.com\/fr\/wp-json\/wp\/v2\/users\/2"}],"replies":[{"embeddable":true,"href":"https:\/\/www.europesays.com\/fr\/wp-json\/wp\/v2\/comments?post=26578"}],"version-history":[{"count":0,"href":"https:\/\/www.europesays.com\/fr\/wp-json\/wp\/v2\/posts\/26578\/revisions"}],"wp:featuredmedia":[{"embeddable":true,"href":"https:\/\/www.europesays.com\/fr\/wp-json\/wp\/v2\/media\/26579"}],"wp:attachment":[{"href":"https:\/\/www.europesays.com\/fr\/wp-json\/wp\/v2\/media?parent=26578"}],"wp:term":[{"taxonomy":"category","embeddable":true,"href":"https:\/\/www.europesays.com\/fr\/wp-json\/wp\/v2\/categories?post=26578"},{"taxonomy":"post_tag","embeddable":true,"href":"https:\/\/www.europesays.com\/fr\/wp-json\/wp\/v2\/tags?post=26578"}],"curies":[{"name":"wp","href":"https:\/\/api.w.org\/{rel}","templated":true}]}}