{"id":265785,"date":"2025-07-22T14:37:34","date_gmt":"2025-07-22T14:37:34","guid":{"rendered":"https:\/\/www.europesays.com\/fr\/265785\/"},"modified":"2025-07-22T14:37:34","modified_gmt":"2025-07-22T14:37:34","slug":"on-sest-entretenu-avec-jeanne-barseghian-sur-ses-5-ans-de-mandat","status":"publish","type":"post","link":"https:\/\/www.europesays.com\/fr\/265785\/","title":{"rendered":"on s&rsquo;est entretenu avec Jeanne Barseghian sur ses 5 ans de mandat"},"content":{"rendered":"<p class=\"p1\"><b>Le 3 juillet, Jeanne Barseghian d\u00e9clarait sa candidature pour les municipales 2026. La premi\u00e8re maire \u00e9cologiste de la capitale alsacienne d\u00e9fendra ainsi son bilan face \u00e0 une opposition encore dispers\u00e9e mais d\u00e9j\u00e0 pr\u00eate \u00e0 prendre sa place. Avant les vacances et surtout avant la rentr\u00e9e politique, on a rencontr\u00e9 la maire de Strasbourg pour faire le bilan apr\u00e8s 5 ans de mandat.<\/b><\/p>\n<p>Le 28 juin 2020, une vague verte d\u00e9ferlait sur Strasbourg : avec Place Publique, G\u00e9n\u00e9ration.s et le PCF, <b>Jeanne Barseghian et EELV remportaient la victoire politique avec 41,71 % des voix, <\/b>devenant ainsi la premi\u00e8re maire \u00e9cologiste de l\u2019histoire de la ville.<\/p>\n<p>                <a href=\"https:\/\/pokaa.fr\/2020\/06\/28\/elections-jeanne-barseghian-est-elue-maire-de-strasbourg\/\" target=\"_blank\" rel=\"noopener\"><br \/>\n                    <img width=\"450\" height=\"241\" src=\"https:\/\/www.europesays.com\/fr\/wp-content\/uploads\/2025\/07\/second-tour-municipales-strasbourg-pokaa-2.jpg\" class=\"attachment-card-horizontal--same-subject size-card-horizontal--same-subject wp-post-image\" alt=\"\" decoding=\"async\" loading=\"lazy\"  \/>                <\/a><\/p>\n<p>Cinq ans plus tard, Jeanne Barseghian est candidate \u00e0 sa r\u00e9\u00e9lection. Et pendant toutes ces ann\u00e9es, <b>la ville a connu une succession de crises, de nombreuses transformations et aurait presque m\u00e9rit\u00e9 un nouveau label de Capitale des pol\u00e9miques<\/b>.<\/p>\n<p>Il y avait donc assez de mati\u00e8re pour un entretien avec la maire de Strasbourg, entre bilan, perspectives, violence en politique et future campagne.<\/p>\n<p>                <a href=\"https:\/\/pokaa.fr\/2025\/07\/07\/municipales-2026-a-strasbourg-jeanne-barseghian-entre-dans-la-bataille-politique\/\" target=\"_blank\" rel=\"noopener\"><br \/>\n                    <img width=\"450\" height=\"270\" src=\"https:\/\/www.europesays.com\/fr\/wp-content\/uploads\/2025\/07\/a1-450x270.png\" class=\"attachment-card-horizontal--same-subject size-card-horizontal--same-subject wp-post-image\" alt=\"\" decoding=\"async\" loading=\"lazy\"\/>                <\/a><\/p>\n<p>    <img width=\"800\" height=\"600\" src=\"https:\/\/www.europesays.com\/fr\/wp-content\/uploads\/2025\/07\/img-9422-800x600.jpg\" class=\"attachment-image-size-L size-image-size-L\" alt=\"cath\u00e9drale quai des Bateliers\" decoding=\"async\" loading=\"lazy\"  \/>         \u00a9 Anthony Jilli \/ Pokaa <\/p>\n<p>Partie 1 : \u00e9checs et r\u00e9ussites, quel bilan pour le mandat ?<\/p>\n<p class=\"p1\">Lorsqu\u2019on lui demande si son mandat a \u00e9t\u00e9 une r\u00e9ussite, <b>Jeanne Barseghian r\u00e9pond par l\u2019affirmative. Elle mentionne ensuite un \u00ab\u00a0programme ambitieux pour r\u00e9pondre aux besoins du quotidien et investir pour l\u2019avenir \u00bb<\/b>, avec une attention particuli\u00e8re pour les domaines de l\u2019enfance, de l\u2019\u00e9ducation et des familles.<\/p>\n<p class=\"p1\">Comme nous l\u2019expliquaient en juin dernier Benjamin Soulet et Floriane Varieras, co-chef(fe)s du groupe \u00e9cologiste au conseil municipal, Jeanne Barseghian insiste sur l\u2019enfance : \u00ab\u00a0<b>On a presque doubl\u00e9 le niveau d\u2019investissement pour l\u2019\u00e9ducation<\/b>.\u00a0\u00bb Dans les exemples concrets, la maire \u00e9voque la v\u00e9g\u00e9talisation des cours d\u2019\u00e9cole, la cr\u00e9ation de deux nouveaux groupes scolaires, le recrutement de 90 ATSEM, l\u2019ordonnance verte pour les femmes enceintes ou la gratuit\u00e9 des transports pour les mineur(e)s.<\/p>\n<p>                <a href=\"https:\/\/pokaa.fr\/2025\/06\/19\/faire-plus-la-ou-il-y-avait-moins-a-strasbourg-retour-sur-5-ans-de-mandat-ecologiste\/\" target=\"_blank\" rel=\"noopener\"><br \/>\n                    <img width=\"450\" height=\"270\" src=\"https:\/\/www.europesays.com\/fr\/wp-content\/uploads\/2025\/07\/whatsapp-image-2025-06-18-at-105707-1-450x270.jpeg\" class=\"attachment-card-horizontal--same-subject size-card-horizontal--same-subject wp-post-image\" alt=\"\" decoding=\"async\" loading=\"lazy\"\/>                <\/a><\/p>\n<blockquote><p>\n        On a rempli la tr\u00e8s grande majorit\u00e9 des engagements pris en 2020.    <\/p><\/blockquote>\n<p>            Jeanne Barseghian<\/p>\n<p class=\"p1\">Durant ce mandat, Jeanne Barseghian et son \u00e9quipe ont \u00e9galement men\u00e9 un travail d\u2019\u00e9tat des lieux sur la v\u00e9tust\u00e9 du patrimoine municipal, en r\u00e9alisant d\u2019abord un inventaire complet. <b>Un \u00ab \u00e9norme boulot pas forc\u00e9ment visible, mais qui nous a permis de voir l\u2019\u00e9tat tr\u00e8s d\u00e9grad\u00e9 de certains b\u00e2timents \u00bb, qui a ensuite permis de lancer des travaux d\u2019ampleur<\/b>. <a href=\"https:\/\/pokaa.fr\/2024\/03\/27\/strasbourg-la-laiterie\/\" target=\"_blank\" rel=\"noopener\">La Laiterie<\/a>, <a href=\"https:\/\/pokaa.fr\/2025\/03\/10\/strasbourg-en-travaux-le-musee-alsacien-va-bientot-fermer-ses-portes-pour-2-ans\/\" target=\"_blank\" rel=\"noopener\">le Mus\u00e9e alsacien<\/a>, <a href=\"https:\/\/pokaa.fr\/2025\/06\/23\/renovation-xxl-a-strasbourg-la-librairie-kleber-va-fermer-ses-portes-en-2026\/\" target=\"_blank\" rel=\"noopener\">la Librairie Kl\u00e9ber<\/a>, <a href=\"https:\/\/pokaa.fr\/2025\/04\/28\/grand-projet-strasbourgeois-le-cinema-saint-ex-va-fermer-ses-portes-pour-18-mois\/\" target=\"_blank\" rel=\"noopener\">le cin\u00e9ma Star Saint-Ex<\/a>, le Palais des F\u00eates ou plus tard <a href=\"https:\/\/pokaa.fr\/2025\/04\/14\/budget-de-120-millions-deuros-lopera-de-strasbourg-sera-entierement-renove-dici-2033\/\" target=\"_blank\" rel=\"noopener\">l\u2019Op\u00e9ra<\/a> et le Palais Rohan\u2026<\/p>\n<p class=\"p1\">C\u00f4t\u00e9 \u00e9cologie, <b>la maire se f\u00e9licite \u00ab\u00a0d\u2019adapter la ville aux changements climatiques\u00a0\u00bb, avec la r\u00e9novation thermique des b\u00e2timents, la cr\u00e9ation de l\u2019Agence du climat et en d\u00e9simperm\u00e9abilisant les sols, en ville et en for\u00eat<\/b>, \u00ab pour faire baisser les temp\u00e9ratures en p\u00e9riode de canicule et pr\u00e9venir les risques d\u2019inondation \u00bb.<\/p>\n<p class=\"p1\"><strong>Jeanne Barseghian se r\u00e9jouit aussi d\u2019avoir \u00ab\u00a0renforc\u00e9 le statut europ\u00e9en de Strasbourg\u00a0\u00bb<\/strong>, avec l\u2019occupation du b\u00e2timent Osmose par le Parlement europ\u00e9en et le d\u00e9veloppement du nouveau quartier Archipel 2. De quoi faire parler certaines t\u00eates d\u2019affiche de l\u2019opposition, qui d\u00e9noncent une attractivit\u00e9 strasbourgeoise rabougrie.<\/p>\n<p>                <a href=\"https:\/\/pokaa.fr\/2025\/07\/16\/plus-de-70-000-m2-au-wacken-le-projet-archipel-2-continue-de-grandir-a-strasbourg\/\" target=\"_blank\" rel=\"noopener\"><br \/>\n                    <img width=\"450\" height=\"270\" src=\"https:\/\/www.europesays.com\/fr\/wp-content\/uploads\/2025\/07\/1753195045_367_b1-450x270.png\" class=\"attachment-card-horizontal--same-subject size-card-horizontal--same-subject wp-post-image\" alt=\"\" decoding=\"async\" loading=\"lazy\"\/>                <\/a><\/p>\n<blockquote><p>\n        Sur le tram Nord, on peut dire de mani\u00e8re assez factuelle qu\u2019il y a eu beaucoup d&rsquo;instrumentalisation politique.    <\/p><\/blockquote>\n<p>            Jeanne Barseghian<\/p>\n<p class=\"p1\">Quand il s\u2019agit d\u2019\u00e9voquer les \u00e9checs, les exemples sont moins nombreux dans la bouche de la maire. Mais elle ne peut pas passer \u00e0 c\u00f4t\u00e9 de \u00ab\u00a0la grosse d\u00e9ception\u00a0\u00bb qu\u2019a \u00e9t\u00e9 l\u2019avis d\u00e9favorable du tram Nord. <b>Un rat\u00e9 qu\u2019elle explique d\u2019abord par le manque d\u2019adh\u00e9sion autour du projet (une faute venant de leur part selon la maire)<\/b>, mais \u00e9galement par une \u00ab\u00a0instrumentalisation politique\u00a0\u00bb qu\u2019elle d\u00e9nonce : \u00ab\u00a0Certains responsables politiques ont plut\u00f4t souffl\u00e9 sur les braises, ont aliment\u00e9 les inqui\u00e9tudes et ont parfois diffus\u00e9 de fausses informations.\u00a0\u00bb<\/p>\n<p class=\"p1\">D\u00e9sormais, c\u2019est la convention citoyenne qui planche sur le sujet du tram Nord avec 100 personnes tir\u00e9es au sort. <b>\u00ab Un changement de m\u00e9thode qui met les \u00e9lu(e)s \u00e0 distance \u00bb, selon la maire, qui a h\u00e2te de voir les r\u00e9sultats.<\/b>\u00a0Si le proc\u00e9d\u00e9 est critiqu\u00e9 par toute l\u2019opposition strasbourgeoise, Jeanne Barseghian conclut : \u00ab\u00a0Apr\u00e8s, \u00e0 chacune et chacun de s\u2019en emparer dans le contexte des prochaines \u00e9ch\u00e9ances \u00e9lectorales et du prochain mandat.\u00a0\u00bb \u00c0 coup s\u00fbr l\u2019un des sujets les plus chauds des futures municipales.<\/p>\n<p>    <img width=\"800\" height=\"331\" src=\"https:\/\/www.europesays.com\/fr\/wp-content\/uploads\/2025\/07\/place-de-haguenau-tram-nord-800x331.png\" class=\"attachment-image-size-L size-image-size-L\" alt=\"place de haguenau tram nord\" decoding=\"async\" loading=\"lazy\"  \/>         \u00a9 Dossier d&rsquo;enqu\u00eate publique \/ Capture d&rsquo;\u00e9cran <\/p>\n<p>Partie 2 : pol\u00e9miques et politiques, l\u2019apprentissage en tant que maire<\/p>\n<p class=\"p1\">Pour son premier mandat en tant que maire, Jeanne Barseghian n\u2019est pas forc\u00e9ment arriv\u00e9e au meilleur des moments :\u00a0\u00ab\u00a0<b>Il y avait le Covid, c\u2019\u00e9tait tr\u00e8s dur, il a donc fallu pour beaucoup d\u2019\u00e9lu(e)s apprendre tr\u00e8s vite sur le tas en situation de gestion de crise<\/b>. \u00bb La guerre en Ukraine et la crise \u00e9nerg\u00e9tique, qui ont suivi, font dire \u00e0 la maire : \u00ab On peut dire qu\u2019on n\u2019a pas \u00e9t\u00e9 \u00e9pargn\u00e9s. \u00bb<\/p>\n<p class=\"p1\">Mais pour elle, <b>cette succession de probl\u00e9matiques a confort\u00e9 le fait que le cap choisi par elle et son \u00e9quipe \u00e9tait le bon<\/b> : \u00ab On se disait m\u00eame qu\u2019il fallait peut-\u00eatre qu\u2019on acc\u00e9l\u00e8re encore plus dans l\u2019adaptation de notre ville pour permettre de faire face \u00e0 ces urgences climatiques et sociales. \u00bb<\/p>\n<blockquote><p>\n        Je pense que le cap qu&rsquo;on s&rsquo;est fix\u00e9 est juste, pas parce que je suis sectaire ou id\u00e9ologique, mais parce que je vois des inqui\u00e9tudes se confirmer. On a une telle responsabilit\u00e9 et il ne faut pas perdre de temps sur ces enjeux, donc parfois je me demande comment on peut encore tergiverser sur la n\u00e9cessit\u00e9 d&rsquo;une transition \u00e9cologique.     <\/p><\/blockquote>\n<p>            Jeanne Barseghian<\/p>\n<p>    <img width=\"450\" height=\"600\" src=\"https:\/\/www.europesays.com\/fr\/wp-content\/uploads\/2025\/07\/img-0037-450x600.jpg\" class=\"attachment-image-size-M size-image-size-M\" alt=\"jeanne barseghian\" decoding=\"async\" loading=\"lazy\"  \/>         \u00a9\u00a0Nicolas Kaspar \/ Pokaa <\/p>\n<p class=\"p1\">En plus de l\u2019apprentissage du pouvoir, il a fallu apprendre \u00e0 composer avec les pol\u00e9miques, qui ont \u00e9maill\u00e9 le mandat de Jeanne Barseghian. Si elle reconna\u00eet \u00ab des maladresses \u00bb de leur part, <b>la maire regrette \u00ab d\u2019avoir pass\u00e9 beaucoup de temps \u00e0 r\u00e9pondre \u00e0 des pol\u00e9miques souvent mont\u00e9es de toutes pi\u00e8ces au niveau national ou local, sur la base de fake news \u00bb.<\/b><\/p>\n<p class=\"p1\">P\u00eale-m\u00eale : <a href=\"https:\/\/pokaa.fr\/2021\/03\/23\/subventions-pour-construire-une-mosquee-et-un-nouvel-espace-de-cultures-urbaines-ce-que-strasbourg-a-decide-ce-lundi\/\" target=\"_blank\" rel=\"noopener\">la mosqu\u00e9e Eyy\u00fbb Sultan<\/a>, la rue M\u00e9lanie, <a href=\"https:\/\/pokaa.fr\/2024\/10\/20\/apres-une-semaine-de-polemique-la-cathedrale-de-strasbourg-va-retrouver-ses-lumieres-apres-23h\/\" target=\"_blank\" rel=\"noopener\">l\u2019extinction de la cath\u00e9drale<\/a>,\u00a0<a href=\"https:\/\/pokaa.fr\/2025\/01\/20\/strasbourg-la-ville-reflechit-a-rendre-fixe-le-pont-tournant-de-la-petite-france\/\" target=\"_blank\" rel=\"noopener\">le pont tournant de la Petite France<\/a>,\u00a0<a href=\"https:\/\/pokaa.fr\/2022\/10\/11\/stras-wars-la-liste-des-produits-interdits-au-prochain-marche-de-noel-cree-la-polemique\/\" target=\"_blank\" rel=\"noopener\">les produits autoris\u00e9s au march\u00e9 de No\u00ebl<\/a>,\u00a0<a href=\"https:\/\/pokaa.fr\/2025\/05\/20\/foire-saint-jean-krutenau-et-grand-projet-routier-ce-que-strasbourg-a-decide-ce-lundi\/\" target=\"_blank\" rel=\"noopener\">la Foire Saint-Jean<\/a>\u2026<\/p>\n<p>                <a href=\"https:\/\/pokaa.fr\/2025\/06\/08\/fiasco-de-la-rue-melanie-a-strasbourg-comment-en-est-on-arrive-a-cette-polemique\/\" target=\"_blank\" rel=\"noopener\"><br \/>\n                    <img width=\"450\" height=\"270\" src=\"https:\/\/www.europesays.com\/fr\/wp-content\/uploads\/2025\/06\/img-9481-grande-450x270.jpeg\" class=\"attachment-card-horizontal--same-subject size-card-horizontal--same-subject wp-post-image\" alt=\"\" decoding=\"async\" loading=\"lazy\"\/>                <\/a><\/p>\n<p>Des pol\u00e9miques qui peuvent \u00eatre lues selon Jeanne Barseghian dans un contexte plus global <strong>\u00ab d\u2019\u00e9colo-bashing \u00bb<\/strong>, apr\u00e8s la vague de 2020 o\u00f9 plusieurs grandes villes sont pass\u00e9es sous giron \u00e9cologiste.<\/p>\n<p>\u00ab\u00a0<b>\u00c7a a \u00e9t\u00e9 une surprise car certains imaginaient les \u00e9cologistes comme \u00e9tant minoritaires et pas comme une force pouvant \u00eatre aux responsabilit\u00e9s<\/b>. Et \u00e7a a \u00e9t\u00e9 vu comme \u00e9tant une menace politique par le pr\u00e9sident de la R\u00e9publique, par la droite et l\u2019extr\u00eame droite, qui ont r\u00e9agi en disant : \u00ab\u00a0Il faut qu\u2019on montre qu\u2019ils ne sont pas capables de g\u00e9rer en mettant des b\u00e2tons dans les roues.\u00a0\u00bb \u00bb<\/p>\n<blockquote><p>\n        Les responsables nationaux qui sont dans cette dialectique, parfois m\u00eame climatosceptiques, ils sont irresponsables ; ce sont eux qui sont dans une id\u00e9ologie compl\u00e8tement d\u00e9pass\u00e9e qui ne correspond plus \u00e0 notre si\u00e8cle.    <\/p><\/blockquote>\n<p>            Jeanne Barseghian<\/p>\n<p class=\"p1\"><b>Un m\u00e9canisme \u00ab\u00a0tr\u00e8s organis\u00e9\u00a0\u00bb selon la maire, et \u00ab relay\u00e9 par un certain nombre de m\u00e9dias \u00bb, particuli\u00e8rement sur le sujet de la mosqu\u00e9e Eyy\u00fbb Sultan<\/b>, un moment \u00ab\u00a0tr\u00e8s violent\u00a0\u00bb pour elle et son \u00e9quipe. Sauf que selon elle, l\u2019effort a \u00e9t\u00e9 vain : \u00ab\u00a0Les projets qu\u2019on m\u00e8ne sont plut\u00f4t pl\u00e9biscit\u00e9s, ils peuvent faire d\u00e9bat, il y a m\u00eame un d\u00e9bat soci\u00e9tal sur les questions \u00e9cologiques [on le voit en ce moment avec la loi Duplomb, ndlr]. Mais ce qui leur pose probl\u00e8me, c\u2019est que les villes qu\u2019on dirige ne se sont pas \u00e9croul\u00e9es. \u00bb<\/p>\n<p class=\"p1\">La maire poursuit : \u00ab Globalement on a tenu les finances, on a des chiffres satisfaisants en mati\u00e8re de s\u00e9curit\u00e9, en mati\u00e8re \u00e9conomique. <strong>T<\/strong><b><strong>o<\/strong>utes les peurs et les inqui\u00e9tudes qui s\u2019\u00e9taient exprim\u00e9es pour dire que les \u00e9cologistes ne sauraient pas g\u00e9rer sont finalement tomb\u00e9es \u00e0 l\u2019eau<\/b>. On a lanc\u00e9 une dynamique qui doit pouvoir se poursuivre dans les prochains mandats.\u00a0\u00bb <\/p>\n<p class=\"p1\"><strong>Pas s\u00fbr que ce discours ne fasse pas tousser l\u2019opposition strasbourgeoise,<\/strong> elle qui n\u2019a cess\u00e9 de communiquer sur ses inqui\u00e9tudes quant au creusement de la dette ou du manque de s\u00e9curit\u00e9 dans certains quartiers.<\/p>\n<p>                <img width=\"667\" height=\"500\" src=\"https:\/\/www.europesays.com\/fr\/wp-content\/uploads\/2025\/04\/img-7386-grande-667x500.jpeg\" class=\"attachment-gallery size-gallery\" alt=\"op\u00e9ra\" data-full-url=\"https:\/\/pokaa.fr\/wp-content\/uploads\/2025\/03\/11\/img-7386-grande.jpeg\" decoding=\"async\" loading=\"lazy\"  \/>            <\/p>\n<p>                <img width=\"667\" height=\"500\" src=\"https:\/\/www.europesays.com\/fr\/wp-content\/uploads\/2025\/07\/img-7031-grande-667x500.jpeg\" class=\"attachment-gallery size-gallery\" alt=\"librairie kl\u00e9ber\" data-full-url=\"https:\/\/pokaa.fr\/wp-content\/uploads\/2025\/02\/26\/img-7031-grande.jpeg\" decoding=\"async\" loading=\"lazy\"  \/>            <\/p>\n<p>                <img width=\"875\" height=\"500\" src=\"https:\/\/www.europesays.com\/fr\/wp-content\/uploads\/2025\/06\/laiterie-875x500.png\" class=\"attachment-gallery size-gallery\" alt=\"Laiterie\" data-full-url=\"https:\/\/pokaa.fr\/wp-content\/uploads\/2024\/03\/27\/laiterie.png\" decoding=\"async\" loading=\"lazy\"  \/>            <\/p>\n<p>                <img width=\"667\" height=\"500\" src=\"https:\/\/www.europesays.com\/fr\/wp-content\/uploads\/2025\/07\/vignette-indadrlw-architectes-667x500.jpg\" class=\"attachment-gallery size-gallery\" alt=\"star saint ex\" data-full-url=\"https:\/\/pokaa.fr\/wp-content\/uploads\/2025\/04\/28\/vignette-indadrlw-architectes.jpg\" decoding=\"async\" loading=\"lazy\"  \/>            <\/p>\n<p>                    1. et 2. \u00a9 Nicolas Kaspar \/ Pokaa ; 3. \u00a9 Weber Keiling associes \/ Document remis ; 4. \u00a9 DRLW Architectes \/ Document remis<\/p>\n<p>Partie 3 : la maire et son image<\/p>\n<p class=\"p1\">Au-del\u00e0 de l\u2019apprentissage du pouvoir, ces 5 ann\u00e9es de politiques et de pol\u00e9miques ont cristallis\u00e9 sur les r\u00e9seaux un rejet assez fort de la personne de Jeanne Barseghian. <b>Une donn\u00e9e que la maire explique par \u00ab\u00a0une violence qui s\u2019exprime sans filtre, de mani\u00e8re souvent anonyme, symbolique de l\u2019\u00e9poque actuelle\u00a0\u00bb<\/b>.<\/p>\n<p class=\"p1\">Elle affirme d\u2019ailleurs sa volont\u00e9 de r\u00e9gulation des r\u00e9seaux : \u00ab\u00a0<strong>J\u2019estime qu\u2019il faut pouvoir r\u00e9guler des commentaires<\/strong> qui contreviennent \u00e0 la loi en \u00e9tant sexistes, racistes, discriminatoires ou incitant \u00e0 la haine et \u00e0 la violence. \u00bb<\/p>\n<blockquote><p>\n        De la m\u00eame mani\u00e8re que moi je transforme la ville, la ville elle me transforme.    <\/p><\/blockquote>\n<p>            Jeanne Barseghian<\/p>\n<p class=\"p1\">Jeanne Barseghian \u00e9voque aussi la \u00ab crise de confiance des citoyens envers les institutions et envers les politiques en g\u00e9n\u00e9ral \u00bb. <b>Pour elle, la meilleure arme pour lutter contre \u00e7a, \u00ab\u00a0c\u2019est tout simplement le dialogue avec les gens au quotidien\u00a0\u00bb<\/b>. D\u2019o\u00f9 l\u2019id\u00e9e de mettre en place \u00e0 mi-mandat des caf\u00e9s avec la maire, qui permettent de montrer aux habitant(e)s qu\u2019elle n\u2019est pas l\u2019image qu\u2019on peut lui donner sur les r\u00e9seaux.<\/p>\n<p class=\"p1\">Elle d\u00e9taille son r\u00f4le de maire comme une \u00ab<b>\u00a0vraie le\u00e7on d\u2019humilit\u00e9 quotidienne, puisqu\u2019on n\u2019a pas la science infuse, parce que les dossiers sont complexes <\/b>\u00bb. Ce\u00a0qui l\u2019oblige \u00e9galement \u00e0 repr\u00e9senter l\u2019ensemble des Strasbourgeois(es) et \u00e0 ne pas \u00ab affirmer [ses] convictions telles que je les imaginais quand j\u2019\u00e9tais co-pr\u00e9sidente du groupe \u00e9cologiste sous l\u2019ancien mandat \u00bb. <\/p>\n<p class=\"p1\">Mais dans la lign\u00e9e de tout l\u2019entretien, elle termine toujours par une r\u00e9ponse positive : <strong>\u00ab\u00a0Ce poste, c\u2019est beaucoup de travail, mais c\u2019est aussi un immense plaisir au quotidien.\u00a0\u00bb<\/strong><\/p>\n<p>    <img width=\"800\" height=\"600\" src=\"https:\/\/www.europesays.com\/fr\/wp-content\/uploads\/2025\/07\/img-0042-800x600.jpg\" class=\"attachment-image-size-L size-image-size-L\" alt=\"jeanne barseghian\" decoding=\"async\" loading=\"lazy\"  \/>         \u00a9\u00a0Nicolas Kaspar \/ Pokaa <\/p>\n<p>Partie 4 : quelle future campagne pour les prochaines municipales et pourquoi y retourner ?<\/p>\n<p class=\"p1\">Ce plaisir est sans doute une des explications derri\u00e8re l\u2019annonce de la candidature de Jeanne Barseghian le 3 juillet dernier. <b>Parce qu\u2019apr\u00e8s avoir pris autant de coups, apr\u00e8s avoir \u00e9t\u00e9 menac\u00e9e de mort et m\u00eame de viols, finalement, pourquoi y retourner ?<\/b> Pour la maire, \u00ab il y a une forme d\u2019\u00e9vidence \u00e0 poursuivre des projets qui ont \u00e9t\u00e9 enclench\u00e9s et la certitude que ce cap de transition \u00e9cologique et sociale, il fait encore plus sens en 2025 qu\u2019en 2020 \u00bb. <\/p>\n<p class=\"p1\">Elle mentionne \u00e9videmment le tram Nord, mais \u00e9galement la gare \u00e0 360\u00b0, des projets avec une vision sur les 10\/20 prochaines ann\u00e9es, ou encore le travail sur les Halles, le Ring V\u00e9lo, la Colmarienne et Archipel 2. <b>Une volont\u00e9 de \u00ab\u00a0changer la vie des gens et changer la ville\u00a0\u00bb, que la maire trouve \u00ab absolument passionnante \u00bb<\/b>.<\/p>\n<p class=\"p1\">Avec cette candidature, la maire voulait aussi clarifier les choses : \u00ab R\u00e9cemment, on me posait la question \u00e0 peu pr\u00e8s 25 fois par jour et \u00e0 un moment, je me suis dit, puisque pour moi c\u2019est \u00e9vident, autant le clarifier et le dire. \u00bb<\/p>\n<p>                <a href=\"https:\/\/pokaa.fr\/2025\/07\/15\/grand-projet-strasbourgeois-on-aura-bientot-une-gare-a-360-mais-ca-veut-dire-quoi\/\" target=\"_blank\" rel=\"noopener\"><br \/>\n                    <img width=\"450\" height=\"270\" src=\"https:\/\/www.europesays.com\/fr\/wp-content\/uploads\/2025\/07\/gare-de-strasbourg-exterieur-450x270.jpg\" class=\"attachment-card-horizontal--same-subject size-card-horizontal--same-subject wp-post-image\" alt=\"\" decoding=\"async\" loading=\"lazy\"\/>                <\/a><\/p>\n<blockquote><p>\n        Je suis convaincue qu&rsquo;un large rassemblement est n\u00e9cessaire et pertinent pour Strasbourg.    <\/p><\/blockquote>\n<p>            Jeanne Barseghian<\/p>\n<p class=\"p4\">N\u00e9anmoins, il n\u2019est pas encore l\u2019heure de rentrer en campagne pour Jeanne Barseghian : \u00ab\u00a0J\u2019ai encore beaucoup \u00e0 faire donc je rentrerai en campagne le plus tard possible.\u00a0\u00bb Pour elle, cela devrait \u00eatre aux alentours du d\u00e9but de l\u2019ann\u00e9e 2026. En attendant, l\u2019heure est \u00e0 l\u2019\u00e9laboration du programme \u00e0 partir de la rentr\u00e9e de septembre ; une \u00e9tape importante, qui \u00ab\u00a0<b>permettra de voir les nuances qui peuvent s\u2019exprimer dans les diff\u00e9rentes sensibilit\u00e9s de gauche<\/b>, les points d\u2019accord et les points de d\u00e9saccord et \u00e7a permettra de clarifier le p\u00e9rim\u00e8tre de la future majorit\u00e9\u00a0\u00bb.<\/p>\n<p class=\"p1\">En effet, alors que la droite et le centre parlent tous les jours d\u2019union sans que les t\u00eates d\u2019affiche donnent pour l\u2019instant l\u2019impression d\u2019\u00eatre pr\u00eates \u00e0 s\u2019effacer, <b>les \u00e9cologistes devront probablement eux aussi travailler \u00e0 l\u2019union \u00e0 gauche<\/b>. Il faudra sans doute n\u00e9gocier avec les communistes, qui ont d\u00e9sign\u00e9 H\u00fclliya Turan comme cheffe des futures discussions d\u2019alliance, mais peut-\u00eatre aussi LFI, qui n\u2019a pour l\u2019instant pas \u00e9t\u00e9 tendre en local en r\u00e9action \u00e0 la candidature de Jeanne Barseghian. Une chose est s\u00fbre, pour la maire : \u00ab\u00a0Je souhaite que ce soit un rassemblement des forces de gauche, \u00e9cologistes et citoyennes.\u00a0\u00bb <\/p>\n<p class=\"p1\"><strong>La suite \u00e0 partir de la rentr\u00e9e.<\/strong><\/p>\n","protected":false},"excerpt":{"rendered":"Le 3 juillet, Jeanne Barseghian d\u00e9clarait sa candidature pour les municipales 2026. La premi\u00e8re maire \u00e9cologiste de la&hellip;\n","protected":false},"author":2,"featured_media":265786,"comment_status":"","ping_status":"","sticky":false,"template":"","format":"standard","meta":{"footnotes":""},"categories":[2820],"tags":[1111,11,1777,674,1011,27,775,7125,12,316,25,640],"class_list":{"0":"post-265785","1":"post","2":"type-post","3":"status-publish","4":"format-standard","5":"has-post-thumbnail","7":"category-strasbourg","8":"tag-actu","9":"tag-actualites","10":"tag-eu","11":"tag-europe","12":"tag-fr","13":"tag-france","14":"tag-grand-est","15":"tag-jeanne-barseghian","16":"tag-news","17":"tag-politique","18":"tag-republique-francaise","19":"tag-strasbourg"},"share_on_mastodon":{"url":"https:\/\/pubeurope.com\/@fr\/114897397213627646","error":""},"_links":{"self":[{"href":"https:\/\/www.europesays.com\/fr\/wp-json\/wp\/v2\/posts\/265785","targetHints":{"allow":["GET"]}}],"collection":[{"href":"https:\/\/www.europesays.com\/fr\/wp-json\/wp\/v2\/posts"}],"about":[{"href":"https:\/\/www.europesays.com\/fr\/wp-json\/wp\/v2\/types\/post"}],"author":[{"embeddable":true,"href":"https:\/\/www.europesays.com\/fr\/wp-json\/wp\/v2\/users\/2"}],"replies":[{"embeddable":true,"href":"https:\/\/www.europesays.com\/fr\/wp-json\/wp\/v2\/comments?post=265785"}],"version-history":[{"count":0,"href":"https:\/\/www.europesays.com\/fr\/wp-json\/wp\/v2\/posts\/265785\/revisions"}],"wp:featuredmedia":[{"embeddable":true,"href":"https:\/\/www.europesays.com\/fr\/wp-json\/wp\/v2\/media\/265786"}],"wp:attachment":[{"href":"https:\/\/www.europesays.com\/fr\/wp-json\/wp\/v2\/media?parent=265785"}],"wp:term":[{"taxonomy":"category","embeddable":true,"href":"https:\/\/www.europesays.com\/fr\/wp-json\/wp\/v2\/categories?post=265785"},{"taxonomy":"post_tag","embeddable":true,"href":"https:\/\/www.europesays.com\/fr\/wp-json\/wp\/v2\/tags?post=265785"}],"curies":[{"name":"wp","href":"https:\/\/api.w.org\/{rel}","templated":true}]}}