{"id":265789,"date":"2025-07-22T14:39:10","date_gmt":"2025-07-22T14:39:10","guid":{"rendered":"https:\/\/www.europesays.com\/fr\/265789\/"},"modified":"2025-07-22T14:39:10","modified_gmt":"2025-07-22T14:39:10","slug":"le-decret-n2025-660-constitue-une-reforme-majeure-pour-le-batonnier-de-nice","status":"publish","type":"post","link":"https:\/\/www.europesays.com\/fr\/265789\/","title":{"rendered":"Le d\u00e9cret n\u00b02025-660 constitue \u00ab une r\u00e9forme majeure \u00bb pour le b\u00e2tonnier de Nice"},"content":{"rendered":"<p>                    <img loading=\"lazy\" decoding=\"async\" src=\"https:\/\/www.europesays.com\/fr\/wp-content\/uploads\/2025\/07\/fe97dedc9fced1240e2c43f2c51b61.jpg\" class=\"img-responsive post-image\" width=\"680\" height=\"510\" alt=\"Le d\u00e9cret n\u00b02025-660 (\u2026)\" title=\"Le d\u00e9cret n\u00b02025-660 constitue \u00ab une r\u00e9forme majeure \u00bb pour le b\u00e2tonnier de Nice\"\/><\/p>\n<p class=\"chapo\">Dans un post intitul\u00e9 \u00ab\u00a0EN AVANT MARD\u00a0!!!\u00a0\u00bb, r\u00e9dig\u00e9 mardi 22 juillet, Me Emmanuel Brancaleoni d\u00e9taille les cons\u00e9quences de l\u2019entr\u00e9e en vigueur, le 1er septembre, du d\u00e9cret n\u00b02025-660 du 18 juillet 2025 \u00ab\u00a0portant r\u00e9forme de l\u2019instruction conventionnelle et recodification des modes amiables de r\u00e9solution des diff\u00e9rends\u00a0\u00bb (MARD) et publi\u00e9 au Journal officiel le 19 juillet.<\/p>\n<p>                    \u00ab\u00a0Logiques de coop\u00e9ration et de flexibilit\u00e9\u00a0\u00bb<\/p>\n<p>Avec ce d\u00e9cret, le b\u00e2tonnier du barreau de Nice estime que \u00ab\u00a0l\u2019instruction conventionnelle devient la norme. Fini la mise en \u00e9tat syst\u00e9matiquement judiciaire. Les parties et leurs conseils pourront convenir des modalit\u00e9s d\u2019instruction, notamment via la proc\u00e9dure participative. Le juge ne sera saisi qu\u2019en cas de d\u00e9saccord\u00a0\u00bb. Fervent d\u00e9fenseur de l\u2019amiable, il se r\u00e9jouit de voir les MARD \u00ab\u00a0\u00a0enfin pleinement int\u00e9gr\u00e9s\u00a0\u00bb au Code de proc\u00e9dure civile, avec \u00ab\u00a0\u00a0un nouveau principe directeur\u00a0: la culture de l\u2019amiable\u00a0\u00a0\u00bb et un proc\u00e8s qui \u00ab\u00a0s\u2019ouvre aux logiques de coop\u00e9ration et de flexibilit\u00e9 \u00e0 tous les stades\u00a0\u00bb. \u00ab\u00a0Le d\u00e9cret recodifie l\u2019ensemble des MARD dans un titre unique du Code de proc\u00e9dure civile. M\u00e9diation, conciliation, proc\u00e9dure participative\u00a0: leur articulation est clarifi\u00e9e et les accords issus de ces d\u00e9marches peuvent d\u00e9sormais \u00eatre homologu\u00e9s\u00a0\u00bb, d\u00e9veloppe Me Brancaleoni, \u00e9voquant pour les avocats un \u00ab\u00a0virage majeur, qui appelle une adaptation rapide de nos pratiques. Une r\u00e9forme \u00e0 suivre de pr\u00e8s et \u00e0 int\u00e9grer dans nos strat\u00e9gies proc\u00e9durales\u00a0\u00a0\u00bb. <br class=\"autobr\"\/><br \/>\nLe b\u00e2tonnier et la vice-b\u00e2tonni\u00e8re du barreau de Nice,<strong> Me Val\u00e9rie Serra,<\/strong> ont localement <a href=\"https:\/\/www.petitesaffiches.fr\/actualites,069\/droit,044\/barreau-de-nice-aimable-avec-l,31152.html\" rel=\"nofollow noopener\" target=\"_blank\">beaucoup agi pour l\u2019amiable<\/a> en relan\u00e7ant le Centre de justice amiable (CJA) et en organisant, plusieurs fois dans l\u2019ann\u00e9e, des MARDis de l\u2019amiable, anim\u00e9s par<strong> Me Jenny Sauvage-Fakir<\/strong>, pr\u00e9sidente d\u00e9l\u00e9gu\u00e9e du CJA et pr\u00e9sidente de la commission MARD. Le prochain,<a href=\"https:\/\/www.petitesaffiches.fr\/actualites,069\/droit,044\/les-mardis-de-l-amiable-explorent,36504.html\" rel=\"nofollow noopener\" target=\"_blank\">sur la m\u00e9diation et la conciliation dans la sant\u00e9<\/a>, aura lieu le mardi 9 septembre, de 11h \u00e0 13h, \u00e0 la biblioth\u00e8que des avocats de Nice.<\/p>\n<p>Photo de Une\u00a0: Me Brancaleoni (\u00e0 droite) \u00e0 c\u00f4t\u00e9 de Me Firas Rabhi en introduction des Entretiens de la construction, consacr\u00e9s \u00e0 l\u2019amiable, le 27 juin \u00e0 Villeneuve-Loubet. \u00a9SG<\/p>\n","protected":false},"excerpt":{"rendered":"Dans un post intitul\u00e9 \u00ab\u00a0EN AVANT MARD\u00a0!!!\u00a0\u00bb, r\u00e9dig\u00e9 mardi 22 juillet, Me Emmanuel Brancaleoni d\u00e9taille les cons\u00e9quences de&hellip;\n","protected":false},"author":2,"featured_media":265790,"comment_status":"","ping_status":"","sticky":false,"template":"","format":"standard","meta":{"footnotes":""},"categories":[2819],"tags":[1111,11,2408,1777,674,1011,27,12,2401,882,25],"class_list":{"0":"post-265789","1":"post","2":"type-post","3":"status-publish","4":"format-standard","5":"has-post-thumbnail","7":"category-nice","8":"tag-actu","9":"tag-actualites","10":"tag-appels-d","11":"tag-eu","12":"tag-europe","13":"tag-fr","14":"tag-france","15":"tag-news","16":"tag-nice","17":"tag-provence-alpes-cote-dazur","18":"tag-republique-francaise"},"share_on_mastodon":{"url":"https:\/\/pubeurope.com\/@fr\/114897404888600052","error":""},"_links":{"self":[{"href":"https:\/\/www.europesays.com\/fr\/wp-json\/wp\/v2\/posts\/265789","targetHints":{"allow":["GET"]}}],"collection":[{"href":"https:\/\/www.europesays.com\/fr\/wp-json\/wp\/v2\/posts"}],"about":[{"href":"https:\/\/www.europesays.com\/fr\/wp-json\/wp\/v2\/types\/post"}],"author":[{"embeddable":true,"href":"https:\/\/www.europesays.com\/fr\/wp-json\/wp\/v2\/users\/2"}],"replies":[{"embeddable":true,"href":"https:\/\/www.europesays.com\/fr\/wp-json\/wp\/v2\/comments?post=265789"}],"version-history":[{"count":0,"href":"https:\/\/www.europesays.com\/fr\/wp-json\/wp\/v2\/posts\/265789\/revisions"}],"wp:featuredmedia":[{"embeddable":true,"href":"https:\/\/www.europesays.com\/fr\/wp-json\/wp\/v2\/media\/265790"}],"wp:attachment":[{"href":"https:\/\/www.europesays.com\/fr\/wp-json\/wp\/v2\/media?parent=265789"}],"wp:term":[{"taxonomy":"category","embeddable":true,"href":"https:\/\/www.europesays.com\/fr\/wp-json\/wp\/v2\/categories?post=265789"},{"taxonomy":"post_tag","embeddable":true,"href":"https:\/\/www.europesays.com\/fr\/wp-json\/wp\/v2\/tags?post=265789"}],"curies":[{"name":"wp","href":"https:\/\/api.w.org\/{rel}","templated":true}]}}