{"id":265793,"date":"2025-07-22T14:41:11","date_gmt":"2025-07-22T14:41:11","guid":{"rendered":"https:\/\/www.europesays.com\/fr\/265793\/"},"modified":"2025-07-22T14:41:11","modified_gmt":"2025-07-22T14:41:11","slug":"passe-darmes-entre-la-maire-de-nantes-et-la-region-au-sujet-du-developpement-de-laeroport","status":"publish","type":"post","link":"https:\/\/www.europesays.com\/fr\/265793\/","title":{"rendered":"passe d\u2019armes entre la maire de Nantes et la R\u00e9gion au sujet du d\u00e9veloppement de l\u2019a\u00e9roport"},"content":{"rendered":"<p>Johanna Rolland a plaid\u00e9 pour des mesures de r\u00e9gulation du trafic. Un \u00e9lu r\u00e9gional lui a r\u00e9pondu, estimant que cela mettrait en p\u00e9ril le d\u00e9veloppement \u00e9conomique du territoire.<\/p>\n<p class=\"fig-paragraph\">Deux communiqu\u00e9s, deux ambiances. Il n\u2019est pas rare que la r\u00e9gion des\u00a0<a href=\"http:\/\/www.lefigaro.fr\/nantes\/j-ai-touche-un-tabou-francais-accusee-de-diminuer-les-subventions-des-pays-de-la-loire-la-presidente-de-region-contre-attaque-20241217\" target=\"_blank\" data-fig-type=\"NewsFlash\" rel=\"noopener\" data-gtm-custom-categorie=\"navigation\" data-gtm-custom-action=\"crossclick\" data-gtm-custom-label=\"Contextuel\" data-gtm-event=\"customEventSPE\" data-fig-domain=\"LEFIGARO\">Pays de la Loire<\/a>\u00a0(droite) et la\u00a0<a href=\"http:\/\/www.lefigaro.fr\/nantes\/nantes-il-n-y-aura-jamais-d-ecologie-sans-les-ecologistes-assurent-les-allies-verts-de-la-maire-socialiste-20250623\" target=\"_blank\" data-fig-type=\"NewsFlash\" rel=\"noopener\" data-gtm-custom-categorie=\"navigation\" data-gtm-custom-action=\"crossclick\" data-gtm-custom-label=\"Contextuel\" data-gtm-event=\"customEventSPE\" data-fig-domain=\"LEFIGARO\">mairie de Nantes<\/a>\u00a0(gauche) opposent des visions antagonistes. Dernier exemple en date\u00a0:\u00a0<a href=\"http:\/\/www.lefigaro.fr\/nantes\/mort-du-directeur-de-l-aeroport-de-nantes-atlantique-a-57-ans-des-suites-d-une-longue-maladie-20250311\" target=\"_blank\" data-fig-type=\"NewsFlash\" rel=\"noopener\" data-gtm-custom-categorie=\"navigation\" data-gtm-custom-action=\"crossclick\" data-gtm-custom-label=\"Contextuel\" data-gtm-event=\"customEventSPE\" data-fig-domain=\"LEFIGARO\">l\u2019a\u00e9roport de Nantes-Atlantique<\/a>, dont le r\u00e9am\u00e9nagement est \u00e0 l\u2019\u00e9tude. Un nouveau concessionnaire devrait \u00eatre d\u00e9sign\u00e9 en 2026 pour proc\u00e9der \u00e0 sa modernisation tr\u00e8s attendue, depuis que son transfert \u00e0\u00a0<a href=\"http:\/\/www.lefigaro.fr\/nantes\/notre-dame-des-landes-un-batiment-de-l-ancienne-zad-demoli-par-la-prefecture-20241129\" target=\"_blank\" data-fig-type=\"NewsFlash\" rel=\"noopener\" data-gtm-custom-categorie=\"navigation\" data-gtm-custom-action=\"crossclick\" data-gtm-custom-label=\"Contextuel\" data-gtm-event=\"customEventSPE\" data-fig-domain=\"LEFIGARO\">Notre-Dame-des-Landes<\/a>\u00a0a \u00e9t\u00e9 mis \u00e0 l\u2019arr\u00eat.<\/p>\n<p class=\"fig-paragraph\">En attendant cette d\u00e9signation, les initiatives vont bon train. Le 2 juillet, la d\u00e9put\u00e9e \u00e9cologiste de Loire-Atlantique\u00a0<a href=\"http:\/\/www.lefigaro.fr\/nantes\/loire-atlantique-une-deputee-ecologiste-propose-de-plafonner-le-nombre-de-vols-a-l-aeroport-de-nantes-20250625\" target=\"_blank\" data-fig-type=\"NewsFlash\" rel=\"noopener\" data-gtm-custom-categorie=\"navigation\" data-gtm-custom-action=\"crossclick\" data-gtm-custom-label=\"Contextuel\" data-gtm-event=\"customEventSPE\" data-fig-domain=\"LEFIGARO\">Julie Laernoes<\/a>\u00a0a d\u00e9pos\u00e9 une proposition de loi visant lutter contre la pollution sonore et prot\u00e9ger la sant\u00e9 des riverains de la plateforme, apr\u00e8s avoir men\u00e9 une concertation en ligne. La parlementaire propose notamment de r\u00e9guler le trafic \u00e0 56.000 vols par an, d\u2019\u00e9tendre le couvre-feu de 22h \u00e0 7h, ou encore d\u2019interdire\u00a0<a href=\"https:\/\/www.lefigaro.fr\/societes\/peut-on-interdire-aux-compagnies-aeriennes-leurs-vols-interieurs-20200623\" target=\"_blank\" data-fig-type=\"Article\" rel=\"noopener\" data-gtm-custom-categorie=\"navigation\" data-gtm-custom-action=\"crossclick\" data-gtm-custom-label=\"Contextuel\" data-gtm-event=\"customEventSPE\" data-fig-domain=\"LEFIGARO\">les vols nationaux<\/a>\u00a0lorsqu\u2019une alternative en train de moins de 4 heures existe.<\/p>\n<p>                                    <a class=\"fig-a11y-skip a11y-hidden\" href=\"#fig-a11y-skip-main-inarticle\"><br \/>\n        Passer la publicit\u00e9<br \/>\n    <\/a><\/p>\n<p>Prise en compte de la sant\u00e9<\/p>\n<p class=\"fig-paragraph\">Un travail soutenu par la maire de Nantes\u00a0<a href=\"http:\/\/www.lefigaro.fr\/nantes\/expulsion-d-etrangers-a-nantes-la-maire-socialiste-se-prononce-contre-le-futur-cra-mais-a-titre-personnel-20250721\" target=\"_blank\" data-fig-type=\"NewsFlash\" rel=\"noopener\" data-gtm-custom-categorie=\"navigation\" data-gtm-custom-action=\"crossclick\" data-gtm-custom-label=\"Contextuel\" data-gtm-event=\"customEventSPE\" data-fig-domain=\"LEFIGARO\">Johanna Rolland<\/a>\u00a0deux jours plus tard. \u00abNul ne peut ignorer qu\u2019il y a de v\u00e9ritables enjeux de sant\u00e9 li\u00e9s \u00e0 l\u2019activit\u00e9 a\u00e9roportuaire. Je consid\u00e8re qu\u2019ils doivent \u00eatre pleinement pris en compte par le futur concessionnaire\u00bb, a r\u00e9agi l\u2019\u00e9dile socialiste, \u00e0 la t\u00eate d\u2019une\u00a0<a href=\"http:\/\/www.lefigaro.fr\/nantes\/nantes-marie-vitoux-l-ecolo-radicale-qui-veut-rassembler-la-gauche-en-vue-des-prochaines-municipales-20240929\" target=\"_blank\" data-fig-type=\"NewsFlash\" rel=\"noopener\" data-gtm-custom-categorie=\"navigation\" data-gtm-custom-action=\"crossclick\" data-gtm-custom-label=\"Contextuel\" data-gtm-event=\"customEventSPE\" data-fig-domain=\"LEFIGARO\">majorit\u00e9 municipale alli\u00e9e aux \u00e9colos<\/a>, dans un communiqu\u00e9 de presse le 4 juillet.<\/p>\n<p class=\"fig-paragraph\">\u00abAu-del\u00e0 de l\u2019\u00e9volution des trajectoires et du renouvellement des flottes d\u00e9j\u00e0 annonc\u00e9s, la seule variable d\u2019ajustement qui permette de prot\u00e9ger la sant\u00e9 des populations est le volume du trafic \u00e0 long terme, a affirm\u00e9 la maire. C\u2019est pour ces raisons que je consid\u00e8re que l\u2019\u00c9tat doit envisager des mesures de r\u00e9gulation du trafic suppl\u00e9mentaires\u00bb. Et de conclure\u00a0: \u00abEn d\u00e9mocratie, les r\u00e8gles collectives doivent \u00eatre respect\u00e9es. Je suis donc favorable \u00e0 l\u2019acc\u00e9l\u00e9ration de l\u2019instruction des sanctions par l\u2019ACNUSA pour garantir leur efficacit\u00e9 et au doublement des\u00a0<a href=\"http:\/\/www.lefigaro.fr\/nantes\/non-respect-du-couvre-feu-a-l-aeroport-de-nantes-le-montant-des-amendes-pour-les-compagnies-pourrait-s-envoler-20231114\" target=\"_blank\" data-fig-type=\"NewsFlash\" rel=\"noopener\" data-gtm-custom-categorie=\"navigation\" data-gtm-custom-action=\"crossclick\" data-gtm-custom-label=\"Contextuel\" data-gtm-event=\"customEventSPE\" data-fig-domain=\"LEFIGARO\">amendes<\/a> \u00a0en cas de non-respect du couvre-feu par les compagnies a\u00e9riennes.\u00bb Ces deux pistes font aussi partie de la proposition de loi de la parlementaire Julie Laernoes.<\/p>\n<blockquote class=\"fig-quote&#10;    \">\n<p class=\"fig-quote__text\">L\u2019a\u00e9roport est un atout strat\u00e9gique pour l\u2019\u00e9conomie r\u00e9gionale<\/p>\n<p>            Roch Brancour, vice-pr\u00e9sident de la R\u00e9gion Pays de la Loire charg\u00e9 des transports\n    <\/p><\/blockquote>\n<p class=\"fig-paragraph\">Cette prise de position a fait bondir le vice-pr\u00e9sident de la\u00a0<a href=\"http:\/\/www.lefigaro.fr\/politique\/l-ancien-ministre-francois-de-rugy-rejoint-christelle-morancais-a-l-executif-de-la-region-pays-de-la-loire-20250319\" target=\"_blank\" data-fig-type=\"Article\" rel=\"noopener\" data-gtm-custom-categorie=\"navigation\" data-gtm-custom-action=\"crossclick\" data-gtm-custom-label=\"Contextuel\" data-gtm-event=\"customEventSPE\" data-fig-domain=\"LEFIGARO\">R\u00e9gion Pays de la Loire<\/a>\u00a0charg\u00e9 des transports. Dans un communiqu\u00e9 publi\u00e9 le 21 juillet, Roch Brancour hausse le ton. \u00abAlors que la proc\u00e9dure de d\u00e9signation du futur concessionnaire est en cours, la maire de Nantes choisit de s\u2019exprimer publiquement contre le d\u00e9veloppement de la plateforme a\u00e9roportuaire. Elle fait sienne l\u2019id\u00e9ologie d\u00e9croissante de la frange la plus radicale de sa majorit\u00e9, et met volontairement en p\u00e9ril l\u2019attractivit\u00e9 de la m\u00e9tropole nantaise et plus globalement de la R\u00e9gion\u00bb, fustige-t-il. Pour lui, \u00abL\u2019a\u00e9roport est un atout strat\u00e9gique pour l\u2019\u00e9conomie r\u00e9gionale. Avec plus de 7 millions de passagers en 2024 (+7,3 % par rapport \u00e0 2023), il r\u00e9pond \u00e0 une demande forte et croissante. Il est urgent de le moderniser et de l\u2019adapter aux besoins du territoire, pas de l\u2019affaiblir\u00bb. Et d\u2019insister\u00a0: \u00abOpposer d\u00e9veloppement \u00e9conomique et sant\u00e9 des riverains est un d\u00e9bat d\u00e9pass\u00e9. Ce n\u2019est pas l\u2019un\u00a0contre l\u2019autre\u00a0: nous savons aujourd\u2019hui concilier les deux, gr\u00e2ce \u00e0 des outils et des solutions concr\u00e8tes partag\u00e9es.\u00bb<\/p>\n<p class=\"fig-paragraph\">Cette passe d\u2019armes intervient au moment o\u00f9 s\u2019est tenu le 10 juillet un cinqui\u00e8me comit\u00e9 de l\u2019a\u00e9roport. Copr\u00e9sid\u00e9 par le pr\u00e9fet et le d\u00e9l\u00e9gu\u00e9 minist\u00e9riel\u00a0<a href=\"http:\/\/www.lefigaro.fr\/nantes\/aeroport-de-nantes-le-gouvernement-nomme-un-pilote-du-chantier-a-venir-20240318\" target=\"_blank\" data-fig-type=\"NewsFlash\" rel=\"noopener\" data-gtm-custom-categorie=\"navigation\" data-gtm-custom-action=\"crossclick\" data-gtm-custom-label=\"Contextuel\" data-gtm-event=\"customEventSPE\" data-fig-domain=\"LEFIGARO\">Emmanuel Mercenier<\/a>, il a permis de faire le point sur plusieurs dossiers, dont le calendrier de l\u2019appel d\u2019offres en vue de la nouvelle concession. Les offres d\u00e9finitives des candidats sont attendues pour l\u2019automne. \u00abL\u2019\u00c9tat a con\u00e7u le DCE (Dossier de consultation des entreprises; c\u2019est-\u00e0-dire le cahier des charges, NDLR) en lien avec le territoire dont les \u00e9lus, de sorte \u00e0 inciter le futur concessionnaire \u00e0 un d\u00e9veloppement ma\u00eetris\u00e9 de l\u2019activit\u00e9 de l\u2019a\u00e9roport, ax\u00e9 sur la qualit\u00e9 de service et la modernisation des infrastructures, en veillant \u00e0 minimiser les nuisances pour les populations. L\u2019am\u00e9nagement sera sobre en d\u00e9veloppement et ambitieux en mati\u00e8re environnementale\u00bb, a rappel\u00e9 la pr\u00e9fecture dans un communiqu\u00e9 envoy\u00e9 apr\u00e8s cette r\u00e9union rassemblant notamment des \u00e9lus et acteurs socio-\u00e9conomiques et associations.<\/p>\n","protected":false},"excerpt":{"rendered":"Johanna Rolland a plaid\u00e9 pour des mesures de r\u00e9gulation du trafic. Un \u00e9lu r\u00e9gional lui a r\u00e9pondu, estimant&hellip;\n","protected":false},"author":2,"featured_media":265794,"comment_status":"","ping_status":"","sticky":false,"template":"","format":"standard","meta":{"footnotes":""},"categories":[2818],"tags":[1111,11,663,1777,674,1011,27,766,12,2636,25],"class_list":{"0":"post-265793","1":"post","2":"type-post","3":"status-publish","4":"format-standard","5":"has-post-thumbnail","7":"category-nantes","8":"tag-actu","9":"tag-actualites","10":"tag-aeroport","11":"tag-eu","12":"tag-europe","13":"tag-fr","14":"tag-france","15":"tag-nantes","16":"tag-news","17":"tag-pays-de-la-loire","18":"tag-republique-francaise"},"share_on_mastodon":{"url":"https:\/\/pubeurope.com\/@fr\/114897412637750863","error":""},"_links":{"self":[{"href":"https:\/\/www.europesays.com\/fr\/wp-json\/wp\/v2\/posts\/265793","targetHints":{"allow":["GET"]}}],"collection":[{"href":"https:\/\/www.europesays.com\/fr\/wp-json\/wp\/v2\/posts"}],"about":[{"href":"https:\/\/www.europesays.com\/fr\/wp-json\/wp\/v2\/types\/post"}],"author":[{"embeddable":true,"href":"https:\/\/www.europesays.com\/fr\/wp-json\/wp\/v2\/users\/2"}],"replies":[{"embeddable":true,"href":"https:\/\/www.europesays.com\/fr\/wp-json\/wp\/v2\/comments?post=265793"}],"version-history":[{"count":0,"href":"https:\/\/www.europesays.com\/fr\/wp-json\/wp\/v2\/posts\/265793\/revisions"}],"wp:featuredmedia":[{"embeddable":true,"href":"https:\/\/www.europesays.com\/fr\/wp-json\/wp\/v2\/media\/265794"}],"wp:attachment":[{"href":"https:\/\/www.europesays.com\/fr\/wp-json\/wp\/v2\/media?parent=265793"}],"wp:term":[{"taxonomy":"category","embeddable":true,"href":"https:\/\/www.europesays.com\/fr\/wp-json\/wp\/v2\/categories?post=265793"},{"taxonomy":"post_tag","embeddable":true,"href":"https:\/\/www.europesays.com\/fr\/wp-json\/wp\/v2\/tags?post=265793"}],"curies":[{"name":"wp","href":"https:\/\/api.w.org\/{rel}","templated":true}]}}