{"id":265801,"date":"2025-07-22T14:45:15","date_gmt":"2025-07-22T14:45:15","guid":{"rendered":"https:\/\/www.europesays.com\/fr\/265801\/"},"modified":"2025-07-22T14:45:15","modified_gmt":"2025-07-22T14:45:15","slug":"un-jeune-homme-tue-par-balle-en-pleine-rue-haute-garonne","status":"publish","type":"post","link":"https:\/\/www.europesays.com\/fr\/265801\/","title":{"rendered":"Un jeune homme tu\u00e9 par balle en pleine rue &#8211; Haute Garonne"},"content":{"rendered":"<p>                    <img width=\"2560\" height=\"1707\" src=\"https:\/\/www.europesays.com\/fr\/wp-content\/uploads\/2025\/07\/anil-sharma-yAUc5NqD-LU-unsplash-scaled.jpg\" class=\"img-fluid landscape wp-post-image\" alt=\"Une enqu\u00eate est ouverte pour d\u00e9couvrir le responsable de cet homicide\" itemprop=\"image\" decoding=\"async\" fetchpriority=\"high\"  \/>                    <\/p>\n<p itemprop=\"name\">\n                                                Une enqu\u00eate est ouverte pour d\u00e9couvrir le responsable de cet homicide<br \/>\n                         Cr\u00e9dits :<br \/>\n                            Unsplash\n                                                <\/p>\n<p>Dans la nuit du dimanche 20 au lundi 21 juillet, un jeune homme de 19 ans a \u00e9t\u00e9 bless\u00e9 par balle dans la rue Pasteur, sur la commune de Blagnac. Malgr\u00e9 l&rsquo;intervention des sapeurs-pompiers et du SAMU, la victime a \u00e9t\u00e9 d\u00e9clar\u00e9e d\u00e9c\u00e9d\u00e9e. \u00ab\u00c0 ce stade, si aucune piste n&rsquo;est privil\u00e9gi\u00e9e par les forces de police, il appara\u00eet cependant que le r\u00e8glement de comptes n&rsquo;aurait aucun lien avec un quelconque trafic de drogues.\u00bb, d\u00e9voile le maire de Blagnac, Joseph Carles. Il ajoute :\u00abBien s\u00fbr, en lien \u00e9troit avec la Police Nationale et la Police Municipale, je suis, heure par heure, l&rsquo;avanc\u00e9e de l&rsquo;enqu\u00eate et la remont\u00e9e d&rsquo;\u00e9ventuels nouveaux \u00e9l\u00e9ments.\u00bb La Mairie met \u00e0 la disposition des enqu\u00eateurs les enregistrements issus du dispositif de vid\u00e9oprotection communal, afin de reconstituer les faits et identifier les auteurs de cet acte.\u00a0<\/p>\n<p>                Cet article est r\u00e9serv\u00e9 aux abonn\u00e9s.<\/p>\n<p class=\"signature\" itemscope=\"\" itemprop=\"Author\" itemtype=\"http:\/\/schema.org\/Person\">\n                MS31\n            <\/p>\n","protected":false},"excerpt":{"rendered":"Une enqu\u00eate est ouverte pour d\u00e9couvrir le responsable de cet homicide Cr\u00e9dits : Unsplash Dans la nuit du&hellip;\n","protected":false},"author":2,"featured_media":265802,"comment_status":"","ping_status":"","sticky":false,"template":"","format":"standard","meta":{"footnotes":""},"categories":[2816],"tags":[1111,11,1777,674,1011,27,12,2680,301,25,2312],"class_list":{"0":"post-265801","1":"post","2":"type-post","3":"status-publish","4":"format-standard","5":"has-post-thumbnail","7":"category-toulouse","8":"tag-actu","9":"tag-actualites","10":"tag-eu","11":"tag-europe","12":"tag-fr","13":"tag-france","14":"tag-news","15":"tag-occitanie","16":"tag-premium","17":"tag-republique-francaise","18":"tag-toulouse"},"share_on_mastodon":{"url":"https:\/\/pubeurope.com\/@fr\/114897428460937781","error":""},"_links":{"self":[{"href":"https:\/\/www.europesays.com\/fr\/wp-json\/wp\/v2\/posts\/265801","targetHints":{"allow":["GET"]}}],"collection":[{"href":"https:\/\/www.europesays.com\/fr\/wp-json\/wp\/v2\/posts"}],"about":[{"href":"https:\/\/www.europesays.com\/fr\/wp-json\/wp\/v2\/types\/post"}],"author":[{"embeddable":true,"href":"https:\/\/www.europesays.com\/fr\/wp-json\/wp\/v2\/users\/2"}],"replies":[{"embeddable":true,"href":"https:\/\/www.europesays.com\/fr\/wp-json\/wp\/v2\/comments?post=265801"}],"version-history":[{"count":0,"href":"https:\/\/www.europesays.com\/fr\/wp-json\/wp\/v2\/posts\/265801\/revisions"}],"wp:featuredmedia":[{"embeddable":true,"href":"https:\/\/www.europesays.com\/fr\/wp-json\/wp\/v2\/media\/265802"}],"wp:attachment":[{"href":"https:\/\/www.europesays.com\/fr\/wp-json\/wp\/v2\/media?parent=265801"}],"wp:term":[{"taxonomy":"category","embeddable":true,"href":"https:\/\/www.europesays.com\/fr\/wp-json\/wp\/v2\/categories?post=265801"},{"taxonomy":"post_tag","embeddable":true,"href":"https:\/\/www.europesays.com\/fr\/wp-json\/wp\/v2\/tags?post=265801"}],"curies":[{"name":"wp","href":"https:\/\/api.w.org\/{rel}","templated":true}]}}