{"id":265812,"date":"2025-07-22T14:51:14","date_gmt":"2025-07-22T14:51:14","guid":{"rendered":"https:\/\/www.europesays.com\/fr\/265812\/"},"modified":"2025-07-22T14:51:14","modified_gmt":"2025-07-22T14:51:14","slug":"il-poignarde-dans-le-dos-le-nouveau-compagnon-de-son-ex-le-suspect-incarcere","status":"publish","type":"post","link":"https:\/\/www.europesays.com\/fr\/265812\/","title":{"rendered":"il poignarde dans le dos le nouveau compagnon de son ex, le suspect incarc\u00e9r\u00e9"},"content":{"rendered":"<p itemprop=\"description\"><strong>Le son des gyrophares a rythm\u00e9 la journ\u00e9e de samedi \u00e0 Saint-Fons.<\/strong><\/p>\n<p><strong>Mise \u00e0 jour : <\/strong>En fuite, le mis en cause avait \u00e9t\u00e9\u00a0interpell\u00e9 dans le week-end. Mis en examen pour tentative de meurtre, le suspect de l\u2019agression au couteau survenue samedi 19 juillet \u00e0 Saint-Fons a \u00e9t\u00e9 incarc\u00e9r\u00e9 ce lundi. <\/p>\n<p>Selon le parquet, l\u2019information judiciaire en cours vise des faits de \u00ab\u00a0tentative de meurtre par une personne \u00e9tant ou ayant \u00e9t\u00e9 conjoint, concubin ou partenaire li\u00e9 \u00e0 la victime par un pacte civil de solidarit\u00e9\u00a0\u00bb et de \u00ab\u00a0tentative de meurtre.\u00a0\u00bb\u00a0<\/p>\n<p><strong>Article initial 20 juillet 2025<\/strong> : Apr\u00e8s <a href=\"https:\/\/www.lyonmag.com\/article\/145476\/pres-de-lyon-un-homme-poignarde-a-mort-a-saint-fons-un-suspect-s-est-rendu-au-commissariat\" target=\"_blank\" rel=\"noopener\">l&rsquo;agression mortelle au couteau<\/a> t\u00f4t dans la matin\u00e9e dans le quartier de l&rsquo;Arsenal, une seconde altercation durant laquelle une arme blanche a \u00e9t\u00e9 utilis\u00e9e s&rsquo;est produite vers 16h dans l&rsquo;apr\u00e8s-midi.<\/p>\n<p>Cette fois, c&rsquo;est un homme qui s&rsquo;en est pris au nouveau compagnon de son ex. Il l&rsquo;a poignard\u00e9 \u00e0 plusieurs reprises dans le dos, tandis que la jeune femme \u00e9tait \u00e9galement bless\u00e9e en tentant de s&rsquo;interposer.<\/p>\n<p>L&rsquo;agresseur est actuellement en cavale et est activement recherch\u00e9.<\/p>\n<p>Sa victime principale, \u00e2g\u00e9e de 22 ans, se trouvait dans un \u00e9tat critique au moment d&rsquo;\u00eatre hospitalis\u00e9e.<\/p>\n","protected":false},"excerpt":{"rendered":"Le son des gyrophares a rythm\u00e9 la journ\u00e9e de samedi \u00e0 Saint-Fons. Mise \u00e0 jour : En fuite,&hellip;\n","protected":false},"author":2,"featured_media":261292,"comment_status":"","ping_status":"","sticky":false,"template":"","format":"standard","meta":{"footnotes":""},"categories":[1889],"tags":[1111,11,2813,2190,2430,1109,251,1112,2811,1777,674,118,1011,27,1922,1110,1114,2428,2810,12,241,316,25,2812,517,800],"class_list":{"0":"post-265812","1":"post","2":"type-post","3":"status-publish","4":"format-standard","5":"has-post-thumbnail","7":"category-lyon","8":"tag-actu","9":"tag-actualites","10":"tag-article","11":"tag-asvel","12":"tag-auvergne-rhone-alpes","13":"tag-breves","14":"tag-culture","15":"tag-depeches","16":"tag-economique","17":"tag-eu","18":"tag-europe","19":"tag-faits-divers","20":"tag-fr","21":"tag-france","22":"tag-info","23":"tag-informations","24":"tag-infos","25":"tag-lyon","26":"tag-lyonmag","27":"tag-news","28":"tag-ol","29":"tag-politique","30":"tag-republique-francaise","31":"tag-sociale","32":"tag-sport","33":"tag-transports"},"share_on_mastodon":{"url":"https:\/\/pubeurope.com\/@fr\/114897452021997315","error":""},"_links":{"self":[{"href":"https:\/\/www.europesays.com\/fr\/wp-json\/wp\/v2\/posts\/265812","targetHints":{"allow":["GET"]}}],"collection":[{"href":"https:\/\/www.europesays.com\/fr\/wp-json\/wp\/v2\/posts"}],"about":[{"href":"https:\/\/www.europesays.com\/fr\/wp-json\/wp\/v2\/types\/post"}],"author":[{"embeddable":true,"href":"https:\/\/www.europesays.com\/fr\/wp-json\/wp\/v2\/users\/2"}],"replies":[{"embeddable":true,"href":"https:\/\/www.europesays.com\/fr\/wp-json\/wp\/v2\/comments?post=265812"}],"version-history":[{"count":0,"href":"https:\/\/www.europesays.com\/fr\/wp-json\/wp\/v2\/posts\/265812\/revisions"}],"wp:featuredmedia":[{"embeddable":true,"href":"https:\/\/www.europesays.com\/fr\/wp-json\/wp\/v2\/media\/261292"}],"wp:attachment":[{"href":"https:\/\/www.europesays.com\/fr\/wp-json\/wp\/v2\/media?parent=265812"}],"wp:term":[{"taxonomy":"category","embeddable":true,"href":"https:\/\/www.europesays.com\/fr\/wp-json\/wp\/v2\/categories?post=265812"},{"taxonomy":"post_tag","embeddable":true,"href":"https:\/\/www.europesays.com\/fr\/wp-json\/wp\/v2\/tags?post=265812"}],"curies":[{"name":"wp","href":"https:\/\/api.w.org\/{rel}","templated":true}]}}