{"id":265826,"date":"2025-07-22T14:59:10","date_gmt":"2025-07-22T14:59:10","guid":{"rendered":"https:\/\/www.europesays.com\/fr\/265826\/"},"modified":"2025-07-22T14:59:10","modified_gmt":"2025-07-22T14:59:10","slug":"kremlin-la-russie-espere-reprendre-les-negociations-de-paix-avec-lukraine-cette-semaine","status":"publish","type":"post","link":"https:\/\/www.europesays.com\/fr\/265826\/","title":{"rendered":"Kremlin : La Russie esp\u00e8re reprendre les n\u00e9gociations de paix avec l&rsquo;Ukraine cette semaine"},"content":{"rendered":"<p textalign=\"left\" class=\"\">Le Kremlin a exprim\u00e9 mardi un optimisme prudent quant \u00e0 une \u00e9ventuelle reprise des n\u00e9gociations de paix russo-ukrainiennes cette semaine, alors que la diplomatie entre les deux pays reprend timidement dans un contexte de conflit complexe et prolong\u00e9.<\/p>\n<p textalign=\"left\" class=\"\">\u00ab\u00a0Nous esp\u00e9rons que les n\u00e9gociations auront lieu cette semaine. D\u00e8s que nous serons pr\u00eats, nous annoncerons le calendrier\u00a0\u00bb, a d\u00e9clar\u00e9 le porte-parole du Kremlin, Dmitri Peskov, aux journalistes mardi, lors d&rsquo;un point de presse \u00e0 Moscou.<\/p>\n<p textalign=\"left\" class=\"\">Tout en signalant la volont\u00e9 de Moscou de participer, Peskov a temp\u00e9r\u00e9 les attentes, avertissant qu&rsquo;il ne fallait pas s&rsquo;attendre \u00e0 des \u00ab\u00a0avanc\u00e9es miraculeuses\u00a0\u00bb des n\u00e9gociations.<\/p>\n<p textalign=\"left\" class=\"\">Il a qualifi\u00e9 le conflit en cours et les efforts diplomatiques de \u00ab\u00a0si complexes\u00a0\u00bb que m\u00eame des accords limit\u00e9s, tels que des \u00e9changes de prisonniers, devraient \u00eatre consid\u00e9r\u00e9s comme des progr\u00e8s significatifs.<\/p>\n<p textalign=\"left\" class=\"\">\u00c9voquant les r\u00e9sultats des n\u00e9gociations pr\u00e9c\u00e9dentes, Peskov a cit\u00e9 l&rsquo;accord du mois dernier concernant l&rsquo;\u00e9change de prisonniers de guerre suppl\u00e9mentaires \u2013 en particulier les plus jeunes et les plus gravement bless\u00e9s \u2013 ainsi que le rapatriement des corps de 6 000 soldats tomb\u00e9s au combat de chaque c\u00f4t\u00e9.<\/p>\n<p textalign=\"left\" class=\"\"><strong>Zelensky confirme la Turquie comme pays h\u00f4te<\/strong><\/p>\n<p textalign=\"left\" class=\"\">De son c\u00f4t\u00e9, le pr\u00e9sident ukrainien Volodymyr Zelensky a annonc\u00e9 lundi soir, dans une allocution vid\u00e9o, que le prochain cycle de n\u00e9gociations de paix se tiendrait mercredi en Turquie.<\/p>\n<p textalign=\"left\" class=\"\">Istanbul avait d\u00e9j\u00e0 accueilli deux cycles de n\u00e9gociations \u2013 les 16 mai et 2 juin \u2013 visant \u00e0 relancer la diplomatie directe entre Moscou et Kiev, apr\u00e8s des mois d&rsquo;impasse.<\/p>\n<p textalign=\"left\" class=\"\">Malgr\u00e9 les progr\u00e8s r\u00e9alis\u00e9s sur les questions humanitaires, Peskov a soulign\u00e9 que le d\u00e9cret de 2022 de Kiev interdisant les n\u00e9gociations directes avec le pr\u00e9sident russe Vladimir Poutine demeure un obstacle majeur.<\/p>\n<p textalign=\"left\" class=\"\">Il a \u00e9galement not\u00e9 que les discussions futures devront inclure une r\u00e9vision des projets de m\u00e9morandums \u00e9chang\u00e9s lors des cycles de n\u00e9gociations pr\u00e9c\u00e9dents.<\/p>\n<p textalign=\"left\" class=\"\">\u00ab\u00a0Je n&rsquo;\u00e9valuerais pas du tout les d\u00e9lais potentiels pour parvenir \u00e0 un r\u00e8glement en Ukraine\u00a0\u00bb, a conclu Peskov. \u00ab\u00a0Cela d\u00e9pend de nombreux facteurs, et toute pr\u00e9vision actuelle serait erron\u00e9e.\u00a0\u00bb<\/p>\n<p textalign=\"left\" class=\"\">Bien que le Kremlin se dise dispos\u00e9 \u00e0 n\u00e9gocier, une r\u00e9solution politique compl\u00e8te du conflit semble encore lointaine.<\/p>\n","protected":false},"excerpt":{"rendered":"Le Kremlin a exprim\u00e9 mardi un optimisme prudent quant \u00e0 une \u00e9ventuelle reprise des n\u00e9gociations de paix russo-ukrainiennes&hellip;\n","protected":false},"author":2,"featured_media":265827,"comment_status":"","ping_status":"","sticky":false,"template":"","format":"standard","meta":{"footnotes":""},"categories":[1591],"tags":[11,1887,12,1885,1886,132],"class_list":{"0":"post-265826","1":"post","2":"type-post","3":"status-publish","4":"format-standard","5":"has-post-thumbnail","7":"category-russie","8":"tag-actualites","9":"tag-federation-de-russie","10":"tag-news","11":"tag-russia","12":"tag-russian-federation","13":"tag-russie"},"share_on_mastodon":{"url":"https:\/\/pubeurope.com\/@fr\/114897483534908915","error":""},"_links":{"self":[{"href":"https:\/\/www.europesays.com\/fr\/wp-json\/wp\/v2\/posts\/265826","targetHints":{"allow":["GET"]}}],"collection":[{"href":"https:\/\/www.europesays.com\/fr\/wp-json\/wp\/v2\/posts"}],"about":[{"href":"https:\/\/www.europesays.com\/fr\/wp-json\/wp\/v2\/types\/post"}],"author":[{"embeddable":true,"href":"https:\/\/www.europesays.com\/fr\/wp-json\/wp\/v2\/users\/2"}],"replies":[{"embeddable":true,"href":"https:\/\/www.europesays.com\/fr\/wp-json\/wp\/v2\/comments?post=265826"}],"version-history":[{"count":0,"href":"https:\/\/www.europesays.com\/fr\/wp-json\/wp\/v2\/posts\/265826\/revisions"}],"wp:featuredmedia":[{"embeddable":true,"href":"https:\/\/www.europesays.com\/fr\/wp-json\/wp\/v2\/media\/265827"}],"wp:attachment":[{"href":"https:\/\/www.europesays.com\/fr\/wp-json\/wp\/v2\/media?parent=265826"}],"wp:term":[{"taxonomy":"category","embeddable":true,"href":"https:\/\/www.europesays.com\/fr\/wp-json\/wp\/v2\/categories?post=265826"},{"taxonomy":"post_tag","embeddable":true,"href":"https:\/\/www.europesays.com\/fr\/wp-json\/wp\/v2\/tags?post=265826"}],"curies":[{"name":"wp","href":"https:\/\/api.w.org\/{rel}","templated":true}]}}