{"id":265828,"date":"2025-07-22T15:00:09","date_gmt":"2025-07-22T15:00:09","guid":{"rendered":"https:\/\/www.europesays.com\/fr\/265828\/"},"modified":"2025-07-22T15:00:09","modified_gmt":"2025-07-22T15:00:09","slug":"en-ukraine-la-grande-offensive-dete-russe-aura-t-elle-lieu","status":"publish","type":"post","link":"https:\/\/www.europesays.com\/fr\/265828\/","title":{"rendered":"En Ukraine, la grande offensive d\u2019\u00e9t\u00e9 russe aura-t-elle lieu ?"},"content":{"rendered":"\n<p>Le 17\u00a0juillet dernier, <a class=\"ithalc\" data-ithal=\"lien_externe\" data-ithalc=\"[nav_article]\" target=\"_blank\" href=\"https:\/\/edition.cnn.com\/2025\/07\/17\/europe\/ukraine-russia-frontline-summer-offensive-intl\" rel=\"noopener\">la cha\u00eene am\u00e9ricaine <strong>CNN<\/strong><\/a> a affirm\u00e9 que \u201cla Russie allait profiter des cinquante jours accord\u00e9s par Trump pour lancer une offensive d\u2019\u00e9t\u00e9 renforc\u00e9e, avec le d\u00e9ploiement de 160\u00a0000\u00a0hommes\u201d, <a class=\"ithalc\" data-ithal=\"lien_externe\" data-ithalc=\"[nav_article]\" target=\"_blank\" href=\"https:\/\/www.unian.ua\/war\/dikiy-rozkritikuvav-material-cnn-pro-nibito-noviy-nastup-rosiji-v-ukrajini-13070697.html?utm_source=unian&amp;utm_medium=read_more_news&amp;utm_campaign=read_more_news_in_post\" rel=\"noopener\">signale l\u2019agence de presse ind\u00e9pendante <strong>Unian<\/strong><\/a><strong>.<\/strong> Quelques jours plus t\u00f4t, <a class=\"ithalc\" data-ithal=\"lien_externe\" data-ithalc=\"[nav_article]\" target=\"_blank\" href=\"https:\/\/24tv.ua\/noviy-nastup-rosiyi-vlitku-2025-roku-naskilki-vin-nebezpechniy_n2870902\" rel=\"noopener\">indique pour sa part la cha\u00eene d\u2019information <strong>24<\/strong><\/a><strong>,<\/strong> c\u2019\u00e9tait <a class=\"ithalc\" data-ithal=\"lien_externe\" data-ithalc=\"[nav_article]\" target=\"_blank\" href=\"https:\/\/www.bild.de\/politik\/ausland-und-internationales\/ukraine-erlebt-schlimme-bombennaechte-warum-gibt-es-so-wenig-hoffnung-68729a6e74e4d975940b58e6?t_ref=https%3A%2F%2Fm.bild.de%2Fpolitik%2Fausland-und-internationales%2Fukraine-erlebt-schlimme-bombennaechte-warum-gibt-es-so-wenig-hoffnung-68729a6e74e4d975940b58e6%3Ft_ref%3Dhttps%3A%2F%2Fwww.bild.de%2Fpolitik%2Fausland-und-internationales%2Fukraine-erlebt-schlimme-bombennaechte-warum-gibt-es-so-wenig-hoffnung-68729a6e74e4d975940b58e6\" rel=\"noopener\">le quotidien allemand <strong>Bild<\/strong><\/a> qui pr\u00e9disait \u201cune nouvelle m\u00e9ga-offensive russe durant la seconde moiti\u00e9 de l\u2019\u00e9t\u00e9, en citant l\u2019\u00e9tat-major russe\u201d.<\/p>\n<p>Ces nouvelles alarmantes trouvent un \u00e9cho dans les m\u00e9dias ukrainiens et aupr\u00e8s de plusieurs experts. \u201cDans les cinquante prochains jours, la F\u00e9d\u00e9ration de Russie va entreprendre un maximum d\u2019efforts pour prendre Pokrovsk en tenailles et pour obliger nos forces \u00e0 abandonner la ville\u201d, pr\u00e9vient ainsi l\u2019analyste Ivan\u00a0Stoupak, ancien du SBU, <a class=\"ithalc\" data-ithal=\"lien_externe\" data-ithalc=\"[nav_article]\" target=\"_blank\" href=\"https:\/\/tsn.ua\/ato\/tsil-putina-na-50-dniv-ekspert-nazvav-osnovnyy-napriamok-udaru-rf-2874338.html\" rel=\"noopener\">repris par l\u2019\u00e9mission d\u2019information <strong>TSN<\/strong><\/a><strong>.<\/strong><\/p>\n<p>C\u2019est la situation dans la r\u00e9gion de Donetsk qui pr\u00e9occupe particuli\u00e8rement les journalistes ukrainiens, surtout, en effet, autour de la ville de Pokrovsk. <a class=\"ithalc\" data-ithal=\"lien_externe\" data-ithalc=\"[nav_article]\" target=\"_blank\" href=\"https:\/\/molbuk.ua\/ukraine\/341219-litnii-nastup-rosii-dosiag-kulminacii-iak-zminylasia-sytuaciia-na-fronti.html\" rel=\"noopener\">La publication r\u00e9gionale <strong>Molodiy\u00a0Boukovynets<\/strong><\/a> brosse par exemple un tableau dramatique des \u00e9v\u00e9nements dans le Donbass\u00a0:<\/p>\n<blockquote><p>\u201cLa Russie contr\u00f4le plus des deux tiers de la r\u00e9gion de Donetsk. [\u2026] Gr\u00e2ce \u00e0 ses attaques, elle a r\u00e9alis\u00e9 sa plus grande acquisition territoriale au cours des se<\/p><\/blockquote>\n","protected":false},"excerpt":{"rendered":"Le 17\u00a0juillet dernier, la cha\u00eene am\u00e9ricaine CNN a affirm\u00e9 que \u201cla Russie allait profiter des cinquante jours accord\u00e9s&hellip;\n","protected":false},"author":2,"featured_media":265829,"comment_status":"","ping_status":"","sticky":false,"template":"","format":"standard","meta":{"footnotes":""},"categories":[1590],"tags":[11,8998,1777,674,1892,131,12,220],"class_list":{"0":"post-265828","1":"post","2":"type-post","3":"status-publish","4":"format-standard","5":"has-post-thumbnail","7":"category-ukraine","8":"tag-actualites","9":"tag-donbass","10":"tag-eu","11":"tag-europe","12":"tag-gu00e9opolitique","13":"tag-guerre-en-ukraine","14":"tag-news","15":"tag-ukraine"},"share_on_mastodon":{"url":"https:\/\/pubeurope.com\/@fr\/114897487500734183","error":""},"_links":{"self":[{"href":"https:\/\/www.europesays.com\/fr\/wp-json\/wp\/v2\/posts\/265828","targetHints":{"allow":["GET"]}}],"collection":[{"href":"https:\/\/www.europesays.com\/fr\/wp-json\/wp\/v2\/posts"}],"about":[{"href":"https:\/\/www.europesays.com\/fr\/wp-json\/wp\/v2\/types\/post"}],"author":[{"embeddable":true,"href":"https:\/\/www.europesays.com\/fr\/wp-json\/wp\/v2\/users\/2"}],"replies":[{"embeddable":true,"href":"https:\/\/www.europesays.com\/fr\/wp-json\/wp\/v2\/comments?post=265828"}],"version-history":[{"count":0,"href":"https:\/\/www.europesays.com\/fr\/wp-json\/wp\/v2\/posts\/265828\/revisions"}],"wp:featuredmedia":[{"embeddable":true,"href":"https:\/\/www.europesays.com\/fr\/wp-json\/wp\/v2\/media\/265829"}],"wp:attachment":[{"href":"https:\/\/www.europesays.com\/fr\/wp-json\/wp\/v2\/media?parent=265828"}],"wp:term":[{"taxonomy":"category","embeddable":true,"href":"https:\/\/www.europesays.com\/fr\/wp-json\/wp\/v2\/categories?post=265828"},{"taxonomy":"post_tag","embeddable":true,"href":"https:\/\/www.europesays.com\/fr\/wp-json\/wp\/v2\/tags?post=265828"}],"curies":[{"name":"wp","href":"https:\/\/api.w.org\/{rel}","templated":true}]}}