{"id":265830,"date":"2025-07-22T15:01:24","date_gmt":"2025-07-22T15:01:24","guid":{"rendered":"https:\/\/www.europesays.com\/fr\/265830\/"},"modified":"2025-07-22T15:01:24","modified_gmt":"2025-07-22T15:01:24","slug":"astrazeneca-va-investir-50-milliards-de-dollars-aux-etats-unis-dici-2030","status":"publish","type":"post","link":"https:\/\/www.europesays.com\/fr\/265830\/","title":{"rendered":"AstraZeneca va investir 50 milliards de dollars aux \u00c9tats-Unis d&rsquo;ici 2030"},"content":{"rendered":"<p>\n<strong>Le g\u00e9ant pharmaceutique su\u00e9do-britannique<\/strong><strong> AstraZeneca a le 21 juillet annonc\u00e9 un investissement de 50 milliards de dollars aux \u00c9tats-Unis d&rsquo;ici 2030, alors que l&rsquo;administration Trump menace d&rsquo;imposer des droits de douane massifs contre les produits europ\u00e9ens.<\/strong>\n<\/p>\n<p align=\"justify\">Pascal Soriot, le PDG d&rsquo;AstraZeneca, <a href=\"https:\/\/www.astrazeneca.com\/media-centre\/press-releases\/2025\/astrazeneca-plans-to-invest-50bn-dollars-in-the-us.html\" rel=\"nofollow noopener\" target=\"_blank\">a annonc\u00e9<\/a> depuis Washington que son groupe allait ces cinq prochaines ann\u00e9es investir 50 milliards de dollars aux \u00c9tats-Unis, afin d&rsquo;\u00e9tendre ses capacit\u00e9s de production outre-Atlantique.<\/p>\n<p align=\"justify\">Ces investissements devraient permettre au groupe d\u2019atteindre un chiffre d\u2019affaires de 80 milliards de dollars, dont la moiti\u00e9 sera g\u00e9n\u00e9r\u00e9 aux \u00c9tats-Unis. Ils permettront la construction d\u2019une nouvelle usine de m\u00e9dicaments en Virginie et l&rsquo;agrandissement de centres de recherche bas\u00e9s dans le Maryland, le Massachusetts, la Californie, l&rsquo;Indiana et le Texas.<\/p>\n<p align=\"justify\">Ces annonces interviennent alors que d\u2019autres grandes entreprises ont annonc\u00e9 des plans similaires ces derniers mois, comme <a href=\"https:\/\/www.euractiv.com\/section\/health-consumers\/news\/roche-invests-50-billion-in-us-in-hopes-of-dodging-trump-tariffs\/\" rel=\"nofollow noopener\" target=\"_blank\">Roche<\/a> \u2013 qui doit \u00e9galement investir 50 milliards de dollars aux \u00c9tats-Unis &#8211; Novartis, Sanofi et Johnson &amp; Johnson.<\/p>\n<p align=\"justify\">Pour les analystes, beaucoup de ces investissements \u00e9taient cependant pr\u00e9vus depuis un certain temps. \u00c0 Bruxelles, ces annonces <a href=\"https:\/\/www.euractiv.com\/section\/health-consumers\/news\/roches-50bn-us-move-fuels-mep-doubts-over-eus-grip-on-pharma\/\" rel=\"nofollow noopener\" target=\"_blank\">renforcent<\/a> pourtant la crainte d\u2019un exode des grandes entreprises pharmaceutiques europ\u00e9ennes outre-Atlantique.<\/p>\n<p><b>Trump <\/b><b>menace<\/b><b> d&rsquo;imposer des droits de douane de 200 %<\/b><\/p>\n<p>\nCes investissements sont il est vrai largement dict\u00e9s par les menaces de l\u2019administration Trump d\u2019<a href=\"https:\/\/www.euractiv.com\/section\/health-consumers\/news\/trump-to-probably-impose-pharma-tariffs-in-august-urges-eu-investment\/\" rel=\"nofollow noopener\" target=\"_blank\">imposer<\/a> des droits de douane massifs sur le secteur pharmaceutique. Ces derniers mois, le pr\u00e9sident am\u00e9ricain a r\u00e9it\u00e9r\u00e9 son intention de stimuler la production nationale de m\u00e9dicaments.\n<\/p>\n<p align=\"justify\">Les produits pharmaceutiques repr\u00e9sentent un tiers des exportations europ\u00e9ennes vers les \u00c9tats-Unis, l&rsquo;UE enregistrant un exc\u00e9dent commercial de 70 milliards d&rsquo;euros dans ce secteur.<\/p>\n<p align=\"justify\">Pour rem\u00e9dier \u00e0 ce d\u00e9s\u00e9quilibre, Trump a menac\u00e9 en juillet d&rsquo;imposer des droits de douane de 200 % sur certains m\u00e9dicaments, d\u00e9clarant que les fabricants auraient \u00ab un \u00e0 deux ans \u00bb pour rapatrier leur production aux \u00c9tats-Unis.<\/p>\n<p align=\"justify\">\u00ab Depuis des d\u00e9cennies, les Am\u00e9ricains d\u00e9pendent de l&rsquo;\u00e9tranger pour leurs approvisionnements pharmaceutiques essentiels. Le pr\u00e9sident Trump et nos nouvelles politiques tarifaires visent \u00e0 corriger cette faiblesse structurelle \u00bb, a comment\u00e9 le secr\u00e9taire am\u00e9ricain au Commerce, Howard Lutnick.<\/p>\n<p align=\"justify\">\u00ab Nous sommes fiers qu&rsquo;AstraZeneca ait choisi de d\u00e9localiser une partie importante de sa production pharmaceutique \u00bb, a-t-il ajout\u00e9.<\/p>\n<p align=\"justify\">La menace des taxes am\u00e9ricaines a certainement jou\u00e9 dans la d\u00e9cision du groupe pharmaceutique su\u00e9do-britannique, mais l\u2019entreprise avait d\u00e9j\u00e0 choisi de se concentrer sur le march\u00e9 am\u00e9ricain avant m\u00eame que Donald Trump ne revienne \u00e0 la Maison Blanche. En 2024, l&rsquo;entreprise avait r\u00e9alis\u00e9 40 % de son chiffre d&rsquo;affaires aux \u00c9tats-Unis.<\/p>\n","protected":false},"excerpt":{"rendered":"Le g\u00e9ant pharmaceutique su\u00e9do-britannique AstraZeneca a le 21 juillet annonc\u00e9 un investissement de 50 milliards de dollars aux&hellip;\n","protected":false},"author":2,"featured_media":265831,"comment_status":"","ping_status":"","sticky":false,"template":"","format":"standard","meta":{"footnotes":""},"categories":[1589],"tags":[11,73,1866,12,1864,1865,1863,308],"class_list":{"0":"post-265830","1":"post","2":"type-post","3":"status-publish","4":"format-standard","5":"has-post-thumbnail","7":"category-etats-unis","8":"tag-actualites","9":"tag-etats-unis","10":"tag-etats-unis-damerique","11":"tag-news","12":"tag-united-states","13":"tag-united-states-of-america","14":"tag-us","15":"tag-usa"},"share_on_mastodon":{"url":"https:\/\/pubeurope.com\/@fr\/114897491387007006","error":""},"_links":{"self":[{"href":"https:\/\/www.europesays.com\/fr\/wp-json\/wp\/v2\/posts\/265830","targetHints":{"allow":["GET"]}}],"collection":[{"href":"https:\/\/www.europesays.com\/fr\/wp-json\/wp\/v2\/posts"}],"about":[{"href":"https:\/\/www.europesays.com\/fr\/wp-json\/wp\/v2\/types\/post"}],"author":[{"embeddable":true,"href":"https:\/\/www.europesays.com\/fr\/wp-json\/wp\/v2\/users\/2"}],"replies":[{"embeddable":true,"href":"https:\/\/www.europesays.com\/fr\/wp-json\/wp\/v2\/comments?post=265830"}],"version-history":[{"count":0,"href":"https:\/\/www.europesays.com\/fr\/wp-json\/wp\/v2\/posts\/265830\/revisions"}],"wp:featuredmedia":[{"embeddable":true,"href":"https:\/\/www.europesays.com\/fr\/wp-json\/wp\/v2\/media\/265831"}],"wp:attachment":[{"href":"https:\/\/www.europesays.com\/fr\/wp-json\/wp\/v2\/media?parent=265830"}],"wp:term":[{"taxonomy":"category","embeddable":true,"href":"https:\/\/www.europesays.com\/fr\/wp-json\/wp\/v2\/categories?post=265830"},{"taxonomy":"post_tag","embeddable":true,"href":"https:\/\/www.europesays.com\/fr\/wp-json\/wp\/v2\/tags?post=265830"}],"curies":[{"name":"wp","href":"https:\/\/api.w.org\/{rel}","templated":true}]}}