{"id":265846,"date":"2025-07-22T15:09:13","date_gmt":"2025-07-22T15:09:13","guid":{"rendered":"https:\/\/www.europesays.com\/fr\/265846\/"},"modified":"2025-07-22T15:09:13","modified_gmt":"2025-07-22T15:09:13","slug":"jai-fait-quelque-chose-de-terrible-le-golfeur-colerique-brise-le-silence-2","status":"publish","type":"post","link":"https:\/\/www.europesays.com\/fr\/265846\/","title":{"rendered":"\u00abJ\u2019ai fait quelque chose de terrible\u00bb: le golfeur col\u00e9rique brise le silence"},"content":{"rendered":"<p><strong>Un peu plus d\u2019un mois apr\u00e8s avoir saccag\u00e9 des casiers dans le vestiaire du club Oakmont lors de l\u2019Omnium des \u00c9tats-Unis, le golfeur am\u00e9ricain Wyndham Clark s\u2019est finalement confondu en excuses pour ses gestes.<\/strong><\/p>\n<p class=\"toreadalso-fromEMP\"><strong>\u2022 \u00c0 lire aussi: <\/strong><a href=\"https:\/\/www.journaldequebec.com\/2025\/07\/17\/ce-golfeur-americain-devra-apprendre-a-gerer-sa-colere\" target=\"6f39e614-0ed1-40b8-a0e0-4c5f5b29b881\" rel=\"nofollow noopener\"><strong>[\u00c0 VOIR] Ce golfeur am\u00e9ricain devra apprendre \u00e0 g\u00e9rer sa col\u00e8re<\/strong><\/a><\/p>\n<p>Apr\u00e8s avoir sign\u00e9 une quatri\u00e8me place \u00e0 l\u2019Omnium britannique, Clark est revenu sur les \u00e9v\u00e9nements de Pittsburgh, qui ont conduit \u00e0 son bannissement du club.<\/p>\n<p>\u00abJ\u2019ai fait quelque chose de terrible et j\u2019en suis vraiment d\u00e9sol\u00e9. J\u2019esp\u00e8re qu\u2019ils trouveront la force dans leur c\u0153ur de me pardonner, et peut-\u00eatre que dans l\u2019avenir, je pourrai retourner jouer l\u00e0-bas\u00bb, a-t-il comment\u00e9 au sujet des \u00e9v\u00e9nements survenus lors du tournoi du 12 au 15 juin.<\/p>\n<p>  <strong>Sous certaines conditions<\/strong><\/p>\n<p>Dans une lettre qui a \u00e9t\u00e9 rendue publique, les dirigeants du club ont fait savoir que Clark pourrait \u00e9ventuellement regagner sa place au club, sous certaines conditions. Il devra d\u2019abord rembourser les dommages, en plus de suivre une th\u00e9rapie en gestion de la col\u00e8re.<\/p>\n<p>Le club insiste aussi pour qu\u2019il participe \u00e0 une \u0153uvre communautaire.<\/p>\n<p>Il faut savoir que d\u2019autres incidents ont terni l\u2019image de Clark dans les derni\u00e8res ann\u00e9es, notamment en mai lorsqu\u2019il a lanc\u00e9 son b\u00e2ton apr\u00e8s un mauvais coup de d\u00e9part, au championnat de la PGA.<\/p>\n<p>Quant \u00e0 savoir s\u2019il estime qu\u2019il sera en mesure de faire le n\u00e9cessaire pour \u00eatre r\u00e9admis, Clark a indiqu\u00e9 qu\u2019il entendait se conformer \u00e0 certaines conditions, sans toutefois \u00e9voquer directement une th\u00e9rapie.<\/p>\n<p>\u00ab\u00c9videmment, c\u2019est clair que nous allons payer pour les dommages. Sinon, bien s\u00fbr, (&#8230;) je veux redonner \u00e0 la communaut\u00e9 parce que j\u2019ai terni un bel endroit \u00e0 Pittsburgh. Je veux faire tout en mon pouvoir pour leur montrer que ce qui s\u2019est produit ne refl\u00e8te pas la personne que je suis. \u00c7a n\u2019arrivera plus\u00bb, a-t-il promis.<\/p>\n<p>Le golfeur de 31 ans ne s\u2019est pas prononc\u00e9 sur ses chances de voir les portes du club Oakmont s\u2019ouvrir \u00e0 nouveau pour lui.<\/p>\n<p>\u00ab\u00c7a leur appartient. Je ne sais vraiment pas. C\u2019est un endroit et un parcours fantastiques, mais cette d\u00e9cision leur appartient.\u00bb<\/p>\n<p>Par ailleurs, Clark a sembl\u00e9 d\u00e9\u00e7u que les d\u00e9tails des sanctions impos\u00e9es par le club Oakmont aient \u00e9t\u00e9 rendues publiques.<\/p>\n<p>\u00abNous esp\u00e9rions que tout cela reste priv\u00e9. Je n\u2019en dirai pas plus.\u00bb<\/p>\n<p>En collaboration avec nos partenaires<\/p>\n","protected":false},"excerpt":{"rendered":"Un peu plus d\u2019un mois apr\u00e8s avoir saccag\u00e9 des casiers dans le vestiaire du club Oakmont lors de&hellip;\n","protected":false},"author":2,"featured_media":265847,"comment_status":"","ping_status":"","sticky":false,"template":"","format":"standard","meta":{"footnotes":""},"categories":[1418],"tags":[1011,27,1472,60],"class_list":{"0":"post-265846","1":"post","2":"type-post","3":"status-publish","4":"format-standard","5":"has-post-thumbnail","7":"category-golf","8":"tag-fr","9":"tag-france","10":"tag-golf","11":"tag-sports"},"share_on_mastodon":{"url":"https:\/\/pubeurope.com\/@fr\/114897522669598715","error":""},"_links":{"self":[{"href":"https:\/\/www.europesays.com\/fr\/wp-json\/wp\/v2\/posts\/265846","targetHints":{"allow":["GET"]}}],"collection":[{"href":"https:\/\/www.europesays.com\/fr\/wp-json\/wp\/v2\/posts"}],"about":[{"href":"https:\/\/www.europesays.com\/fr\/wp-json\/wp\/v2\/types\/post"}],"author":[{"embeddable":true,"href":"https:\/\/www.europesays.com\/fr\/wp-json\/wp\/v2\/users\/2"}],"replies":[{"embeddable":true,"href":"https:\/\/www.europesays.com\/fr\/wp-json\/wp\/v2\/comments?post=265846"}],"version-history":[{"count":0,"href":"https:\/\/www.europesays.com\/fr\/wp-json\/wp\/v2\/posts\/265846\/revisions"}],"wp:featuredmedia":[{"embeddable":true,"href":"https:\/\/www.europesays.com\/fr\/wp-json\/wp\/v2\/media\/265847"}],"wp:attachment":[{"href":"https:\/\/www.europesays.com\/fr\/wp-json\/wp\/v2\/media?parent=265846"}],"wp:term":[{"taxonomy":"category","embeddable":true,"href":"https:\/\/www.europesays.com\/fr\/wp-json\/wp\/v2\/categories?post=265846"},{"taxonomy":"post_tag","embeddable":true,"href":"https:\/\/www.europesays.com\/fr\/wp-json\/wp\/v2\/tags?post=265846"}],"curies":[{"name":"wp","href":"https:\/\/api.w.org\/{rel}","templated":true}]}}