{"id":265850,"date":"2025-07-22T15:12:14","date_gmt":"2025-07-22T15:12:14","guid":{"rendered":"https:\/\/www.europesays.com\/fr\/265850\/"},"modified":"2025-07-22T15:12:14","modified_gmt":"2025-07-22T15:12:14","slug":"insolite-videos-jannik-sinner-aime-beaucoup-trop-sa-ferrari","status":"publish","type":"post","link":"https:\/\/www.europesays.com\/fr\/265850\/","title":{"rendered":"Insolite, Vid\u00e9os > Jannik Sinner aime beaucoup trop sa Ferrari"},"content":{"rendered":"<p>Connu pour \u00eatre un grand amateur de voitures, notam\u00adment de courses, Jannik Sinner a la chance d\u2019avoir les moyens pour entre\u00adtenir une telle passion.\u00a0<\/p>\n<p>Le r\u00e9cent laur\u00e9at de Wimbledon, o\u00f9 il a empoch\u00e9 pas moins de 3,5 millions d\u2019euros, a \u00e9t\u00e9 film\u00e9 par l\u2019un de ses voisins en train de lustrer de mani\u00e8re tr\u00e8s soign\u00e9e sa magni\u00adfique Ferrari noir aux bandes jaunes.\u00a0<\/p>\n<blockquote class=\"twitter-tweet\">\n<p lang=\"en\" dir=\"ltr\">Jannik Sinner, humble even when it comes to detai\u00adling his 812 Competizione.<br \/>\ud83d\udccdSpotted in Italy \u2014 via TikTok\/simone_danielli <a href=\"https:\/\/t.co\/NK8q7E6r7q\" data-wpel-link=\"external\" target=\"_blank\" rel=\"nofollow external noopener\">pic.twitter.com\/NK8q7E6r7q<\/a><\/p>\n<p>\u2014 The Sinner Times (@sinnertimes) <a href=\"https:\/\/twitter.com\/sinnertimes\/status\/1947263318323847197?ref_src=twsrc%5Etfw\" data-wpel-link=\"external\" target=\"_blank\" rel=\"nofollow external noopener\">July 21,\u00a02025<\/a><\/p><\/blockquote>\n<p>Il n\u2019y a pas \u00e0 dire, le num\u00e9ro 1 mondial est un homme combl\u00e9.\u00a0<\/p>\n<p class=\"post-published-date\" style=\"color: silver; font-size: 75%; text-align: left;\">Publi\u00e9 le mardi 22 juillet 2025 \u00e0 15:45<\/p>\n<p><script async src=\"https:\/\/platform.twitter.com\/widgets.js\" charset=\"utf-8\"><\/script><\/p>\n","protected":false},"excerpt":{"rendered":"Connu pour \u00eatre un grand amateur de voitures, notam\u00adment de courses, Jannik Sinner a la chance d\u2019avoir les&hellip;\n","protected":false},"author":2,"featured_media":265851,"comment_status":"","ping_status":"","sticky":false,"template":"","format":"standard","meta":{"footnotes":""},"categories":[1415],"tags":[1011,27,2127,60,1467],"class_list":{"0":"post-265850","1":"post","2":"type-post","3":"status-publish","4":"format-standard","5":"has-post-thumbnail","7":"category-tennis","8":"tag-fr","9":"tag-france","10":"tag-sinner","11":"tag-sports","12":"tag-tennis"},"share_on_mastodon":{"url":"https:\/\/pubeurope.com\/@fr\/114897534500065002","error":""},"_links":{"self":[{"href":"https:\/\/www.europesays.com\/fr\/wp-json\/wp\/v2\/posts\/265850","targetHints":{"allow":["GET"]}}],"collection":[{"href":"https:\/\/www.europesays.com\/fr\/wp-json\/wp\/v2\/posts"}],"about":[{"href":"https:\/\/www.europesays.com\/fr\/wp-json\/wp\/v2\/types\/post"}],"author":[{"embeddable":true,"href":"https:\/\/www.europesays.com\/fr\/wp-json\/wp\/v2\/users\/2"}],"replies":[{"embeddable":true,"href":"https:\/\/www.europesays.com\/fr\/wp-json\/wp\/v2\/comments?post=265850"}],"version-history":[{"count":0,"href":"https:\/\/www.europesays.com\/fr\/wp-json\/wp\/v2\/posts\/265850\/revisions"}],"wp:featuredmedia":[{"embeddable":true,"href":"https:\/\/www.europesays.com\/fr\/wp-json\/wp\/v2\/media\/265851"}],"wp:attachment":[{"href":"https:\/\/www.europesays.com\/fr\/wp-json\/wp\/v2\/media?parent=265850"}],"wp:term":[{"taxonomy":"category","embeddable":true,"href":"https:\/\/www.europesays.com\/fr\/wp-json\/wp\/v2\/categories?post=265850"},{"taxonomy":"post_tag","embeddable":true,"href":"https:\/\/www.europesays.com\/fr\/wp-json\/wp\/v2\/tags?post=265850"}],"curies":[{"name":"wp","href":"https:\/\/api.w.org\/{rel}","templated":true}]}}