{"id":265852,"date":"2025-07-22T15:14:13","date_gmt":"2025-07-22T15:14:13","guid":{"rendered":"https:\/\/www.europesays.com\/fr\/265852\/"},"modified":"2025-07-22T15:14:13","modified_gmt":"2025-07-22T15:14:13","slug":"les-constructeurs-sunissent-pour-obtenir-plus-de-revenus-de","status":"publish","type":"post","link":"https:\/\/www.europesays.com\/fr\/265852\/","title":{"rendered":"Les constructeurs s&rsquo;unissent pour obtenir plus de revenus de&#8230;"},"content":{"rendered":"<p>Selon les informations obtenues par Motorsport.com, les constructeurs se sont r\u00e9unis le week-end dernier sur le circuit de Brno, afin de sceller une union face aux discussions commerciales avec la Dorna, en charge de ces questions en MotoGP. Ils ont ainsi sign\u00e9 un protocole d&rsquo;accord et choisi Lin Jarvis, ancien patron de Yamaha en comp\u00e9tition toujours actif dans un r\u00f4le de consultant, pour &#8230;<a class=\"more\" href=\"https:\/\/fr.motorsport.com\/motogp\/news\/constructeurs-union-plus-revenus-dorna\/10744115\/?utm_source=RSS&amp;utm_medium=referral&amp;utm_campaign=RSS-ALL&amp;utm_term=News&amp;utm_content=fr\" rel=\"nofollow noopener\" target=\"_blank\">Continuez de lire<\/a><\/p>\n","protected":false},"excerpt":{"rendered":"Selon les informations obtenues par Motorsport.com, les constructeurs se sont r\u00e9unis le week-end dernier sur le circuit de&hellip;\n","protected":false},"author":2,"featured_media":265853,"comment_status":"","ping_status":"","sticky":false,"template":"","format":"standard","meta":{"footnotes":""},"categories":[1413],"tags":[1011,27,1457,1456,60],"class_list":{"0":"post-265852","1":"post","2":"type-post","3":"status-publish","4":"format-standard","5":"has-post-thumbnail","7":"category-moto","8":"tag-fr","9":"tag-france","10":"tag-moto","11":"tag-motocycle","12":"tag-sports"},"share_on_mastodon":{"url":"https:\/\/pubeurope.com\/@fr\/114897542452716219","error":""},"_links":{"self":[{"href":"https:\/\/www.europesays.com\/fr\/wp-json\/wp\/v2\/posts\/265852","targetHints":{"allow":["GET"]}}],"collection":[{"href":"https:\/\/www.europesays.com\/fr\/wp-json\/wp\/v2\/posts"}],"about":[{"href":"https:\/\/www.europesays.com\/fr\/wp-json\/wp\/v2\/types\/post"}],"author":[{"embeddable":true,"href":"https:\/\/www.europesays.com\/fr\/wp-json\/wp\/v2\/users\/2"}],"replies":[{"embeddable":true,"href":"https:\/\/www.europesays.com\/fr\/wp-json\/wp\/v2\/comments?post=265852"}],"version-history":[{"count":0,"href":"https:\/\/www.europesays.com\/fr\/wp-json\/wp\/v2\/posts\/265852\/revisions"}],"wp:featuredmedia":[{"embeddable":true,"href":"https:\/\/www.europesays.com\/fr\/wp-json\/wp\/v2\/media\/265853"}],"wp:attachment":[{"href":"https:\/\/www.europesays.com\/fr\/wp-json\/wp\/v2\/media?parent=265852"}],"wp:term":[{"taxonomy":"category","embeddable":true,"href":"https:\/\/www.europesays.com\/fr\/wp-json\/wp\/v2\/categories?post=265852"},{"taxonomy":"post_tag","embeddable":true,"href":"https:\/\/www.europesays.com\/fr\/wp-json\/wp\/v2\/tags?post=265852"}],"curies":[{"name":"wp","href":"https:\/\/api.w.org\/{rel}","templated":true}]}}