{"id":26586,"date":"2025-04-15T13:13:28","date_gmt":"2025-04-15T13:13:28","guid":{"rendered":"https:\/\/www.europesays.com\/fr\/26586\/"},"modified":"2025-04-15T13:13:28","modified_gmt":"2025-04-15T13:13:28","slug":"bella-hadid-en-tournage-en-plein-paris-pour-la-serie-the-beauty","status":"publish","type":"post","link":"https:\/\/www.europesays.com\/fr\/26586\/","title":{"rendered":"Bella Hadid en tournage en plein Paris pour la s\u00e9rie \u00ab\u00a0The Beauty\u00a0\u00bb"},"content":{"rendered":"<p class=\"paragraph text_align_left\">Ils paraissent d\u2019un coup loin les d\u00e9fil\u00e9s et tapis rouges ! <a href=\"https:\/\/www.leparisien.fr\/laparisienne\/people\/la-top-modele-bella-hadid-est-fiere-d-etre-musulmane-05-04-2017-6826065.php\" target=\"_blank\" rel=\"nofollow noopener\">Bella Hadid<\/a>, la top model star du moment \u00e9volue vers une carri\u00e8re sur petit \u00e9cran. Pour les besoins de ce nouveau r\u00f4le, l\u00e0 voil\u00e0 transform\u00e9e en motarde \u00ab badass \u00bb \u00e9voluant dans un Paris transform\u00e9 en d\u00e9cor de thriller dystopique, comme ici ce lundi sur le pont de Bir-Hakeim, dans le XVe arrondissement.<\/p>\n<p class=\"paragraph text_align_left\">Bella avait une doublure pour les cascades et l\u00e0 \u00ab conduisait \u00bb la moto sans casque sur une plateforme. L\u2019actrice avait une doublure pour les cascades et \u00ab conduisait \u00bb sa moto sans casque sur une plateforme&#8230; pour des plans serr\u00e9s. De nombreux badauds et de touristes se demandaient ce qu\u2019il se passait sur un le pont tr\u00e8s pris\u00e9 pour ses vues sur la Tour Eiffel. Le pont avait \u00e9t\u00e9 coup\u00e9 \u00e0 la circulation. Elle a \u00e9t\u00e9 aper\u00e7ue sur les quais \u00e0 c\u00f4t\u00e9 du pont Alexandre III.<\/p>\n<p class=\"paragraph text_align_left\">Finie la silhouette couture, l\u2019ic\u00f4ne mode se r\u00e9v\u00e8le sous un nouveau look pour une nouvelle vie : cheveux gomin\u00e9s, combinaison de cuir rutilante et \u00ab runs \u00bb \u00e0 moto. Bella Hadid incarne ce nouveau r\u00f4le dans \u00ab The Beauty \u00bb, la nouvelle s\u00e9rie sign\u00e9e Ryan Murphy, le cr\u00e9ateur d\u2019\u00ab American Horror Story \u00bb, pour la cha\u00eene du c\u00e2ble am\u00e9ricain FX.<\/p>\n<p>Bella Hadid sur le pont de Bir-Hakeim pour un tournage de s\u00e9rie<img decoding=\"async\" class=\"image \" loading=\"lazy\" src=\"https:\/\/www.europesays.com\/fr\/wp-content\/uploads\/2025\/04\/25G3X7UXGVATZGXC6X677CUGSE.jpg\" alt=\"LP\/Fred Dugit\" align=\"\" data-rubrique-principale=\"\" data-article-type=\"\" fetchpriority=\"auto\"\/>LP\/Fred Dugit La top-mod\u00e8le chevauche une moto futuriste<img decoding=\"async\" class=\"image \" loading=\"lazy\" src=\"https:\/\/www.europesays.com\/fr\/wp-content\/uploads\/2025\/04\/GAAHVPRCXBCLHJL66DNIKYBSWQ.jpg\" alt=\"LP\/Fred Dugit\" align=\"\" data-rubrique-principale=\"\" data-article-type=\"\" fetchpriority=\"auto\"\/>LP\/Fred Dugit La s\u0153ur de Gigi Hadid est impliqu\u00e9e dans une partie des cascades<img decoding=\"async\" class=\"image \" loading=\"lazy\" src=\"https:\/\/www.europesays.com\/fr\/wp-content\/uploads\/2025\/04\/TSKKUGUDIZBTTNSHYPID2PGH2E.jpg\" alt=\"LP\/Fred Dugit\" align=\"\" data-rubrique-principale=\"\" data-article-type=\"\" fetchpriority=\"auto\"\/>LP\/Fred Dugit Bella Hadid concentr\u00e9e devant les cam\u00e9ras de tournage<img decoding=\"async\" class=\"image \" loading=\"lazy\" src=\"https:\/\/www.europesays.com\/fr\/wp-content\/uploads\/2025\/04\/4VZJQCYPHFHZ3BAFVGS3UGBC44.jpg\" alt=\"LP\/Fred Dugit\" align=\"\" data-rubrique-principale=\"\" data-article-type=\"\" fetchpriority=\"auto\"\/>LP\/Fred Dugit <\/p>\n<p class=\"paragraph text_align_left\">L\u2019actrice en devenir a \u00e9t\u00e9 rep\u00e9r\u00e9e \u00e0 plusieurs reprises ces derni\u00e8res semaines dans la capitale, notamment \u00e0 cause de son look en total cuir rouge qui interpelle et rappelle <a href=\"https:\/\/www.leparisien.fr\/laparisienne\/people\/bella-hadid-la-bombe-rouge-du-festival-de-cannes-20-05-2017-6967503.php\" target=\"_blank\" rel=\"nofollow noopener\">un de ses passages sur le tapis rouge de Cannes<\/a>. La s\u00e9rie est adapt\u00e9e du roman graphique culte de Jeremy Haun et Jason A. Hurley.. L\u2019\u0153uvre imagine un monde o\u00f9 une maladie sexuellement transmissible rend ses h\u00f4tes plus beaux \u00e0 chaque rapport. Une b\u00e9n\u00e9diction qui est en fait un cauchemar, car chaque rapport les rapproche chaque fois un peu plus pr\u00e8s de la mort&#8230;<\/p>\n","protected":false},"excerpt":{"rendered":"Ils paraissent d\u2019un coup loin les d\u00e9fil\u00e9s et tapis rouges ! Bella Hadid, la top model star du&hellip;\n","protected":false},"author":2,"featured_media":26587,"comment_status":"","ping_status":"","sticky":false,"template":"","format":"standard","meta":{"footnotes":""},"categories":[1888],"tags":[1111,1928,11,1927,872,1777,674,1011,27,1944,12,1926,626,1925,25],"class_list":{"0":"post-26586","1":"post","2":"type-post","3":"status-publish","4":"format-standard","5":"has-post-thumbnail","7":"category-paris","8":"tag-actu","9":"tag-actu-paris","10":"tag-actualites","11":"tag-actualites-paris","12":"tag-culture-et-loisirs","13":"tag-eu","14":"tag-europe","15":"tag-fr","16":"tag-france","17":"tag-ma-ville","18":"tag-news","19":"tag-news-paris","20":"tag-paris","21":"tag-paris-news","22":"tag-republique-francaise"},"share_on_mastodon":{"url":"https:\/\/pubeurope.com\/@fr\/114342160158294845","error":""},"_links":{"self":[{"href":"https:\/\/www.europesays.com\/fr\/wp-json\/wp\/v2\/posts\/26586","targetHints":{"allow":["GET"]}}],"collection":[{"href":"https:\/\/www.europesays.com\/fr\/wp-json\/wp\/v2\/posts"}],"about":[{"href":"https:\/\/www.europesays.com\/fr\/wp-json\/wp\/v2\/types\/post"}],"author":[{"embeddable":true,"href":"https:\/\/www.europesays.com\/fr\/wp-json\/wp\/v2\/users\/2"}],"replies":[{"embeddable":true,"href":"https:\/\/www.europesays.com\/fr\/wp-json\/wp\/v2\/comments?post=26586"}],"version-history":[{"count":0,"href":"https:\/\/www.europesays.com\/fr\/wp-json\/wp\/v2\/posts\/26586\/revisions"}],"wp:featuredmedia":[{"embeddable":true,"href":"https:\/\/www.europesays.com\/fr\/wp-json\/wp\/v2\/media\/26587"}],"wp:attachment":[{"href":"https:\/\/www.europesays.com\/fr\/wp-json\/wp\/v2\/media?parent=26586"}],"wp:term":[{"taxonomy":"category","embeddable":true,"href":"https:\/\/www.europesays.com\/fr\/wp-json\/wp\/v2\/categories?post=26586"},{"taxonomy":"post_tag","embeddable":true,"href":"https:\/\/www.europesays.com\/fr\/wp-json\/wp\/v2\/tags?post=26586"}],"curies":[{"name":"wp","href":"https:\/\/api.w.org\/{rel}","templated":true}]}}