{"id":265860,"date":"2025-07-22T15:18:09","date_gmt":"2025-07-22T15:18:09","guid":{"rendered":"https:\/\/www.europesays.com\/fr\/265860\/"},"modified":"2025-07-22T15:18:09","modified_gmt":"2025-07-22T15:18:09","slug":"en-concert-souriez-vous-etes-filmes-et-vous-y-avez-meme-consenti","status":"publish","type":"post","link":"https:\/\/www.europesays.com\/fr\/265860\/","title":{"rendered":"En concert, souriez, vous \u00eates film\u00e9s et vous y avez m\u00eame consenti\u00a0!"},"content":{"rendered":"<p>Un concert qu\u2019ils ne sont pas pr\u00e8s d\u2019oublier\u00a0! Lors d\u2019un concert de <a href=\"https:\/\/www.20minutes.fr\/dossier\/coldplay\" class=\"color-ultramarine c-link\" target=\"_blank\" rel=\"noopener\">Coldplay<\/a> le 16\u00a0juillet 2025 au Gilette Stadium de Boston, Andy Byron, big boss de la start-up Astronomer, a \u00e9t\u00e9 <a href=\"https:\/\/www.20minutes.fr\/arts-stars\/people\/4164167-20250717-pdg-astronomer-fait-griller-maitresse-concert-coldplay-boston\" class=\"color-ultramarine c-link\" target=\"_blank\" rel=\"noopener\">film\u00e9 par la \u00ab\u00a0kiss cam\u00a0\u00bb en train d\u2019enlacer <\/a>Kristin Cabot, la directrice des ressources humaines de l\u2019entreprise. Le hic\u00a0? Andy Byron est mari\u00e9 \u00e0 Megan Kerrigan Byron et p\u00e8re de deux enfants. G\u00ean\u00e9s, les deux tourtereaux ont essay\u00e9 maladroitement de se planquer, mais trop tard, l\u2019\u00e9cran g\u00e9ant les affiche en 4K\u2026<\/p>\n<p>\u00ab\u00a0Soit ils ont une liaison, soit ils sont super timides\u00a0!\u00a0\u00bb, \u00e9pingle <a href=\"https:\/\/www.20minutes.fr\/dossier\/chris_martin\" class=\"color-ultramarine c-link\" target=\"_blank\" rel=\"noopener\">Chris Martin<\/a>, le chanteur de Coldplay. Surnomm\u00e9 \u00ab\u00a0Coldplay-gate\u00a0\u00bb, ce moment croustillant a fait le tour des r\u00e9seaux sociaux, et a eu d\u2019<a href=\"https:\/\/www.20minutes.fr\/monde\/etats-unis\/4164458-20250720-pourquoi-pdg-astronomer-pris-flag-maitresse-concert-coldplay-demissionne\" class=\"color-ultramarine c-link\" target=\"_blank\" rel=\"noopener\">importantes r\u00e9percussions sur la vie <\/a>des deux protagonistes film\u00e9s.<\/p>\n<\/p>\n<p>\u00ab\u00a0Nous allons utiliser nos cam\u00e9ras et afficher certains d\u2019entre vous sur le grand \u00e9cran\u00a0\u00bb, a <a href=\"https:\/\/www.20minutes.fr\/arts-stars\/culture\/4164592-20250721-kiss-cam-depuis-video-virale-concert-coldplay-chris-martin-previent-public-peut-etre-filme\" class=\"color-ultramarine c-link\" target=\"_blank\" rel=\"noopener\">averti Chris Martin<\/a>, avant de lancer son rituel de la Jumbotron Song, un moment d\u2019improvisation o\u00f9 il chante en direct sur les images des spectateurs film\u00e9s par la kiss cam, lors d\u2019un concert \u00e0 Madison dans le Wisconsin samedi. Puis, avec une pointe d\u2019ironie\u00a0: \u00ab\u00a0Donc s\u2019il vous pla\u00eet, si vous ne vous \u00eates pas maquill\u00e9s, faites-le maintenant\u00a0\u00bb.<\/p>\n<p>A-t-on le droit de vous filmer ou de photographier \u00e0 un concert\u00a0? Peut-on r\u00e9utiliser ces images\u00a0? 20 Minutes fait le point avec <a href=\"https:\/\/kibleravocat.com\/avocat-droit-image\" target=\"_blank\" class=\"color-ultramarine c-link\" rel=\"noopener\">Antoine Kibler, avocat sp\u00e9cialis\u00e9 dans le droit \u00e0 l\u2019image et la propri\u00e9t\u00e9 intellectuelle<\/a>.<\/p>\n<p>Un accord implicite<\/p>\n<p>\u00ab\u00a0Si on prend le cadre d\u2019une manifestation sportive ou d\u2019un concert, vous consentez implicitement par votre participation \u00e0 l\u2019\u00e9v\u00e9nement \u00e0 autoriser la diffusion de votre image, dans le cadre, on va dire, de la promotion de l\u2019\u00e9v\u00e9nement ou du concert\u00a0\u00bb, lance d\u2019embl\u00e9e l\u2019expert. Et l\u2019avocat d\u2019expliquer\u00a0: \u00ab\u00a0En termes pratiques, ce serait compliqu\u00e9 d\u2019aller demander l\u2019autorisation de chaque personne sur un concert, ce serait quasiment impossible \u00e0 faire.\u00a0\u00bb<\/p>\n<p>Seule exception \u00e0 cette r\u00e8gle, la captation d\u2019un spectacle. \u00ab\u00a0L\u00e0, souvent, une autorisation est \u00e0 faire signer aux participants ou alors, lors de l\u2019achat du billet, on vous rappelle que vous serez film\u00e9 et que si cela vous pose probl\u00e8me, il faut l\u2019indiquer\u00a0\u00bb, pr\u00e9cise l\u2019expert.<\/p>\n<p>Les potentielles suites juridiques<\/p>\n<p>Globalement, si vous assistez au festival <a href=\"https:\/\/www.20minutes.fr\/dossier\/rock_en_seine\" class=\"color-ultramarine c-link\" target=\"_blank\" rel=\"noopener\">Rock en Seine<\/a>, qu\u2019un journaliste de 20 Minutes vous photographie ou vous filme \u00e0 cette occasion, 20 Minutes aura le droit d\u2019utiliser ces images pour illustrer un article qui parle de ce festival. En revanche, si vous \u00eates photographi\u00e9 \u00e0 Rock en Seine un verre de bi\u00e8re \u00e0 la main, et que 20 Minutes utilise votre photo pour illustrer un article sur l\u2019alcoolisme en France, l\u00e0, vous pouvez tenter des poursuites judiciaires. \u00ab\u00a0Les potentielles suites juridiques, c\u2019est lorsque la diffusion de l\u2019image n\u2019est pas li\u00e9e directement \u00e0 la promotion du concert ou \u00e0 une actualit\u00e9 li\u00e9 \u00e0 ce concert\u00a0\u00bb, pr\u00e9cise l\u2019avocat.<\/p>\n<p>L\u2019atteinte au droit de la vie priv\u00e9e<\/p>\n<p>Dans ce cas, \u00ab\u00a0on est au-del\u00e0 de l\u2019exploitation de l\u2019image, on est sur une atteinte au droit \u00e0 la vie priv\u00e9e, qui est un droit fondamental aussi bien sur le plan national sur l\u2019exposition du Code civil, l\u2019article\u00a09 du Code civil\u00a0\u00bb, d\u00e9taille l\u2019expert. L\u2019article\u00a09 du Code civil dispose que \u00ab\u00a0chacun a droit au respect de sa vie priv\u00e9e\u00a0\u00bb. De m\u00eame, selon la jurisprudence, \u00ab\u00a0toute personne, quel que soient son rang, sa naissance, sa fortune, ses fonctions pr\u00e9sentes ou \u00e0 venir, a droit au respect de sa vie priv\u00e9e\u00a0\u00bb (Cass. Civ. 1\u00e8re, 23 oct. 1990). Ce droit \u00e0 la vie priv\u00e9e est \u00ab\u00a0un droit fondamental avec une protection nationale et internationale\u00a0\u00bb, puisqu\u2019il figure aussi sur la Charte internationale des droits de l&rsquo;homme.<\/p>\n<p>Quand la victime participe \u00e0 son pr\u00e9judice<\/p>\n<p>Dans le cas de cette fameuse kiss cam qui a surpris un couple ill\u00e9gitime en plein concert de Coldplay, ne sommes-nous pas \u00ab\u00a0sur une atteinte directe au droit \u00e0 la vie priv\u00e9e des deux personnes vis\u00e9es\u00a0\u00bb, s\u2019interroge Antoine Kibler\u00a0?<\/p>\n<p>\u00ab\u00a0Le dispositif de la <a href=\"https:\/\/www.20minutes.fr\/societe\/4164284-20250718-kiss-cam-big-brother-innocent-peut-ruiner-vies-claquement-camera\" class=\"color-ultramarine c-link\" target=\"_blank\" rel=\"noopener\">kiss cam<\/a> est probablement voyant et il y a eu certainement d\u2019autres couples film\u00e9s avant eux, estime l\u2019avocat. Il faudrait conna\u00eetre les conditions g\u00e9n\u00e9rales de l\u2019achat du billet\u00a0\u00bb. Mais, d\u00e8s lors qu\u2019\u00ab\u00a0ils arrivent dans un \u00e9v\u00e9nement public, ils consentent, ils ont s\u00fbrement vu l\u2019installation depuis le d\u00e9but de l\u2019\u00e9v\u00e9nement, et pour autant ils prennent le risque\u00a0\u00bb, tranche-t-il.<\/p>\n<p>\u00ab\u00a0Il y a aussi un principe, un peu plus loin du droit \u00e0 l\u2019image, qui est que quand la victime participe \u00e0 son pr\u00e9judice, par son acte, elle participe finalement directement au pr\u00e9judice qu\u2019elle subit, ce qui vient r\u00e9duire la responsabilit\u00e9, si elle \u00e9tait existante, de la personne \u00e0 l\u2019origine de la divulgation. On peut partir du principe que s\u2019ils n\u2019avaient pas voulu se faire prendre, ils auraient pu \u00eatre plus discrets\u00a0\u00bb, r\u00e9pond l\u2019avocat. S\u2019ils avaient \u00e9t\u00e9 pris en flagrant d\u00e9lit d\u2019adult\u00e8re par un paparazzi, l\u2019affaire prendrait une autre tournure.<\/p>\n<p>\u00ab\u00a0Le paparazzi vient volontairement chercher \u00e0 d\u00e9voiler quelque chose. On va consid\u00e9rer que son acte est volontaire et que de son acte volontaire d\u00e9coule un pr\u00e9judice pour la personne\u00a0\u00bb, expose-t-il.<\/p>\n<p>L\u2019arri\u00e8re-plan d\u2019un selfie innocent<\/p>\n<p>Mais que se passerait-il si un particulier fait un <a href=\"https:\/\/www.20minutes.fr\/dossier\/selfie\" class=\"color-ultramarine c-link\" target=\"_blank\" rel=\"noopener\">selfie<\/a> lors d\u2019un concert, que l\u2019on aper\u00e7oit un couple adult\u00e8re en arri\u00e8re-plan, et que ce particulier poste la photo sur les r\u00e9seaux sociaux\u00a0? \u00ab\u00a0Le principe de la responsabilit\u00e9 en droit fran\u00e7ais, c\u2019est que vous devez identifier une faute, un lien de pr\u00e9judice, enfin un lien de causalit\u00e9 et un pr\u00e9judice, vous devez avoir une faute qui soit li\u00e9e forc\u00e9ment au pr\u00e9judice qui en d\u00e9coule. Donc, pour une atteinte \u00e0 la vie priv\u00e9e, il faut quand m\u00eame, \u00e0 mon sens, arriver \u00e0 justifier que vous avez commis une faute dans la r\u00e9alisation de la photo. Il faut prouver qu\u2019il y avait l\u2019intention de d\u00e9voiler quelque chose. Sur la question du selfie pr\u00e9sent\u00e9e, il n\u2019y aurait pas de sujet, consid\u00e8re l\u2019avocat. Surtout, si vous \u00eates le sujet principal de la photo, ce couple serait en fait en contextualisation de l\u2019\u00e9v\u00e9nement.\u00a0\u00bb Bref, en concert ou lors d\u2019une manifestation publique, souriez et soyez discrets si vous ne voulez pas \u00eatre g\u00ean\u00e9s\u00a0!<\/p>\n","protected":false},"excerpt":{"rendered":"Un concert qu\u2019ils ne sont pas pr\u00e8s d\u2019oublier\u00a0! Lors d\u2019un concert de Coldplay le 16\u00a0juillet 2025 au Gilette&hellip;\n","protected":false},"author":2,"featured_media":265861,"comment_status":"","ping_status":"","sticky":false,"template":"","format":"standard","meta":{"footnotes":""},"categories":[1359],"tags":[6439,1697,251,58,6084,59,1011,27,13478,973],"class_list":{"0":"post-265860","1":"post","2":"type-post","3":"status-publish","4":"format-standard","5":"has-post-thumbnail","7":"category-people","8":"tag-coldplay","9":"tag-concert","10":"tag-culture","11":"tag-divertissement","12":"tag-droit","13":"tag-entertainment","14":"tag-fr","15":"tag-france","16":"tag-image","17":"tag-people"},"share_on_mastodon":{"url":"https:\/\/pubeurope.com\/@fr\/114897558087266707","error":""},"_links":{"self":[{"href":"https:\/\/www.europesays.com\/fr\/wp-json\/wp\/v2\/posts\/265860","targetHints":{"allow":["GET"]}}],"collection":[{"href":"https:\/\/www.europesays.com\/fr\/wp-json\/wp\/v2\/posts"}],"about":[{"href":"https:\/\/www.europesays.com\/fr\/wp-json\/wp\/v2\/types\/post"}],"author":[{"embeddable":true,"href":"https:\/\/www.europesays.com\/fr\/wp-json\/wp\/v2\/users\/2"}],"replies":[{"embeddable":true,"href":"https:\/\/www.europesays.com\/fr\/wp-json\/wp\/v2\/comments?post=265860"}],"version-history":[{"count":0,"href":"https:\/\/www.europesays.com\/fr\/wp-json\/wp\/v2\/posts\/265860\/revisions"}],"wp:featuredmedia":[{"embeddable":true,"href":"https:\/\/www.europesays.com\/fr\/wp-json\/wp\/v2\/media\/265861"}],"wp:attachment":[{"href":"https:\/\/www.europesays.com\/fr\/wp-json\/wp\/v2\/media?parent=265860"}],"wp:term":[{"taxonomy":"category","embeddable":true,"href":"https:\/\/www.europesays.com\/fr\/wp-json\/wp\/v2\/categories?post=265860"},{"taxonomy":"post_tag","embeddable":true,"href":"https:\/\/www.europesays.com\/fr\/wp-json\/wp\/v2\/tags?post=265860"}],"curies":[{"name":"wp","href":"https:\/\/api.w.org\/{rel}","templated":true}]}}