{"id":265862,"date":"2025-07-22T15:19:14","date_gmt":"2025-07-22T15:19:14","guid":{"rendered":"https:\/\/www.europesays.com\/fr\/265862\/"},"modified":"2025-07-22T15:19:14","modified_gmt":"2025-07-22T15:19:14","slug":"un-concept-store-dedie-a-lamenagement-interieur-ouvre-a-bergerac","status":"publish","type":"post","link":"https:\/\/www.europesays.com\/fr\/265862\/","title":{"rendered":"Un concept store d\u00e9di\u00e9 \u00e0 l\u2019am\u00e9nagement int\u00e9rieur ouvre \u00e0 Bergerac"},"content":{"rendered":"<p>            Pour toute la maison<\/p>\n<p>Le magasin propose une large gamme d\u2019articles et de solutions pour la maison. On y trouve tout pour la literie, le salon, le bureau, le dressing, le linge de maison, sans oublier des prestations sur-mesure pour r\u00e9pondre aux besoins les plus sp\u00e9cifiques. L\u2019objectif affich\u00e9\u00a0: permettre \u00e0 chaque visiteur de concevoir un espace \u00ab\u00a0unique et harmonieux\u00a0\u00bb.<\/p>\n<p>Le Concept Store by Sophy ne compte pas s\u2019arr\u00eater l\u00e0. Plusieurs projets sont d\u00e9j\u00e0 en cours pour les prochains mois, annon\u00e7ant de nouveaux services et collections pour la client\u00e8le de Bergerac et des environs.<\/p>\n","protected":false},"excerpt":{"rendered":"Pour toute la maison Le magasin propose une large gamme d\u2019articles et de solutions pour la maison. On&hellip;\n","protected":false},"author":2,"featured_media":265863,"comment_status":"","ping_status":"","sticky":false,"template":"","format":"standard","meta":{"footnotes":""},"categories":[1358],"tags":[1348,1384,1385,1386,58,59,1011,27],"class_list":{"0":"post-265862","1":"post","2":"type-post","3":"status-publish","4":"format-standard","5":"has-post-thumbnail","7":"category-arts-et-design","8":"tag-arts","9":"tag-arts-and-design","10":"tag-arts-et-design","11":"tag-design","12":"tag-divertissement","13":"tag-entertainment","14":"tag-fr","15":"tag-france"},"share_on_mastodon":{"url":"https:\/\/pubeurope.com\/@fr\/114897562155576112","error":""},"_links":{"self":[{"href":"https:\/\/www.europesays.com\/fr\/wp-json\/wp\/v2\/posts\/265862","targetHints":{"allow":["GET"]}}],"collection":[{"href":"https:\/\/www.europesays.com\/fr\/wp-json\/wp\/v2\/posts"}],"about":[{"href":"https:\/\/www.europesays.com\/fr\/wp-json\/wp\/v2\/types\/post"}],"author":[{"embeddable":true,"href":"https:\/\/www.europesays.com\/fr\/wp-json\/wp\/v2\/users\/2"}],"replies":[{"embeddable":true,"href":"https:\/\/www.europesays.com\/fr\/wp-json\/wp\/v2\/comments?post=265862"}],"version-history":[{"count":0,"href":"https:\/\/www.europesays.com\/fr\/wp-json\/wp\/v2\/posts\/265862\/revisions"}],"wp:featuredmedia":[{"embeddable":true,"href":"https:\/\/www.europesays.com\/fr\/wp-json\/wp\/v2\/media\/265863"}],"wp:attachment":[{"href":"https:\/\/www.europesays.com\/fr\/wp-json\/wp\/v2\/media?parent=265862"}],"wp:term":[{"taxonomy":"category","embeddable":true,"href":"https:\/\/www.europesays.com\/fr\/wp-json\/wp\/v2\/categories?post=265862"},{"taxonomy":"post_tag","embeddable":true,"href":"https:\/\/www.europesays.com\/fr\/wp-json\/wp\/v2\/tags?post=265862"}],"curies":[{"name":"wp","href":"https:\/\/api.w.org\/{rel}","templated":true}]}}