{"id":265864,"date":"2025-07-22T15:20:09","date_gmt":"2025-07-22T15:20:09","guid":{"rendered":"https:\/\/www.europesays.com\/fr\/265864\/"},"modified":"2025-07-22T15:20:09","modified_gmt":"2025-07-22T15:20:09","slug":"la-petite-librairie-de-brighton-devenue-la-grotte-aux-tresors-de-nick-cave","status":"publish","type":"post","link":"https:\/\/www.europesays.com\/fr\/265864\/","title":{"rendered":"la petite librairie de Brighton devenue la grotte aux tr\u00e9sors de Nick Cave"},"content":{"rendered":"\n<p>De vieilles cartes postales, une carte d\u2019embarquement, des livres aux marges couvertes d\u2019annotations illisibles\u2026 Autant de petits tr\u00e9sors que l\u2019on a une chance de trouver dans une librairie de seconde main et qui peuvent devenir la trouvaille d\u2019une vie s\u2019ils appartenaient \u00e0 notre plus grande idole. C\u2019est ce qui est arriv\u00e9 ce week-end aux fans du chanteur Nick Cave, du groupe Nick Cave and the Bad Seeds, <a class=\"ithalc\" data-ithal=\"lien_externe\" data-ithalc=\"[nav_article]\" target=\"_blank\" href=\"https:\/\/www.thetimes.com\/life-style\/celebrity\/article\/nick-cave-donates-bookshop-hove-qlrnds8z9\" rel=\"noopener\">raconte <strong>The Times<\/strong><\/a><strong>.<\/strong><\/p>\n<p>D\u00e8s ce vendredi 18\u00a0juillet, les adeptes du musicien australien ont envahi une librairie de l\u2019association caritative Oxfam, dans le quartier de Hove, \u00e0 Brighton, dans l\u2019espoir d\u2019acqu\u00e9rir les livres de l\u2019artiste, qui a fait don au bouquiniste de 2\u00a0000 ouvrages provenant directement de sa biblioth\u00e8que personnelle.<\/p>\n<p>Ceux qui passaient dans les rues alentour ont ainsi pu apercevoir une longue queue et, \u00e0 l\u2019int\u00e9rieur de la boutique, une petite foule occup\u00e9e \u00e0 feuilleter les pages de ses livres. De temps en temps, quelques chanceux tombaient sur des bribes de souvenirs de sa vie \u201cfaite de voyages \u00e0 travers le monde et de concerts\u201d, poursuit le quotidien\u00a0: une carte des \u00c9tats-Unis indiquant les dates d\u2019une tourn\u00e9e de 2007, un paquet de cigarettes Camel vide, mais aussi une enveloppe avec l\u2019inscription \u201cdents de Luke\u201d, qui a jadis contenu les dents du fils de l\u2019artiste.<\/p>\n","protected":false},"excerpt":{"rendered":"De vieilles cartes postales, une carte d\u2019embarquement, des livres aux marges couvertes d\u2019annotations illisibles\u2026 Autant de petits tr\u00e9sors&hellip;\n","protected":false},"author":2,"featured_media":265865,"comment_status":"","ping_status":"","sticky":false,"template":"","format":"standard","meta":{"footnotes":""},"categories":[1357],"tags":[1379,251,58,59,674,1011,27,2624,1380,873,7040,473],"class_list":{"0":"post-265864","1":"post","2":"type-post","3":"status-publish","4":"format-standard","5":"has-post-thumbnail","7":"category-livres","8":"tag-books","9":"tag-culture","10":"tag-divertissement","11":"tag-entertainment","12":"tag-europe","13":"tag-fr","14":"tag-france","15":"tag-littu00e9rature","16":"tag-livres","17":"tag-musique","18":"tag-rock","19":"tag-royaume-uni"},"share_on_mastodon":{"url":"https:\/\/pubeurope.com\/@fr\/114897566128733319","error":""},"_links":{"self":[{"href":"https:\/\/www.europesays.com\/fr\/wp-json\/wp\/v2\/posts\/265864","targetHints":{"allow":["GET"]}}],"collection":[{"href":"https:\/\/www.europesays.com\/fr\/wp-json\/wp\/v2\/posts"}],"about":[{"href":"https:\/\/www.europesays.com\/fr\/wp-json\/wp\/v2\/types\/post"}],"author":[{"embeddable":true,"href":"https:\/\/www.europesays.com\/fr\/wp-json\/wp\/v2\/users\/2"}],"replies":[{"embeddable":true,"href":"https:\/\/www.europesays.com\/fr\/wp-json\/wp\/v2\/comments?post=265864"}],"version-history":[{"count":0,"href":"https:\/\/www.europesays.com\/fr\/wp-json\/wp\/v2\/posts\/265864\/revisions"}],"wp:featuredmedia":[{"embeddable":true,"href":"https:\/\/www.europesays.com\/fr\/wp-json\/wp\/v2\/media\/265865"}],"wp:attachment":[{"href":"https:\/\/www.europesays.com\/fr\/wp-json\/wp\/v2\/media?parent=265864"}],"wp:term":[{"taxonomy":"category","embeddable":true,"href":"https:\/\/www.europesays.com\/fr\/wp-json\/wp\/v2\/categories?post=265864"},{"taxonomy":"post_tag","embeddable":true,"href":"https:\/\/www.europesays.com\/fr\/wp-json\/wp\/v2\/tags?post=265864"}],"curies":[{"name":"wp","href":"https:\/\/api.w.org\/{rel}","templated":true}]}}