{"id":265866,"date":"2025-07-22T15:21:11","date_gmt":"2025-07-22T15:21:11","guid":{"rendered":"https:\/\/www.europesays.com\/fr\/265866\/"},"modified":"2025-07-22T15:21:11","modified_gmt":"2025-07-22T15:21:11","slug":"je-savais-que-jallais-regretter-ma-decision-de-partir-confie-mayer","status":"publish","type":"post","link":"https:\/\/www.europesays.com\/fr\/265866\/","title":{"rendered":"\u00ab\u00a0Je savais que j\u2019allais regretter ma d\u00e9cision de partir\u00a0\u00bb, confie Mayer"},"content":{"rendered":"<p>La nuit <a href=\"https:\/\/www.20minutes.fr\/arts-stars\/television\/4164439-20250719-secret-story-coup-theatre-mayer-plie-bagage-maison-secrets\" class=\"color-ultramarine c-link\" target=\"_blank\" rel=\"noopener\">apr\u00e8s avoir quitt\u00e9<\/a> de son plein gr\u00e9 \u00ab\u00a0<a href=\"https:\/\/www.20minutes.fr\/dossier\/secret_story\" class=\"color-ultramarine c-link\" target=\"_blank\" rel=\"noopener\">Secret Story<\/a>\u00a0\u00bb samedi, Mayer n\u2019a dormi qu\u2019une heure. Les nuits suivantes, confie-t-il, n\u2019ont \u00e9t\u00e9 gu\u00e8re plus charg\u00e9es en sommeil. Le Parisien de 24 ans, dont le secret \u00e9tait \u00ab\u00a0Je fais partie des 1\u00a0% de la population avec un <a href=\"https:\/\/www.20minutes.fr\/societe\/2288983-20180613-effet-flynn-qi-generations-nees-apres-1975-baisse-environnement-culturel-cause\" class=\"color-ultramarine c-link\" target=\"_blank\" rel=\"noopener\">QI<\/a> sup\u00e9rieur \u00e0 134\u00a0\u00bb, a pass\u00e9 le week-end dans sa bulle avec sa famille et ses amis. \u00ab\u00a0Le premier soir, j\u2019ai aussi pris mon t\u00e9l\u00e9phone et j\u2019ai regard\u00e9 un peu tout ce qui se disait sur l\u2019\u00e9mission, c\u2019\u00e9tait un peu hallucinant\u00a0\u00bb, raconte-t-il \u00e0 20 Minutes qui l\u2019a eu au bout du fil ce mardi.<\/p>\n<p>Comment vous sentez-vous aujourd\u2019hui\u00a0?<\/p>\n<p>Tu peux me tutoyer. Je passe par plein d\u2019\u00e9motions mais, globalement, je me sens tr\u00e8s bien. Je suis surtout tr\u00e8s heureux surtout de voir le soutien du public, \u00e7a me porte.<\/p>\n<p>Dans les derni\u00e8res quotidiennes, on te voyait r\u00e9guli\u00e8rement \u00e9prouv\u00e9. Tu ressentais une forme de tristesse, de m\u00e9lancolie\u00a0?<\/p>\n<p>Oui, cela faisait deux semaines que je ne me sentais pas bien. La s\u00e9paration des deux maisons a amplifi\u00e9 ce sentiment. Quand j\u2019essayais de m\u2019isoler, on me le reprochait, donc j\u2019\u00e9tais coinc\u00e9 dans cet \u00e9tat.<\/p>\n<p>Qu\u2019est-ce qui a motiv\u00e9 ton d\u00e9part de l\u2019\u00e9mission samedi\u00a0?<\/p>\n<p>Il n\u2019y a pas eu d\u2019\u00e9l\u00e9ment d\u00e9clencheur. Mon secret, dans le jeu, \u00e9tait une force, mais aussi une faiblesse, parce que je passais par pas mal d\u2019\u00e9motions, cela impliquait beaucoup de r\u00e9flexions et de pens\u00e9es parasites. C\u2019\u00e9tait une bataille avec moi-m\u00eame, je m\u2019isolais r\u00e9guli\u00e8rement et \u00e7a se sentait dans une maison o\u00f9 il n\u2019y avait qu\u2019une dizaine d\u2019habitants. Je culpabilisais beaucoup de m\u2019isoler. Plusieurs fois, j\u2019ai voulu partir, mais j\u2019essayais de me convaincre de rester. Et puis, \u00e0 un moment donn\u00e9, \u00e7a ne pouvait plus durer comme \u00e7a.<\/p>\n<p>Des pens\u00e9es parasites. C\u2019est-\u00e0-dire\u00a0?<\/p>\n<p>Je pensais aux alliances, au jeu\u2026 On \u00e9tait sur les trois derni\u00e8res semaines, l\u2019\u00e9tau se resserrait, j\u2019avais peur de devoir trahir ou de me faire trahir par Ethan ou Romy. Je ne l\u2019aurais pas support\u00e9, m\u00eame si je savais qu\u2019on \u00e9tait dans un jeu. Cela m\u2019aurait bless\u00e9 de jouer comme \u00e7a, parce que ce n\u2019est pas moi, je ne suis pas comme \u00e7a. Apr\u00e8s, c\u2019est un tout, c\u2019est l\u2019enfermement, c\u2019est le contexte, c\u2019est le fait d\u2019\u00eatre cern\u00e9 de cam\u00e9ras. Je ne dis pas que c\u2019est une bonne ou une mauvaise chose, c\u2019est juste que c\u2019est quelque chose que je ne connaissais pas avant et je n\u2019\u00e9tais pas forc\u00e9ment \u00e0 l\u2019aise tout le temps.<\/p>\n<\/p>\n<p>Dans la quotidienne de lundi, retra\u00e7ant les trois jours pr\u00e9c\u00e9dents, A\u00efmed et Constance ont multipli\u00e9 les reproches quant \u00e0 ta relation avec Romy, en te faisant un proc\u00e8s d\u2019intention. Cela a jou\u00e9 dans ta d\u00e9cision\u00a0?<\/p>\n<p>Je ne sais pas si cela a jou\u00e9. Je ne leur en veux pas. Les histoires de \u00ab\u00a0Romayer\u00a0\u00bb, c\u2019est entre Romy et Mayer, \u00e7a ne regarde personne d\u2019autre. Moi, je n\u2019allais pas les d\u00e9ranger avec \u00e7a donc je n\u2019ai pas compris pourquoi ils venaient mettre \u00e7a sur le tapis devant tout le monde.<\/p>\n<p>Romy \u00e9prouverait des sentiments pour toi, qui ne seraient pas r\u00e9ciproques. Cette dynamique te mettait mal \u00e0 l\u2019aise\u00a0?<\/p>\n<p>C\u2019\u00e9tait tr\u00e8s compliqu\u00e9. Je suis tr\u00e8s pudique au sujet des sentiments. Elle aussi, d\u2019ailleurs. Je pense que j\u2019ai \u00e9t\u00e9 clair avec elle. Ce qui est s\u00fbr, c\u2019est que personne n\u2019a \u00e0 parler \u00e0 ma place ou \u00e0 la sienne.<\/p>\n<p>Quand tu as fait part \u00e0 la production de ton souhait de quitter l\u2019\u00e9mission, ta demande a \u00e9t\u00e9 accept\u00e9e d\u2019embl\u00e9e ou y a-t-il eu des discussions pour te convaincre de rester\u00a0?<\/p>\n<p>Ce n\u2019\u00e9tait pas la premi\u00e8re fois que j\u2019avais song\u00e9 \u00e0 partir. J\u2019avais pris ma d\u00e9cision, j\u2019avais longuement r\u00e9fl\u00e9chi, j\u2019\u00e9tais calme. La prod a parfaitement compris que c\u2019\u00e9tait le moment pour moi de partir et elle a accept\u00e9.<\/p>\n<p>Tu regrettes ta d\u00e9cision\u00a0?<\/p>\n<p>Je savais que j\u2019allais la regretter. On m\u2019avait pr\u00e9venu. D\u00e9j\u00e0, parce que je ne suis pas quelqu\u2019un qui abandonne dans la vie &#8211; m\u00eame si je ne consid\u00e8re pas mon d\u00e9part comme un abandon. Le soutien du public, je ne le voyais pas dans la maison, je ne savais pas que \u00e7a avait pris toute cette ampleur. Donc quand je vois qu\u2019autant de gens ont vot\u00e9 pour moi, \u00e7a me fait de la peine.<\/p>\n<p>En regardant les r\u00e9actions sur les r\u00e9seaux sociaux, il y a des choses qui t\u2019ont surpris, amus\u00e9, choqu\u00e9\u00a0?<\/p>\n<p>J\u2019ai \u00e9t\u00e9 agr\u00e9ablement surpris, il y a \u00e9norm\u00e9ment d\u2019edits [de montages de courts extraits vid\u00e9os] sur <a href=\"https:\/\/www.20minutes.fr\/high-tech\/tiktok\/\" class=\"color-ultramarine c-link\" target=\"_blank\" rel=\"noopener\">TikTok<\/a> (rires), mes potes m\u2019en envoient des centaines, ma famille aussi. Il y a m\u00eame des histoires sur Wattpad [un site qui publie des fanfictions]\u2026 Letterboxd [un r\u00e9seau social cin\u00e9phile] s\u2019est abonn\u00e9 \u00e0 moi et m\u2019a soutenu sur X, j\u2019\u00e9tais ravi.<\/p>\n<p class=\"mb-xxl@xs color-ultramarine font-weight-semi-bold@xs font-source-serif-pro heading-s@xs\">L\u2019acc\u00e8s \u00e0 ce contenu a \u00e9t\u00e9 bloqu\u00e9 afin de respecter votre choix de consentement<\/p>\n<p class=\"mb-m@xs text-l@xs\">En cliquant sur\u00ab J\u2019accepte \u00bb, vous acceptez le d\u00e9p\u00f4t de cookies par des services externes et aurez ainsi acc\u00e8s aux contenus de nos partenaires.<\/p>\n<p class=\"mb-xl@xs text-s@xs\">Plus d\u2019informations sur la page<a href=\"https:\/\/www.20minutes.fr\/gestion-cookies\" class=\"mx-xxs@xs color-ultramarine\" target=\"_blank\" rel=\"noopener\">Politique de gestion des cookies<\/a><\/p>\n<p>J\u2019accepteCe week-end, tu as d\u2019ailleurs not\u00e9 le dernier \u00ab\u00a0Lilo et Stitch\u00a0\u00bb dessus\u2026<\/p>\n<p>Non, alors \u00e7a, c\u2019est faux, je l\u2019ai fait avant d\u2019entrer dans l\u2019\u00e9mission.<\/p>\n<p>Quels sont tes projets pour la suite\u00a0?<\/p>\n<p>Je suis \u00e0 la fin de mes \u00e9tudes en sciences politiques, j\u2019ai termin\u00e9 mon master. A c\u00f4t\u00e9 de \u00e7a, je vais continuer ma carri\u00e8re de com\u00e9dien. Je ne referai pas de t\u00e9l\u00e9, je savais, avant de participer \u00e0 \u00ab\u00a0Secret Story\u00a0\u00bb que ce serait ma seule exp\u00e9rience l\u00e0-dedans.<\/p>\n<p>Pour la victoire, tu mises sur qui\u00a0?<\/p>\n<p>Sur Romy et Ethan.<\/p>\n<p><a href=\"https:\/\/www.20minutes.fr\/dossier\/secret_story\" class=\"c-link c-btn c-btn--primary\" target=\"_blank\" rel=\"noopener\">Nos articles sur Secret Story<\/a>Et s\u2019il ne fallait citer qu\u2019un nom\u00a0?<\/p>\n<p>C\u2019est impossible, je laisse le public choisir.<\/p>\n","protected":false},"excerpt":{"rendered":"La nuit apr\u00e8s avoir quitt\u00e9 de son plein gr\u00e9 \u00ab\u00a0Secret Story\u00a0\u00bb samedi, Mayer n\u2019a dormi qu\u2019une heure. Les&hellip;\n","protected":false},"author":2,"featured_media":265867,"comment_status":"","ping_status":"","sticky":false,"template":"","format":"standard","meta":{"footnotes":""},"categories":[1356],"tags":[58,59,1011,27,973,29901,2587,252,30052,1364],"class_list":{"0":"post-265866","1":"post","2":"type-post","3":"status-publish","4":"format-standard","5":"has-post-thumbnail","7":"category-television","8":"tag-divertissement","9":"tag-entertainment","10":"tag-fr","11":"tag-france","12":"tag-people","13":"tag-secret-story","14":"tag-telerealite","15":"tag-television","16":"tag-tfx","17":"tag-tv"},"share_on_mastodon":{"url":"https:\/\/pubeurope.com\/@fr\/114897569974385044","error":""},"_links":{"self":[{"href":"https:\/\/www.europesays.com\/fr\/wp-json\/wp\/v2\/posts\/265866","targetHints":{"allow":["GET"]}}],"collection":[{"href":"https:\/\/www.europesays.com\/fr\/wp-json\/wp\/v2\/posts"}],"about":[{"href":"https:\/\/www.europesays.com\/fr\/wp-json\/wp\/v2\/types\/post"}],"author":[{"embeddable":true,"href":"https:\/\/www.europesays.com\/fr\/wp-json\/wp\/v2\/users\/2"}],"replies":[{"embeddable":true,"href":"https:\/\/www.europesays.com\/fr\/wp-json\/wp\/v2\/comments?post=265866"}],"version-history":[{"count":0,"href":"https:\/\/www.europesays.com\/fr\/wp-json\/wp\/v2\/posts\/265866\/revisions"}],"wp:featuredmedia":[{"embeddable":true,"href":"https:\/\/www.europesays.com\/fr\/wp-json\/wp\/v2\/media\/265867"}],"wp:attachment":[{"href":"https:\/\/www.europesays.com\/fr\/wp-json\/wp\/v2\/media?parent=265866"}],"wp:term":[{"taxonomy":"category","embeddable":true,"href":"https:\/\/www.europesays.com\/fr\/wp-json\/wp\/v2\/categories?post=265866"},{"taxonomy":"post_tag","embeddable":true,"href":"https:\/\/www.europesays.com\/fr\/wp-json\/wp\/v2\/tags?post=265866"}],"curies":[{"name":"wp","href":"https:\/\/api.w.org\/{rel}","templated":true}]}}